{"id":31582,"date":"2025-09-11T05:30:07","date_gmt":"2025-09-11T05:30:07","guid":{"rendered":"https:\/\/www.europesays.com\/fi\/31582\/"},"modified":"2025-09-11T05:30:07","modified_gmt":"2025-09-11T05:30:07","slug":"lindalla-ja-karilla-intiimi-hetki-makuuhuoneessa","status":"publish","type":"post","link":"https:\/\/www.europesays.com\/fi\/31582\/","title":{"rendered":"Lindalla ja Karilla intiimi hetki makuuhuoneessa"},"content":{"rendered":"<p>\n            Salatut el\u00e4m\u00e4t Linda ja Kari, Monika Lindeman ja Tommi Taurula<br \/>\n            MTV\n        <\/p>\n<p class=\"subtitle \">Pihlajakadulla on useampikin hahmo eroottisissa tunnelmissa. Varo juonipaljastuksia!<\/p>\n<p class=\"article-content article-content-width !bg-background\">Gunnar saa Kallelta terveen paperit, jotta t\u00e4m\u00e4 ei en\u00e4\u00e4 joudu psykiatriseen hoitoon. Kari ja Salla toppuuttelevat Gunnaria, joka haluaisi ilmoittaa Aarosta poliisille, sill\u00e4 he joutuisivat itsekin pulaan esiinnytty\u00e4\u00e4n ambulanssihoitajina. Salla on lis\u00e4ksi varma, ett\u00e4 poliisi-Linda on is\u00e4ns\u00e4 puolella.<\/p>\n<p class=\"font-weight-bold m-font-weight-bold article-content article-content-width !bg-background\">Videohaastattelussa &#8221;Ismo Laitela&#8221; eli Esko Kovero:<\/p>\n<p class=\"article-content article-content-width !bg-background\">Linda l\u00f6yt\u00e4\u00e4 is\u00e4ns\u00e4 nimen murhatun terapeutin Mika Luukon potilasluettelosta. Linda piilottaa sen Tatulta. Linda tivaa is\u00e4lt\u00e4\u00e4n asiasta, ja Aaro vakuuttaa syytt\u00f6myytt\u00e4\u00e4n. Linda p\u00e4\u00e4tt\u00e4\u00e4 luottaa Aaroon.<\/p>\n<p class=\"article-content article-content-width !bg-background\">Jiri n\u00e4kee seksiunta Evasta, kun Anniina tule kotiin ja kuulee Jirin sanovan Evan nimen unissaan. Jiri valehtelee Anniinalle, ett\u00e4 n\u00e4ki unta Evasta ainoastaan sen takia, ett\u00e4 on huolissaan yhteishuoltajuustapauksesta. Jiri tunnustaa Joonatanille pett\u00e4neens\u00e4 Anniinaa.<\/p>\n<p class=\"article-content article-content-width !bg-background\">Tatu menee Kallen vastaanotolle. Kumpikin luulee toisen olevan hetero. Kalle tutkii Tatun paljasta yl\u00e4vartaloa stetoskoopilla, ja Tatusta se tuntuu v\u00e4h\u00e4n liiankin hyv\u00e4lt\u00e4. My\u00f6hemmin he kohtaavat kuntosalin saunassa, josta Kalle pakenee kuumien ajatusten saattelemana.<\/p>\n<p>        <a itemprop=\"url\" href=\"https:\/\/www.seiska.fi\/katso\/tallainen-on-uusi-salatut-elamat-nayttelija\/1920926\" rel=\"nofollow noopener\" target=\"_blank\"><\/p>\n<p>\nSalatut el\u00e4m\u00e4t\n<\/p>\n<p class=\"section-date\">\n        <strong class=\"article-section\" data-section=\"katso\"><br \/>\n            katso<br \/>\n        <\/strong><br \/>\n        6.9. 08:15\n    <\/p>\n<p>    T\u00e4llainen on uusi Salatut el\u00e4m\u00e4t -n\u00e4yttelij\u00e4<\/p>\n<p itemprop=\"description\" class=\"subtitle \">\n    Marko Nurmi sai roolin p\u00e4ivitt\u00e4issarjassa, kun Salkkarit-t\u00e4hti otti h\u00e4neen yhteytt\u00e4.\n<\/p>\n<p>        <\/a><\/p>\n<p>                <img decoding=\"async\" src=\"https:\/\/www.europesays.com\/fi\/wp-content\/uploads\/2025\/09\/1925334.webp\" width=\"576\" height=\"274\" alt=\"Salatut el\u00e4m\u00e4t Tatu (Marko Nurmi)\" loading=\"lazy\" \/>            <\/p>\n<p>\n            Salatut el\u00e4m\u00e4t Tatu (Marko Nurmi)<br \/>\n            MTV\n        <\/p>\n<p>Rakkautta ilmassa<\/p>\n<p class=\"article-content article-content-width !bg-background\">Kerttu ja Henrik suutelevat, ja tilanne johtaa seksiin. T\u00e4m\u00e4n j\u00e4lkeen Kerttu on aivan rakastunut. Aamulla Kerttu l\u00f6yt\u00e4\u00e4 kuitenkin Henrikin jemmaaman huumepussukan. T\u00e4st\u00e4 syntyy riita, ja Henrik l\u00e4htee loukkaantuneena.<\/p>\n<p class=\"article-content article-content-width !bg-background\">Kostean saunaillan j\u00e4lkihuuruissa Linda hipsii Akin huoneeseen yll\u00e4tt\u00e4\u00e4kseen t\u00e4m\u00e4n aamuseksill\u00e4, mutta Aki on l\u00e4htenyt jo t\u00f6ihin, ja s\u00e4ngyss\u00e4 onkin Kari. Intiimi kohtaaminen yll\u00e4tt\u00e4\u00e4 molemmat.<\/p>\n<p class=\"italic m-italic article-content article-content-width !bg-background\">Salatut el\u00e4m\u00e4t MTV3:lla MA\u2013TO. Seuraavan viikon jaksot katsottavissa perjantaisin MTV Katsomossa.<\/p>\n<p>        <a itemprop=\"url\" href=\"https:\/\/www.seiska.fi\/katso\/salatut-elamat-juonipaljastukset-noel-hairahtaa-vieraaseen-sankyyn\/1912089\" rel=\"nofollow noopener\" target=\"_blank\"><\/p>\n<p>\nSalatut el\u00e4m\u00e4t -juonipaljastukset\n<\/p>\n<p class=\"section-date\">\n        <strong class=\"article-section\" data-section=\"katso\"><br \/>\n            katso<br \/>\n        <\/strong><br \/>\n        4.9. 06:15\n    <\/p>\n<p>    Salatut el\u00e4m\u00e4t -juonipaljastukset: Noel hairahtaa vieraaseen s\u00e4nkyyn<\/p>\n<p itemprop=\"description\" class=\"subtitle \">\n    Salatut el\u00e4m\u00e4t -sarjassa ensi viikolla Noel on j\u00e4\u00e4d\u00e4 rys\u00e4n p\u00e4\u00e4lt\u00e4 kiinni ja Aaro saa kylm\u00e4\u00e4 kyyti\u00e4.\n<\/p>\n<p>        <\/a><\/p>\n<p>        <a itemprop=\"url\" href=\"https:\/\/www.seiska.fi\/katso\/viivi-pumpanen-palasi-salkkareihin-katsojat-villiintyivat\/1914311\" rel=\"nofollow noopener\" target=\"_blank\"><\/p>\n<p>\nViivi Pumpanen\n<\/p>\n<p class=\"section-date\">\n        <strong class=\"article-section\" data-section=\"katso\"><br \/>\n            katso<br \/>\n        <\/strong><br \/>\n        29.8. 15:15\n    <\/p>\n<p>    Viivi Pumpanen palasi Salkkareihin \u2013 katsojat villiintyiv\u00e4t<\/p>\n<p itemprop=\"description\" class=\"subtitle \">\n    Viivi Pumpanen on tehnyt paluun Pihlajakadulle.\n<\/p>\n<p>        <\/a><\/p>\n","protected":false},"excerpt":{"rendered":"Salatut el\u00e4m\u00e4t Linda ja Kari, Monika Lindeman ja Tommi Taurula MTV Pihlajakadulla on useampikin hahmo eroottisissa tunnelmissa. Varo&hellip;\n","protected":false},"author":2,"featured_media":31583,"comment_status":"","ping_status":"","sticky":false,"template":"","format":"standard","meta":{"footnotes":""},"categories":[133],"tags":[137,33,31,30,9324,2376,209,7145,9323,9322,4463,7144,32,206,156,109],"class_list":{"0":"post-31582","1":"post","2":"type-post","3":"status-publish","4":"format-standard","5":"has-post-thumbnail","7":"category-televisiot","8":"tag-entertainment","9":"tag-fi","10":"tag-finland","11":"tag-finnish","12":"tag-kari-taalasmaa","13":"tag-mtv","14":"tag-salatut-elamat","15":"tag-salatut-elamat-juonipaljastukset","16":"tag-salatut-elamat-kari","17":"tag-salatut-elamat-linda","18":"tag-salkkarit","19":"tag-salkkarit-juonipaljastukset","20":"tag-suomi","21":"tag-televisiot","22":"tag-tv","23":"tag-viihde"},"share_on_mastodon":{"url":"","error":""},"_links":{"self":[{"href":"https:\/\/www.europesays.com\/fi\/wp-json\/wp\/v2\/posts\/31582","targetHints":{"allow":["GET"]}}],"collection":[{"href":"https:\/\/www.europesays.com\/fi\/wp-json\/wp\/v2\/posts"}],"about":[{"href":"https:\/\/www.europesays.com\/fi\/wp-json\/wp\/v2\/types\/post"}],"author":[{"embeddable":true,"href":"https:\/\/www.europesays.com\/fi\/wp-json\/wp\/v2\/users\/2"}],"replies":[{"embeddable":true,"href":"https:\/\/www.europesays.com\/fi\/wp-json\/wp\/v2\/comments?post=31582"}],"version-history":[{"count":0,"href":"https:\/\/www.europesays.com\/fi\/wp-json\/wp\/v2\/posts\/31582\/revisions"}],"wp:featuredmedia":[{"embeddable":true,"href":"https:\/\/www.europesays.com\/fi\/wp-json\/wp\/v2\/media\/31583"}],"wp:attachment":[{"href":"https:\/\/www.europesays.com\/fi\/wp-json\/wp\/v2\/media?parent=31582"}],"wp:term":[{"taxonomy":"category","embeddable":true,"href":"https:\/\/www.europesays.com\/fi\/wp-json\/wp\/v2\/categories?post=31582"},{"taxonomy":"post_tag","embeddable":true,"href":"https:\/\/www.europesays.com\/fi\/wp-json\/wp\/v2\/tags?post=31582"}],"curies":[{"name":"wp","href":"https:\/\/api.w.org\/{rel}","templated":true}]}}