{"id":315826,"date":"2026-08-03T03:54:14","date_gmt":"2026-08-03T03:54:14","guid":{"rendered":"https:\/\/www.europesays.com\/fi\/315826\/"},"modified":"2026-08-03T03:54:14","modified_gmt":"2026-08-03T03:54:14","slug":"aalto-suunnitteli-100-vuotta-sitten-jyvaskylan-ensimmaisen-suuren-asuinkerrostalon-tappereilla-samaa-huoneistoa-asuu-jo-neljas-sukupolvi-teemat","status":"publish","type":"post","link":"https:\/\/www.europesays.com\/fi\/315826\/","title":{"rendered":"Aalto suunnitteli 100 vuotta sitten Jyv\u00e4skyl\u00e4n ensimm\u00e4isen suuren asuinkerrostalon \u2013 Tappereilla samaa huoneistoa asuu jo nelj\u00e4s sukupolvi | Teemat"},"content":{"rendered":"<p>Sata vuotta t\u00e4n\u00e4 vuonna t\u00e4ytt\u00e4v\u00e4 Aira-talo Tapionkadulla oli Jyv\u00e4skyl\u00e4n ensimm\u00e4inen suuri asuinkerrostalo. Sen rakennuttivat Valtion rautateiden ty\u00f6ntekij\u00e4t helpottamaan asuntopulaansa.<\/p>\n<p>Kaikki ty\u00f6ntekij\u00e4t asuivat identtisiss\u00e4 kaksioissa ammattiasemasta riippumatta. Aira-nimi tulee Asunto-osakeyhti\u00f6 Airasta, jonka rautatiel\u00e4iset perustivat rakennuttajaksi.<\/p>\n<p>18 asuntoa k\u00e4sitt\u00e4v\u00e4 talo oli nuoren <strong>Alvar Aallon<\/strong> ensimm\u00e4inen asuinkerrostalo. Sen katsotaan edustavan Aallon varhaistuotannon pohjoismaista klassismia, johon arkkitehti oli hakenut inspiraatiota Italiasta yhdess\u00e4 vaimonsa, arkkitehti <strong>Aino Marsion<\/strong> kanssa.<\/p>\n<p>Tyypillist\u00e4 Aira-talolle on sen kolmijakoisuus: kolme kerrosta, kolme sis\u00e4\u00e4nk\u00e4ynti\u00e4.<\/p>\n<p>\t\t<a class=\"diks-gallery__link\" href=\"https:\/\/i.media.fi\/incoming\/cl3eja\/11580939.jpg\/alternates\/FREE_1440\/11580939.jpg\" data-thumbnail=\"\" data-sub-html=\"Sis\u00e4piha on airalaisten kokoontumispaikka, jossa vietet\u00e4\u00e4n juhlia ja kasvatetaan hy\u00f6tykasveja. Iris Joensuu\" aria-label=\"Katso isompi kuva\" rel=\"nofollow noopener\" target=\"_blank\"><br \/>\n\t\t\t\t<img class=\"diks-figure__image\" src=\"https:\/\/www.europesays.com\/fi\/wp-content\/uploads\/2026\/08\/11580939.jpg\" loading=\"lazy\" decoding=\"sync\" alt=\"\"\/><\/p>\n<p>\t\t\t<\/a><br \/>\n\t\t\t\t\tSis\u00e4piha on airalaisten kokoontumispaikka, jossa vietet\u00e4\u00e4n juhlia ja kasvatetaan hy\u00f6tykasveja. Iris Joensuu<\/p>\n<p>\t\t<a class=\"diks-gallery__link\" href=\"https:\/\/i.media.fi\/incoming\/iju6w9\/11580936.jpg\/alternates\/FREE_1440\/11580936.jpg\" data-thumbnail=\"\" data-sub-html=\"Oona Tapper, Valtteri Nieminen ja heid\u00e4n seitsenkuinen tytt\u00e4rens\u00e4 satavuotiaan Aira-talon porrask\u00e4yt\u00e4v\u00e4ss\u00e4. K\u00e4yt\u00e4v\u00e4n v\u00e4rimaailman taloyhti\u00f6 palautti alkuper\u00e4isen mukaiseksi. Iris Joensuu\" aria-label=\"Katso isompi kuva\" rel=\"nofollow noopener\" target=\"_blank\"><br \/>\n\t\t\t\t<img class=\"diks-figure__image\" src=\"https:\/\/www.europesays.com\/fi\/wp-content\/uploads\/2026\/08\/11580936.jpg\" loading=\"lazy\" decoding=\"sync\" alt=\"\"\/><\/p>\n<p>\t\t\t<\/a><br \/>\n\t\t\t\t\tOona Tapper, Valtteri Nieminen ja heid\u00e4n seitsenkuinen tytt\u00e4rens\u00e4 satavuotiaan Aira-talon porrask\u00e4yt\u00e4v\u00e4ss\u00e4. K\u00e4yt\u00e4v\u00e4n v\u00e4rimaailman taloyhti\u00f6 palautti alkuper\u00e4isen mukaiseksi. Iris Joensuu<\/p>\n<p><strong class=\"diks-storyline__impact\">Rautatiel\u00e4isten ja<\/strong> heid\u00e4n perheidens\u00e4 lis\u00e4ksi talo on tarjonnut my\u00f6hemmin kodin muillekin.<\/p>\n<p>30 vuoden takaisessa historiikissa kirjailija <strong>Harri Tapper <\/strong>kuvailee talonsa henke\u00e4 n\u00e4in:<\/p>\n<p>\u201dKaikki kolmella jaolliset asiat kertovat hyv\u00e4st\u00e4 ymm\u00e4rryksest\u00e4 ja syv\u00e4st\u00e4 arkkitehtuurista. &#8212; Asuintaloihin soveltuu kolmijakoisuus. Se on seurustelullista, wienervalssia tai hidasta valssia, kuinka vain haluat, mutta parempi puku p\u00e4\u00e4ll\u00e4.\u201d<\/p>\n<p>T\u00e4n\u00e4 p\u00e4iv\u00e4n\u00e4 Harri ja <strong>Elina Tapperin<\/strong> huoneistossa asuu heid\u00e4n lapsenlapsensa <strong>Oona Tapper<\/strong> puolisonsa <strong>Valtteri Niemisen<\/strong> ja heid\u00e4n seitsenkuisen tytt\u00e4rens\u00e4 kanssa.<\/p>\n<p>\u2013\u2009Papan kuoltua 2013 asuin perikunnan vuokralaisena. Kun Elina-mummo kuoli, ostimme kaksion Valtterin kanssa, h\u00e4n kertoo.<\/p>\n<p>Papasta muistona huoneistossa ovat muun muassa sein\u00e4ll\u00e4 olevat piirrokset. Mummon perua ovat ikkunasyvennyksiss\u00e4 kasvavat huonekasvit.<\/p>\n<blockquote class=\"voice-no-read rs_skip diks-blockquote\">\n<p class=\"diks-blockquote__text\">Yll\u00e4tt\u00e4v\u00e4n hyvin n\u00e4m\u00e4 retrohuonekalut sopivat satavuotiaaseen taloon.<\/p>\n<\/blockquote>\n<p>\t\t<a class=\"diks-gallery__link\" href=\"https:\/\/i.media.fi\/incoming\/jdn9kf\/11580943.jpg\/alternates\/FREE_1440\/11580943.jpg\" data-thumbnail=\"\" data-sub-html=\"Rautatiel\u00e4isille rakennetun talon Tapionkadun puoleisiin kellari-ikkunoihin on maalattu veturinpy\u00f6r\u00e4n puolikkaat. Iris Joensuu\" aria-label=\"Katso isompi kuva\" rel=\"nofollow noopener\" target=\"_blank\"><br \/>\n\t\t\t\t<img class=\"diks-figure__image\" src=\"https:\/\/www.europesays.com\/fi\/wp-content\/uploads\/2026\/08\/11580943.jpg\" loading=\"lazy\" decoding=\"sync\" alt=\"\"\/><\/p>\n<p>\t\t\t<\/a><br \/>\n\t\t\t\t\tRautatiel\u00e4isille rakennetun talon Tapionkadun puoleisiin kellari-ikkunoihin on maalattu veturinpy\u00f6r\u00e4n puolikkaat. Iris Joensuu<\/p>\n<p>\t\t<a class=\"diks-gallery__link\" href=\"https:\/\/i.media.fi\/incoming\/kxcqn4\/11580941.jpg\/alternates\/FREE_1440\/11580941.jpg\" data-thumbnail=\"\" data-sub-html=\"Alvar Aallon suunnittelemaa taloa kuvaa kolmijakoisuus. Iris Joensuu\" aria-label=\"Katso isompi kuva\" rel=\"nofollow noopener\" target=\"_blank\"><br \/>\n\t\t\t\t<img class=\"diks-figure__image\" src=\"https:\/\/www.europesays.com\/fi\/wp-content\/uploads\/2026\/08\/11580941.jpg\" loading=\"lazy\" decoding=\"sync\" alt=\"\"\/><\/p>\n<p>\t\t\t<\/a><br \/>\n\t\t\t\t\tAlvar Aallon suunnittelemaa taloa kuvaa kolmijakoisuus. Iris Joensuu<\/p>\n<p><strong class=\"diks-storyline__impact\">Tapper ja Nieminen <\/strong>ovat remontoineet kaksion kolmioksi, monen muun nykyairalaisen tavoin.<\/p>\n<p>\u2013\u2009Halusimme vanhan kakluunin olohuoneeseen ja yhden makuuhuoneen lis\u00e4\u00e4.<\/p>\n<p>He kaatoivat lis\u00e4ksi sein\u00e4n keitti\u00f6n ja silloisen makuuhuoneen v\u00e4list\u00e4 sek\u00e4 kaivoivat esiin vanhan tiilisein\u00e4n keitti\u00f6kaappien takaa.<\/p>\n<p>Huoneistojen erikoisuuksiksi Alvar Aalto suunnitteli valoa ohjaavat, hieman vinot sein\u00e4t sek\u00e4 puolipy\u00f6re\u00e4t naulakkosyvennykset.<\/p>\n<p>\u2013\u2009Kivisein\u00e4t ovat alimmassa kerroksessa hieman paksummat kuin ylimm\u00e4ss\u00e4 kerroksessa. My\u00f6s naulakkosyvennys on meill\u00e4 pienempi kuin ylimm\u00e4n kerroksen huoneistoissa, Tapper ja Nieminen kertovat.<\/p>\n<p>\t\t<a class=\"diks-gallery__link\" href=\"https:\/\/i.media.fi\/incoming\/p7y11o\/11580930.jpg\/alternates\/FREE_1440\/11580930.jpg\" data-thumbnail=\"\" data-sub-html=\"Makuuhuoneen v\u00e4rimaailmaa. Iris Joensuu\" aria-label=\"Katso isompi kuva\" rel=\"nofollow noopener\" target=\"_blank\"><br \/>\n\t\t\t\t<img class=\"diks-figure__image\" src=\"https:\/\/www.europesays.com\/fi\/wp-content\/uploads\/2026\/08\/11580930.jpg\" loading=\"lazy\" decoding=\"sync\" alt=\"\"\/><\/p>\n<p>\t\t\t<\/a><br \/>\n\t\t\t\t\tMakuuhuoneen v\u00e4rimaailmaa. Iris Joensuu<\/p>\n<p>\t\t<a class=\"diks-gallery__link\" href=\"https:\/\/i.media.fi\/incoming\/elnfrt\/11580927.jpg\/alternates\/FREE_1440\/11580927.jpg\" data-thumbnail=\"\" data-sub-html=\"Aira-talolle tyypillist\u00e4 ovat paksut kivisein\u00e4t ja ikkunasyvennykset. Iris Joensuu\" aria-label=\"Katso isompi kuva\" rel=\"nofollow noopener\" target=\"_blank\"><br \/>\n\t\t\t\t<img class=\"diks-figure__image\" src=\"https:\/\/www.europesays.com\/fi\/wp-content\/uploads\/2026\/08\/11580927.jpg\" loading=\"lazy\" decoding=\"sync\" alt=\"\"\/><\/p>\n<p>\t\t\t<\/a><br \/>\n\t\t\t\t\tAira-talolle tyypillist\u00e4 ovat paksut kivisein\u00e4t ja ikkunasyvennykset. Iris Joensuu<\/p>\n<p><strong class=\"diks-storyline__impact\">Oona Tapper<\/strong> on vastannut p\u00e4\u00e4osin sisustusvalinnoista. H\u00e4n suosii 1950\u20131960-lukujen tyyli\u00e4. Kodista l\u00f6ytyy useita tiikkipuisia huonekaluja, <strong>Ilmari Tapiovaaran<\/strong> Fanett-tuolit sek\u00e4 vanhoja lamppuja, esimerkkin\u00e4 <strong>Yki Nummen<\/strong> valaisin.<\/p>\n<p>Kodissa on my\u00f6s useita kirpputori- ja huutokauppal\u00f6yt\u00f6j\u00e4, kuten ty\u00f6huoneen maailmankartta tai vauvanhoitop\u00f6yd\u00e4n yl\u00e4puolella oleva vanha opetustaulu.<\/p>\n<p>\u2013\u2009Yll\u00e4tt\u00e4v\u00e4n hyvin n\u00e4m\u00e4 retrohuonekalut ja kirpparil\u00f6yd\u00f6t sopivat satavuotiaaseen taloon.<\/p>\n<p>Uutena ostettuja ovat sohva ja keitti\u00f6kalusteet.<\/p>\n<p>Rakennusalalla ty\u00f6skentelev\u00e4 Nieminen vastasi p\u00e4\u00e4osin remontista, maalariveli auttoi pintojen tasoituksissa ja maalauksissa.<\/p>\n<p>\t\t<a class=\"diks-gallery__link\" href=\"https:\/\/i.media.fi\/incoming\/eerf8h\/11580928.jpg\/alternates\/FREE_1440\/11580928.jpg\" data-thumbnail=\"\" data-sub-html=\"Pieni kattolamppu on kirpparil\u00f6yt\u00f6. Iris Joensuu\" aria-label=\"Katso isompi kuva\" rel=\"nofollow noopener\" target=\"_blank\"><br \/>\n\t\t\t\t<img class=\"diks-figure__image\" src=\"https:\/\/www.europesays.com\/fi\/wp-content\/uploads\/2026\/08\/11580928.jpg\" loading=\"lazy\" decoding=\"sync\" alt=\"\"\/><\/p>\n<p>\t\t\t<\/a><br \/>\n\t\t\t\t\tPieni kattolamppu on kirpparil\u00f6yt\u00f6. Iris Joensuu<\/p>\n<p>\t\t<a class=\"diks-gallery__link\" href=\"https:\/\/i.media.fi\/incoming\/n4a1gy\/11580926.jpg\/alternates\/FREE_1440\/11580926.jpg\" data-thumbnail=\"\" data-sub-html=\"Ty\u00f6huonetta hallitsee maailmankartta. Iris Joensuu\" aria-label=\"Katso isompi kuva\" rel=\"nofollow noopener\" target=\"_blank\"><br \/>\n\t\t\t\t<img class=\"diks-figure__image\" src=\"https:\/\/www.europesays.com\/fi\/wp-content\/uploads\/2026\/08\/11580926.jpg\" loading=\"lazy\" decoding=\"sync\" alt=\"\"\/><\/p>\n<p>\t\t\t<\/a><br \/>\n\t\t\t\t\tTy\u00f6huonetta hallitsee maailmankartta. Iris Joensuu<\/p>\n<p><strong class=\"diks-storyline__impact\">2010-luvun taitteessa<\/strong> talossa tehtiin putkistosaneeraus, jossa viem\u00e4rit ja vesiputket uusittiin. My\u00f6s ikkunat on vaihdettu uusiin, mutta alkuper\u00e4isen mallisiin.<\/p>\n<p>Aira-talon juhlavuoden kunniaksi taloyhti\u00f6 ennallisti rappuk\u00e4yt\u00e4v\u00e4t alkuper\u00e4iseen v\u00e4rimaailmaan.<\/p>\n<p>\u2013\u2009Alvar Aalto -s\u00e4\u00e4ti\u00f6 kartoitti, mit\u00e4 maaleja l\u00f6ytyi alkuper\u00e4isest\u00e4 porrask\u00e4yt\u00e4v\u00e4st\u00e4. Maalautimme k\u00e4yt\u00e4v\u00e4t samoilla s\u00e4vyill\u00e4, 100-vuotisjuhlia koordinoiva Oona Tapper kertoo.<\/p>\n<p>Kautta vuosikymmenten airalaiset ovat korostaneet talossa vallitsevaa yhteishenke\u00e4. Niin my\u00f6s t\u00e4n\u00e4 p\u00e4iv\u00e4n\u00e4.<\/p>\n<p>\u2013\u2009Vaikka asuu keskustassa, ei silt\u00e4 tunnu, kun t\u00e4nne saapuu. Olemme kuin omassa kuplassa. Meill\u00e4 on WhatsApp-ryhm\u00e4, jossa jaamme saunavuoroja ja kutsumme naapureita lasten syntt\u00e4reille. Naapurimme ovat avuliaita, saamme heilt\u00e4 lastenhoitoapuakin, Oona Tapper kertoo.<\/p>\n<p>Asukkaat viljelev\u00e4t pihalla hy\u00f6tykasveja, pit\u00e4v\u00e4t siell\u00e4 syksyisin venetsialaisia ja talvisin laskiaisjuhlia tai muuten vain kokoontuvat jutustelemaan, soittamaan ja laulamaan.<\/p>\n<p>Kuten talon aiempi asukas Harri Tapper runoili:<\/p>\n<p>\u201dTalo ilman puutarhaa<\/p>\n<p>ei ole mit\u00e4\u00e4n<\/p>\n<p>eik\u00e4 kartano hiekkatiett\u00e4\u201d<\/p>\n","protected":false},"excerpt":{"rendered":"Sata vuotta t\u00e4n\u00e4 vuonna t\u00e4ytt\u00e4v\u00e4 Aira-talo Tapionkadulla oli Jyv\u00e4skyl\u00e4n ensimm\u00e4inen suuri asuinkerrostalo. Sen rakennuttivat Valtion rautateiden ty\u00f6ntekij\u00e4t helpottamaan&hellip;\n","protected":false},"author":2,"featured_media":315827,"comment_status":"","ping_status":"","sticky":false,"template":"","format":"standard","meta":{"footnotes":"","_share_on_mastodon":"0"},"categories":[135],"tags":[389,387,388,36,6912,390,137,33,31,30,425,1233,543,402,2307,32,394,393,391,392,109],"class_list":["post-315826","post","type-post","status-publish","format-standard","has-post-thumbnail","category-taiteet-ja-suunnittelu","tag-arts","tag-arts-and-design","tag-artsanddesign","tag-asuintalot-ja-asunnot","tag-asumisen-paikka","tag-design","tag-entertainment","tag-fi","tag-finland","tag-finnish","tag-jyvaskyla","tag-koti","tag-koti-ja-asuminen","tag-rakentaminen-kiinteistot","tag-rautatiet-rautatieliikenne","tag-suomi","tag-suunnittelu","tag-taiteet","tag-taiteet-ja-suunnittelu","tag-taiteetsuunnittelu","tag-viihde"],"share_on_mastodon":{"url":"https:\/\/pubeurope.com\/@fi\/117029560342749262","error":""},"_links":{"self":[{"href":"https:\/\/www.europesays.com\/fi\/wp-json\/wp\/v2\/posts\/315826","targetHints":{"allow":["GET"]}}],"collection":[{"href":"https:\/\/www.europesays.com\/fi\/wp-json\/wp\/v2\/posts"}],"about":[{"href":"https:\/\/www.europesays.com\/fi\/wp-json\/wp\/v2\/types\/post"}],"author":[{"embeddable":true,"href":"https:\/\/www.europesays.com\/fi\/wp-json\/wp\/v2\/users\/2"}],"replies":[{"embeddable":true,"href":"https:\/\/www.europesays.com\/fi\/wp-json\/wp\/v2\/comments?post=315826"}],"version-history":[{"count":0,"href":"https:\/\/www.europesays.com\/fi\/wp-json\/wp\/v2\/posts\/315826\/revisions"}],"wp:featuredmedia":[{"embeddable":true,"href":"https:\/\/www.europesays.com\/fi\/wp-json\/wp\/v2\/media\/315827"}],"wp:attachment":[{"href":"https:\/\/www.europesays.com\/fi\/wp-json\/wp\/v2\/media?parent=315826"}],"wp:term":[{"taxonomy":"category","embeddable":true,"href":"https:\/\/www.europesays.com\/fi\/wp-json\/wp\/v2\/categories?post=315826"},{"taxonomy":"post_tag","embeddable":true,"href":"https:\/\/www.europesays.com\/fi\/wp-json\/wp\/v2\/tags?post=315826"}],"curies":[{"name":"wp","href":"https:\/\/api.w.org\/{rel}","templated":true}]}}