{"id":315868,"date":"2026-08-03T05:20:13","date_gmt":"2026-08-03T05:20:13","guid":{"rendered":"https:\/\/www.europesays.com\/fi\/315868\/"},"modified":"2026-08-03T05:20:13","modified_gmt":"2026-08-03T05:20:13","slug":"jp-kukkosen-haastattelu-kerasi-rajun-ryopytyksen-nyt-han-vastaa-kriitikoilleen","status":"publish","type":"post","link":"https:\/\/www.europesays.com\/fi\/315868\/","title":{"rendered":"JP Kukkosen haastattelu ker\u00e4si rajun ry\u00f6pytyksen \u2013 Nyt h\u00e4n vastaa kriitikoilleen"},"content":{"rendered":"<p>JP Kukkonen vastaa saamaansa kritiikkiin Facebookissa julkaisemassaan pitk\u00e4ss\u00e4 kirjoituksessa.<\/p>\n<p><img decoding=\"async\" class=\"image image-show image-preview\" src=\"https:\/\/www.europesays.com\/fi\/wp-content\/uploads\/2026\/08\/0c3b8fd9fa30123a3e57996daedb7276a4e0022a0ccd36e65002c552819fd0f5.jpg\" alt=\"\"\/><img decoding=\"async\" class=\"image image-show\" src=\"https:\/\/www.europesays.com\/fi\/wp-content\/uploads\/2026\/08\/1785734413_386_0c3b8fd9fa30123a3e57996daedb7276a4e0022a0ccd36e65002c552819fd0f5.jpg\" alt=\"\"\/><\/p>\n<p>JP Kukkosen mukaan h\u00e4nest\u00e4 mediassa rakentunut mielikuva ei vastaa todellisuutta. Pasi Liesimaa<\/p>\n<p class=\"paragraph\">Kauramiljon\u00e4\u00e4rin\u00e4 tunnettu <a href=\"https:\/\/www.iltalehti.fi\/henkilot\/JP Kukkonen\" class=\"article-link-person-page\" rel=\"nofollow noopener\" target=\"_blank\">Juha-Petteri \u201dJP\u201d Kukkonen<\/a> ottaa kantaa ymp\u00e4rill\u00e4\u00e4n velloneeseen kritiikkiin, joka sai alkunsa h\u00e4nen <a href=\"https:\/\/www.hs.fi\/feature\/art-2000012119206.html\" target=\"_blank\" rel=\"noopener nofollow\">Helsingin Sanomille<\/a> antamastaan haastattelusta.<\/p>\n<p class=\"paragraph\">Hein\u00e4kuussa julkaistussa henkil\u00f6haastattelussa Kukkonen kertoi <a href=\"https:\/\/www.iltalehti.fi\/viihdeuutiset\/86d3aaad-7c52-49c3-9ea5-0210eea2b81e\" rel=\"nofollow noopener\" target=\"_blank\">aikovansa j\u00e4tt\u00e4\u00e4 Suomen taakseen<\/a> ja muuttaa Sveitsiin. Samalla h\u00e4n avasi v\u00e4rikk\u00e4in, h\u00e4nelle tyypillisin sanank\u00e4\u00e4ntein ylellist\u00e4 el\u00e4m\u00e4ntyyli\u00e4\u00e4n ja n\u00e4kemyksi\u00e4\u00e4n muun muassa verotuksesta.<\/p>\n<p class=\"paragraph\">Haastattelu on kirvoittanut vilkasta keskustelua niin sosiaalisessa mediassa kuin Helsingin Sanomien kommenttipalstallakin. Valtaosa kommenteista on ollut kriittisi\u00e4, ja lukijat ovat arvostelleet muun muassa Kukkosen julkista esiintymist\u00e4, n\u00e4ytt\u00e4v\u00e4\u00e4 el\u00e4m\u00e4ntyyli\u00e4 sek\u00e4 h\u00e4nen puheitaan verotuksesta.<\/p>\n<p class=\"paragraph\">Nyt Kukkonen vastaa kriitikoilleen pitk\u00e4ss\u00e4 <a href=\"https:\/\/www.facebook.com\/kukkonen.petteri\" target=\"_blank\" rel=\"noopener nofollow\">Facebookissa<\/a> julkaisemassaan kirjoituksessa, jonka alkuun h\u00e4n toteaa, ett\u00e4 odottikin haastattelun her\u00e4tt\u00e4v\u00e4n runsaasti keskustelua.<\/p>\n<p class=\"paragraph\">\u2013 Ajattelin nyt ensimm\u00e4ist\u00e4 kertaa kommentoida t\u00e4t\u00e4 julkisesti. Ei siksi, ett\u00e4 eri\u00e4v\u00e4t mielipiteet h\u00e4iritsisiv\u00e4t minua. P\u00e4invastoin. Niit\u00e4 pit\u00e4\u00e4 demokratiassa olla. Se, mit\u00e4 en ymm\u00e4rr\u00e4, on se, miten nopeasti mielipiteist\u00e4 tulee faktoja, h\u00e4n alustaa.<\/p>\n<p class=\"paragraph\">Kukkosen mukaan h\u00e4nen ymp\u00e4rill\u00e4\u00e4n k\u00e4yty keskustelu on perustunut pitk\u00e4lti oletuksiin. H\u00e4nen mielest\u00e4\u00e4n ihmiset ovat tehneet pitk\u00e4lle menevi\u00e4 johtop\u00e4\u00e4t\u00f6ksi\u00e4 esimerkiksi h\u00e4nen varallisuudestaan, Sveitsiin muuton syist\u00e4 ja persoonastaan.<\/p>\n<p class=\"paragraph\">\u2013 Aika vaikuttavaa, kun l\u00e4hes kaikki t\u00e4st\u00e4 \u201ctiedosta\u201d oli my\u00f6s minulle t\u00e4ysin uutta, h\u00e4n toteaa ivallisesti.<\/p>\n<p class=\"paragraph\">Jos julkaisu ei n\u00e4y, voit katsoa sen <a href=\"https:\/\/www.facebook.com\/kukkonen.petteri\" target=\"_blank\" rel=\"noopener nofollow\">t\u00e4st\u00e4<\/a>.<\/p>\n<p class=\"paragraph\">Kukkosen mukaan h\u00e4nen r\u00e4v\u00e4kk\u00e4 huumorinsa ei aina v\u00e4lity kirjoitetussa muodossa samalla tavalla kuin kasvokkain. Kukkosen mielest\u00e4 yksitt\u00e4ist\u00e4 haastattelua suurempi ongelma on se, ett\u00e4 h\u00e4nest\u00e4 on vuosien varrella muodostunut julkinen mielikuva, jota ruokitaan edelleen keskustelupalstoilla ja somessa.<\/p>\n<p class=\"paragraph\">\u2013 T\u00e4llaisella julkisuudella on hinta, jota ihmiset eiv\u00e4t koskaan n\u00e4e. Ei siksi, ett\u00e4 joku kirjoittaa sinusta ik\u00e4v\u00e4sti. Siihen tottuu. Vuosien varrella nahasta tulee aika paksu. Se hinta n\u00e4kyy l\u00e4heisiss\u00e4. Lapsissa. Yst\u00e4viss\u00e4. Ihmissuhteissa. Ty\u00f6el\u00e4m\u00e4ss\u00e4.<\/p>\n<p class=\"paragraph\">Kukkonen pit\u00e4\u00e4 surullisena sit\u00e4, ett\u00e4 julkisuudessa h\u00e4nest\u00e4 rakennettu mielikuva ei vastaa sit\u00e4 ihmist\u00e4, jonka h\u00e4nen l\u00e4heisens\u00e4 tuntevat.<\/p>\n<p class=\"paragraph\">\u2013 L\u00e4heiseni ovat monta kertaa sanoneet, etteiv\u00e4t he tunnista sit\u00e4 ihmist\u00e4, joka mediassa seikkailee. Se on ehk\u00e4 surullisin osa koko ilmi\u00f6t\u00e4.<\/p>\n<p class=\"paragraph\">Tekstins\u00e4 h\u00e4n lopettaa toteamalla palaavansa normaaliin arkeensa.<\/p>\n<p class=\"paragraph\">\u2013 Siihen kuuluvat lapset, yst\u00e4v\u00e4t, kasvuyritykset, treenit ja kaikki ne asiat, jotka tekee el\u00e4m\u00e4st\u00e4 oikeasti merkityksellist\u00e4. Keskustelupalstat jatkavat varmasti omaa el\u00e4m\u00e4\u00e4ns\u00e4. Min\u00e4 jatkan omaani.<\/p>\n","protected":false},"excerpt":{"rendered":"JP Kukkonen vastaa saamaansa kritiikkiin Facebookissa julkaisemassaan pitk\u00e4ss\u00e4 kirjoituksessa. JP Kukkosen mukaan h\u00e4nest\u00e4 mediassa rakentunut mielikuva ei vastaa&hellip;\n","protected":false},"author":2,"featured_media":315869,"comment_status":"","ping_status":"","sticky":false,"template":"","format":"standard","meta":{"footnotes":"","_share_on_mastodon":"0"},"categories":[130],"tags":[35,4492,137,33,31,30,148,147,1027,151,32,109],"class_list":["post-315868","post","type-post","status-publish","format-standard","has-post-thumbnail","category-viihde","tag-24h","tag-digimedia","tag-entertainment","tag-fi","tag-finland","tag-finnish","tag-internet","tag-internet-palvelut","tag-internetyhteiso","tag-sosiaalinen-media-ja-verkostoituminen","tag-suomi","tag-viihde"],"share_on_mastodon":{"url":"https:\/\/pubeurope.com\/@fi\/117029898278267389","error":""},"_links":{"self":[{"href":"https:\/\/www.europesays.com\/fi\/wp-json\/wp\/v2\/posts\/315868","targetHints":{"allow":["GET"]}}],"collection":[{"href":"https:\/\/www.europesays.com\/fi\/wp-json\/wp\/v2\/posts"}],"about":[{"href":"https:\/\/www.europesays.com\/fi\/wp-json\/wp\/v2\/types\/post"}],"author":[{"embeddable":true,"href":"https:\/\/www.europesays.com\/fi\/wp-json\/wp\/v2\/users\/2"}],"replies":[{"embeddable":true,"href":"https:\/\/www.europesays.com\/fi\/wp-json\/wp\/v2\/comments?post=315868"}],"version-history":[{"count":0,"href":"https:\/\/www.europesays.com\/fi\/wp-json\/wp\/v2\/posts\/315868\/revisions"}],"wp:featuredmedia":[{"embeddable":true,"href":"https:\/\/www.europesays.com\/fi\/wp-json\/wp\/v2\/media\/315869"}],"wp:attachment":[{"href":"https:\/\/www.europesays.com\/fi\/wp-json\/wp\/v2\/media?parent=315868"}],"wp:term":[{"taxonomy":"category","embeddable":true,"href":"https:\/\/www.europesays.com\/fi\/wp-json\/wp\/v2\/categories?post=315868"},{"taxonomy":"post_tag","embeddable":true,"href":"https:\/\/www.europesays.com\/fi\/wp-json\/wp\/v2\/tags?post=315868"}],"curies":[{"name":"wp","href":"https:\/\/api.w.org\/{rel}","templated":true}]}}