{"id":315944,"date":"2026-08-03T07:35:10","date_gmt":"2026-08-03T07:35:10","guid":{"rendered":"https:\/\/www.europesays.com\/fi\/315944\/"},"modified":"2026-08-03T07:35:10","modified_gmt":"2026-08-03T07:35:10","slug":"ukraina-iski-jalleen-venalaisen-verkkokaupan-wildberriesin-varastoon-uutissuomalainen","status":"publish","type":"post","link":"https:\/\/www.europesays.com\/fi\/315944\/","title":{"rendered":"Ukraina iski j\u00e4lleen ven\u00e4l\u00e4isen verkkokaupan Wildberriesin varastoon | Uutissuomalainen"},"content":{"rendered":"<p>Ukraina jatkoi my\u00f6s maanantaiaamuna iskuja ven\u00e4l\u00e4isen verkkokauppaj\u00e4tin Wildberriesin varastoihin ja kohteisiin. Wildberries on itse vahvistanut iskun Telegram-viestipalvelussa.<\/p>\n<p>\u2013\u2009Iskun seurauksena yhdess\u00e4 yhti\u00f6n logistiikkakeskuksista syttyi tulipalo Vladimirin alueella, yhti\u00f6 kertoi tiedotteessaan uutistoimisto AFP:n mukaan. Tiedotteen mukaan verkkoj\u00e4tin ty\u00f6ntekij\u00e4t saatiin evakuoitua ajoissa.<\/p>\n<p>Vladimirin alueen kuvern\u00f6\u00f6rin Aleksander Avdejevin mukaan kyseess\u00e4 oli drooneilla tehty isku. H\u00e4nkin sanoi iskun aiheuttaneen tulipalon ja muuta vahinkoja. My\u00f6s er\u00e4s nuori mies haavoittui, h\u00e4n sanoi ven\u00e4l\u00e4isess\u00e4 viestipalvelu Maxissa.<\/p>\n<p>Varasto sijaitsee Hrjastovon kaupungissa Vladimirin alueella Ven\u00e4j\u00e4ll\u00e4, jossa sijaitsee verkkokaupan logistiikkakeskus. Hrjastovon asukkaat ovat jakaneet sosiaalisessa mediassa kuvia ja videoita, joissa keskuksen yll\u00e4 n\u00e4kyy paksua savua, kertoi <a href=\"https:\/\/kyivindependent.com\/ukraine-reportedly-strikes-wildberries-warehouse-in-russias-vladimir-oblast\/\" rel=\"nofollow noopener\" target=\"_blank\">ukrainalaislehti<\/a> Kyiv Independent.<\/p>\n<p>\t\t\t\tMedia: Isku my\u00f6s yliopistoon<\/p>\n<p>Ukrainalaisen Kyiv Postin <a href=\"https:\/\/www.kyivpost.com\/post\/81595?utm_source=russia-ukraine-newsletter.beehiiv.com&amp;utm_medium=newsletter&amp;utm_campaign=weekend-briefing&amp;_bhlid=b1da6575af4e5d824a70e37eb4e6ae9f5e44636c\" rel=\"nofollow noopener\" target=\"_blank\">mukaan<\/a> Ukraina teki varhain aamulla iskuja muihinkin kohteisiin Ven\u00e4j\u00e4ll\u00e4, kuten drooniteknologiaa kehitt\u00e4neeseen yliopistoon Belgorodin alueella sek\u00e4 muutamaan kohteeseen Krimin niemimaalla. Kyiv Postin mukaan n\u00e4ist\u00e4 iskuista kertoivat ven\u00e4l\u00e4iset ja ukrainalaiset l\u00e4hteet.<\/p>\n<p>Verkkoj\u00e4tti Wildberriesin lukuisat varastot eri puolilla Ven\u00e4j\u00e4\u00e4 ovat olleet Ukrainan kohteina jo yli kaksi viikkoa.<\/p>\n<p>Hein\u00e4kuun puoliv\u00e4list\u00e4 l\u00e4htien Ukraina on iskenyt pariinkymmeneen Wildberriesille kuuluvaan kohteeseen eri puolilla Ven\u00e4j\u00e4\u00e4 ja Ven\u00e4j\u00e4n miehitt\u00e4m\u00e4ll\u00e4 Krimin niemimaalla. Ensimm\u00e4isess\u00e4 iskussa kuoli kahdeksan ihmist\u00e4 ja melkein 90 ihmist\u00e4 haavoittui Moskovan ja Tambovin alueilla.<\/p>\n<p>Syyn\u00e4 iskuihin on Ukrainan mukaan se, ett\u00e4 Wildberries myy esimerkiksi droonien osia Ven\u00e4j\u00e4n k\u00e4ytett\u00e4v\u00e4ksi sodassa Ukrainaa vastaan. Ven\u00e4j\u00e4 k\u00e4ynnisti hy\u00f6kk\u00e4yssodan Ukrainassa helmikuussa 2022.<\/p>\n","protected":false},"excerpt":{"rendered":"Ukraina jatkoi my\u00f6s maanantaiaamuna iskuja ven\u00e4l\u00e4isen verkkokauppaj\u00e4tin Wildberriesin varastoihin ja kohteisiin. Wildberries on itse vahvistanut iskun Telegram-viestipalvelussa. \u2013\u2009Iskun&hellip;\n","protected":false},"author":2,"featured_media":315945,"comment_status":"","ping_status":"","sticky":false,"template":"","format":"standard","meta":{"footnotes":"","_share_on_mastodon":"0"},"categories":[14],"tags":[22,23,4492,26,27,33,31,30,17,148,147,898,24,25,28,29,15,18,21,32,487,149,19,20,21377,56,16,59,60,61],"class_list":["post-315944","post","type-post","status-publish","format-standard","has-post-thumbnail","category-ulkomaat","tag-breaking-news","tag-breakingnews","tag-digimedia","tag-featured-news","tag-featurednews","tag-fi","tag-finland","tag-finnish","tag-headlines","tag-internet","tag-internet-palvelut","tag-kulutustavarat","tag-latest-news","tag-latestnews","tag-main-news","tag-mainnews","tag-news","tag-otsikot","tag-paauutiset","tag-suomi","tag-teknologia-yleista","tag-tietojenkasittely-ja-informaatioteknologia","tag-top-stories","tag-topstories","tag-ukrainan-kriisi","tag-ulkomaat","tag-uutiset","tag-world","tag-world-news","tag-worldnews"],"share_on_mastodon":{"url":"https:\/\/pubeurope.com\/@fi\/117030428828326328","error":""},"_links":{"self":[{"href":"https:\/\/www.europesays.com\/fi\/wp-json\/wp\/v2\/posts\/315944","targetHints":{"allow":["GET"]}}],"collection":[{"href":"https:\/\/www.europesays.com\/fi\/wp-json\/wp\/v2\/posts"}],"about":[{"href":"https:\/\/www.europesays.com\/fi\/wp-json\/wp\/v2\/types\/post"}],"author":[{"embeddable":true,"href":"https:\/\/www.europesays.com\/fi\/wp-json\/wp\/v2\/users\/2"}],"replies":[{"embeddable":true,"href":"https:\/\/www.europesays.com\/fi\/wp-json\/wp\/v2\/comments?post=315944"}],"version-history":[{"count":0,"href":"https:\/\/www.europesays.com\/fi\/wp-json\/wp\/v2\/posts\/315944\/revisions"}],"wp:featuredmedia":[{"embeddable":true,"href":"https:\/\/www.europesays.com\/fi\/wp-json\/wp\/v2\/media\/315945"}],"wp:attachment":[{"href":"https:\/\/www.europesays.com\/fi\/wp-json\/wp\/v2\/media?parent=315944"}],"wp:term":[{"taxonomy":"category","embeddable":true,"href":"https:\/\/www.europesays.com\/fi\/wp-json\/wp\/v2\/categories?post=315944"},{"taxonomy":"post_tag","embeddable":true,"href":"https:\/\/www.europesays.com\/fi\/wp-json\/wp\/v2\/tags?post=315944"}],"curies":[{"name":"wp","href":"https:\/\/api.w.org\/{rel}","templated":true}]}}