{"id":315976,"date":"2026-08-03T08:33:12","date_gmt":"2026-08-03T08:33:12","guid":{"rendered":"https:\/\/www.europesays.com\/fi\/315976\/"},"modified":"2026-08-03T08:33:12","modified_gmt":"2026-08-03T08:33:12","slug":"alpertto-ei-ollut-mopo-moottoritiella-fysiikka-kesti-kaikki-matkat-teemat","status":"publish","type":"post","link":"https:\/\/www.europesays.com\/fi\/315976\/","title":{"rendered":"Alpertto ei ollut &#8221;mopo moottoritiell\u00e4&#8221; \u2013 Fysiikka kesti kaikki matkat | Teemat"},"content":{"rendered":"<p>Jarmo Leinonen on tyytyv\u00e4inen Kuninkuusravien kahdeksanteen sijaan.<\/p>\n<p>Lieksalaisten <strong>Jarmo Leinosen<\/strong> ja <strong>Mirva Wickstradin<\/strong> omistama Alpertto sijoittui kahdeksanneksi viikonloppuna Tampereen Teivossa j\u00e4rjestetyiss\u00e4 Kuninkuusraveissa. Jarmo Leinonen oli ennakkoon ajatellut, ett\u00e4 13-vuotias ori on Suomen suurimmassa ravitapahtumassa kuin &#8221;mopo moottoritiell\u00e4&#8221; ja teetti raveihin kyseisell\u00e4 tekstill\u00e4 painetut fanipaidat. Kahdeksas sija 12 hevosen kuninkuuskilpailussa j\u00e4tti Leinoselle kuitenkin positiivisen maun viikonlopusta.<\/p>\n","protected":false},"excerpt":{"rendered":"Jarmo Leinonen on tyytyv\u00e4inen Kuninkuusravien kahdeksanteen sijaan. Lieksalaisten Jarmo Leinosen ja Mirva Wickstradin omistama Alpertto sijoittui kahdeksanneksi viikonloppuna&hellip;\n","protected":false},"author":2,"featured_media":315977,"comment_status":"","ping_status":"","sticky":false,"template":"","format":"standard","meta":{"footnotes":"","_share_on_mastodon":"0"},"categories":[115],"tags":[33,31,30,455,1255,454,118,32,119],"class_list":["post-315976","post","type-post","status-publish","format-standard","has-post-thumbnail","category-fysiikka","tag-fi","tag-finland","tag-finnish","tag-fysiikka","tag-lieksa","tag-physics","tag-science","tag-suomi","tag-tiede"],"share_on_mastodon":{"url":"https:\/\/pubeurope.com\/@fi\/117030656660440041","error":""},"_links":{"self":[{"href":"https:\/\/www.europesays.com\/fi\/wp-json\/wp\/v2\/posts\/315976","targetHints":{"allow":["GET"]}}],"collection":[{"href":"https:\/\/www.europesays.com\/fi\/wp-json\/wp\/v2\/posts"}],"about":[{"href":"https:\/\/www.europesays.com\/fi\/wp-json\/wp\/v2\/types\/post"}],"author":[{"embeddable":true,"href":"https:\/\/www.europesays.com\/fi\/wp-json\/wp\/v2\/users\/2"}],"replies":[{"embeddable":true,"href":"https:\/\/www.europesays.com\/fi\/wp-json\/wp\/v2\/comments?post=315976"}],"version-history":[{"count":0,"href":"https:\/\/www.europesays.com\/fi\/wp-json\/wp\/v2\/posts\/315976\/revisions"}],"wp:featuredmedia":[{"embeddable":true,"href":"https:\/\/www.europesays.com\/fi\/wp-json\/wp\/v2\/media\/315977"}],"wp:attachment":[{"href":"https:\/\/www.europesays.com\/fi\/wp-json\/wp\/v2\/media?parent=315976"}],"wp:term":[{"taxonomy":"category","embeddable":true,"href":"https:\/\/www.europesays.com\/fi\/wp-json\/wp\/v2\/categories?post=315976"},{"taxonomy":"post_tag","embeddable":true,"href":"https:\/\/www.europesays.com\/fi\/wp-json\/wp\/v2\/tags?post=315976"}],"curies":[{"name":"wp","href":"https:\/\/api.w.org\/{rel}","templated":true}]}}