{"id":31610,"date":"2025-09-11T06:07:08","date_gmt":"2025-09-11T06:07:08","guid":{"rendered":"https:\/\/www.europesays.com\/fi\/31610\/"},"modified":"2025-09-11T06:07:08","modified_gmt":"2025-09-11T06:07:08","slug":"bo-ukrainaan-haluttu-suomalaisambulanssi-paatyi-venalaisfirman-kayttoon-huippuvuorille-ajeli-silti-suomalaiskilvissa-lappi","status":"publish","type":"post","link":"https:\/\/www.europesays.com\/fi\/31610\/","title":{"rendered":"BO: Ukrainaan haluttu suomalaisambulanssi p\u00e4\u00e4tyi ven\u00e4l\u00e4isfirman k\u00e4ytt\u00f6\u00f6n Huippuvuorille \u2013 ajeli silti suomalaiskilviss\u00e4 | Lappi"},"content":{"rendered":"<p class=\"aw-1gybjub aw-5vja16 cmIuaG zKETg yle__article__paragraph\">Pohjanmaan hyvinvointialueen mukaan sill\u00e4 ei ole ollut mit\u00e4\u00e4n k\u00e4sityst\u00e4, ett\u00e4 viime vuonna k\u00e4yt\u00f6st\u00e4 poistettu ambulanssi on nyt Ven\u00e4j\u00e4n valtion omistaman yrityksen k\u00e4yt\u00f6ss\u00e4.<\/p>\n<p><img decoding=\"async\" alt=\"Ihmisi\u00e4 juhlimassa Voitonp\u00e4iv\u00e4\u00e4 Barentsburgissa. Neuvostoliiton lippu liehuu.\" src=\"https:\/\/www.europesays.com\/fi\/wp-content\/uploads\/2025\/09\/39-1467850682b1061d31e7.jpeg\" class=\"aw-1l9m598 hKVVvP\"\/><\/p>\n<p>Avaa kuvien katselu<\/p>\n<p>Huippuvuoret kuuluu Norjalle, mutta siell\u00e4 sijaitsee my\u00f6s ven\u00e4l\u00e4isten hallinnoima Barentsburgin kaivoskaupunki. Pohjanmaan hyvinvointialueen vanha ambulanssi on nyt Ven\u00e4j\u00e4n valtion omistaman kaivosyhti\u00f6n Arktikugolin k\u00e4yt\u00f6ss\u00e4, kertoo Barents Observer. Kuva: Jani Saikko \/ Yle<\/p>\n<p class=\"aw-1gybjub aw-1p7kakr cmIuaG fmSRng yle__article__paragraph\">Ukrainaan aiottu suomalaisambulanssi on p\u00e4\u00e4tynyt ven\u00e4l\u00e4isen kaivosfirman k\u00e4ytt\u00f6\u00f6n Huippuvuorille, <a class=\"aw-iao6s4 iHOxEa yle__article__link\" href=\"https:\/\/www.thebarentsobserver.com\/news\/how-an-ambulance-from-finland-ended-up-with-a-russian-state-firm-on-svalbard\/436626\" role=\"link\" rel=\"nofollow noopener\" target=\"_blank\">kertoo Barents Observer<\/a>.<\/p>\n<p class=\"aw-1gybjub aw-1p7kakr cmIuaG fmSRng yle__article__paragraph\">Kyseess\u00e4 on Pohjanmaan hyvinvointialueelta per\u00e4isin oleva ambulanssi, jonka hyvinvointialue laittoi myyntiin viime vuoden tammikuussa.<\/p>\n<p class=\"aw-1gybjub aw-1p7kakr cmIuaG fmSRng yle__article__paragraph\">\u2013 Meill\u00e4 ei ole ollut mit\u00e4\u00e4n tietoa, ett\u00e4 ambulanssi olisi p\u00e4\u00e4tynyt Ven\u00e4j\u00e4n valtion omistaman yrityksen k\u00e4ytt\u00f6\u00f6n, Pohjanmaan hyvinvointialueen hallintojohtaja <strong class=\"aw-ak79eh KyCXm yle__article__strong\">Linda Jakobson-Pada<\/strong> sanoo Barents Observerin haastattelussa.<\/p>\n<p class=\"aw-1gybjub aw-1p7kakr cmIuaG fmSRng yle__article__paragraph\">Hyvinvointialue myi kyseisen ambulanssin korkeimman tarjouksen tehneelle P-Trucks-nimiselle virolaisyritykselle. Nelj\u00e4 muuta samaan aikaan myynniss\u00e4 ollutta ambulanssia osti Ambulansseja Ukrainaan -hyv\u00e4ntekev\u00e4isyysj\u00e4rjest\u00f6.<\/p>\n<p class=\"aw-1gybjub aw-1p7kakr cmIuaG fmSRng yle__article__paragraph\">Virolaisyritykselle myyty auto kuitenkin p\u00e4\u00e4tyi muualle kuin Ukrainaan.<\/p>\n<p>Pakotteet kielt\u00e4v\u00e4t myynnin<\/p>\n<p class=\"aw-1gybjub aw-1p7kakr cmIuaG fmSRng yle__article__paragraph\">Ambulanssin ostaneen P-Trucksin toimitusjohtaja <strong class=\"aw-ak79eh KyCXm yle__article__strong\">Raimond P\u00e4rn<\/strong> kertoo Barents Observerille yll\u00e4ttyneens\u00e4, ett\u00e4 auto on nyt ven\u00e4l\u00e4isill\u00e4. EU:n ja Suomen asettamien pakotteiden vuoksi autojen myynti Ven\u00e4j\u00e4lle on voimakkaasti rajoitettua. Pakotteet kielt\u00e4v\u00e4t yli 1,9 litran moottoreilla varustettujen ja hybridiautojen viennin Ven\u00e4j\u00e4lle.<\/p>\n<p class=\"aw-1gybjub aw-1p7kakr cmIuaG fmSRng yle__article__paragraph\">T\u00e4h\u00e4n kategoriaan kuuluu my\u00f6s Pohjanmaan hyvinvointialueen vanha kolmen litran moottorilla varustettu Mercedez-Benz Sprinter.<\/p>\n<p class=\"aw-1gybjub aw-1p7kakr cmIuaG fmSRng yle__article__paragraph\">P-Trucks myi ambulanssin edelleen Akva-Lat-nimiselle norjalaisyritykselle, joka kuljetti ambulanssin Tromssan kautta Huippuvuorille.<\/p>\n<p class=\"aw-1gybjub aw-1p7kakr cmIuaG fmSRng yle__article__paragraph\">Norjan yritysrekisterin mukaan yrityksen kotiosoite on Huippuvuorten hallinnollisessa keskuksessa Longyearbyeniss\u00e4. Osoitteessa sijaitsee rakennus, joka kuuluu Ven\u00e4j\u00e4n valtion omistamalle Arktikugol-yritykselle. Sama yritys py\u00f6ritt\u00e4\u00e4 Huippuvuorten ven\u00e4l\u00e4isess\u00e4 kaivoskaupungissa Barentsburgissa toimivaa kaivosta.<\/p>\n<p>Ven\u00e4j\u00e4n Ukrainassa aloittaman suurhy\u00f6kk\u00e4yksen j\u00e4lkeen se alkoi pullistella my\u00f6s Huippuvuorilla. Sill\u00e4 on Norjan hallinnoimilla Huippuvuorilla oma kaivoskaupunki Barenstburg. Video kuvattu toukokuussa Barentsburgissa. Video: Jani Saikko\/Yle<\/p>\n<p class=\"aw-1gybjub aw-1p7kakr cmIuaG fmSRng yle__article__paragraph\">T\u00e4ll\u00e4 hetkell\u00e4 vanha vaasalaisambulanssi on Arktikugolin ty\u00f6ntekij\u00f6iden k\u00e4yt\u00f6ss\u00e4 Barentsburgissa, Barents Observer kertoo. Ambulanssissa oli viel\u00e4 kev\u00e4\u00e4ll\u00e4 paikallaan vanhat suomalaiskilvet, mutta Huippuvuorten hallinnon huomautettua asiasta, ne on nyt vaihdettu paikallisiin kilpiin.<\/p>\n<p class=\"aw-1gybjub aw-1p7kakr cmIuaG fmSRng yle__article__paragraph\">Akva-Latin toimitusjohtajaksi merkitty <strong class=\"aw-ak79eh KyCXm yle__article__strong\">Aleksejs Gorohovs<\/strong> ei halua avata Ven\u00e4j\u00e4-sidonnaisuuksiaan Barents Observerille, vaan vetoaa yrityssalaisuuksiin. My\u00f6sk\u00e4\u00e4n Ven\u00e4j\u00e4n valtion yritys Arktikugol ei vastannut Barents Observerin haastattelupyynt\u00f6\u00f6n.<\/p>\n<p class=\"aw-1gybjub aw-1p7kakr cmIuaG fmSRng yle__article__paragraph\">Norjan vientiviraston tulkinnan mukaan pakotteet eiv\u00e4t est\u00e4 myym\u00e4st\u00e4 autoja ven\u00e4l\u00e4isyrityksille, jos autoja k\u00e4ytet\u00e4\u00e4n Norjan mantereella tai sille kuuluvalla Huppuvuorilla.<\/p>\n","protected":false},"excerpt":{"rendered":"Pohjanmaan hyvinvointialueen mukaan sill\u00e4 ei ole ollut mit\u00e4\u00e4n k\u00e4sityst\u00e4, ett\u00e4 viime vuonna k\u00e4yt\u00f6st\u00e4 poistettu ambulanssi on nyt Ven\u00e4j\u00e4n&hellip;\n","protected":false},"author":2,"featured_media":31611,"comment_status":"","ping_status":"","sticky":false,"template":"","format":"standard","meta":{"footnotes":""},"categories":[5],"tags":[9330,22,23,26,27,33,31,30,17,9329,71,667,24,25,28,29,15,385,18,21,32,19,20,56,16,547,796],"class_list":{"0":"post-31610","1":"post","2":"type-post","3":"status-publish","4":"format-standard","5":"has-post-thumbnail","7":"category-otsikot","8":"tag-ambulanssit","9":"tag-breaking-news","10":"tag-breakingnews","11":"tag-featured-news","12":"tag-featurednews","13":"tag-fi","14":"tag-finland","15":"tag-finnish","16":"tag-headlines","17":"tag-huippuvuoret","18":"tag-kotimaa","19":"tag-lappi","20":"tag-latest-news","21":"tag-latestnews","22":"tag-main-news","23":"tag-mainnews","24":"tag-news","25":"tag-norja","26":"tag-otsikot","27":"tag-paauutiset","28":"tag-suomi","29":"tag-top-stories","30":"tag-topstories","31":"tag-ulkomaat","32":"tag-uutiset","33":"tag-venaja","34":"tag-yhteiskunta"},"share_on_mastodon":{"url":"","error":""},"_links":{"self":[{"href":"https:\/\/www.europesays.com\/fi\/wp-json\/wp\/v2\/posts\/31610","targetHints":{"allow":["GET"]}}],"collection":[{"href":"https:\/\/www.europesays.com\/fi\/wp-json\/wp\/v2\/posts"}],"about":[{"href":"https:\/\/www.europesays.com\/fi\/wp-json\/wp\/v2\/types\/post"}],"author":[{"embeddable":true,"href":"https:\/\/www.europesays.com\/fi\/wp-json\/wp\/v2\/users\/2"}],"replies":[{"embeddable":true,"href":"https:\/\/www.europesays.com\/fi\/wp-json\/wp\/v2\/comments?post=31610"}],"version-history":[{"count":0,"href":"https:\/\/www.europesays.com\/fi\/wp-json\/wp\/v2\/posts\/31610\/revisions"}],"wp:featuredmedia":[{"embeddable":true,"href":"https:\/\/www.europesays.com\/fi\/wp-json\/wp\/v2\/media\/31611"}],"wp:attachment":[{"href":"https:\/\/www.europesays.com\/fi\/wp-json\/wp\/v2\/media?parent=31610"}],"wp:term":[{"taxonomy":"category","embeddable":true,"href":"https:\/\/www.europesays.com\/fi\/wp-json\/wp\/v2\/categories?post=31610"},{"taxonomy":"post_tag","embeddable":true,"href":"https:\/\/www.europesays.com\/fi\/wp-json\/wp\/v2\/tags?post=31610"}],"curies":[{"name":"wp","href":"https:\/\/api.w.org\/{rel}","templated":true}]}}