{"id":31614,"date":"2025-09-11T06:19:07","date_gmt":"2025-09-11T06:19:07","guid":{"rendered":"https:\/\/www.europesays.com\/fi\/31614\/"},"modified":"2025-09-11T06:19:07","modified_gmt":"2025-09-11T06:19:07","slug":"charlie-sheenin-dokumentti-herattaa-kysymyksen-mita-tapahtui-isalle-ja-veljelle","status":"publish","type":"post","link":"https:\/\/www.europesays.com\/fi\/31614\/","title":{"rendered":"Charlie Sheenin dokumentti her\u00e4tt\u00e4\u00e4 kysymyksen \u2013 Mit\u00e4 tapahtui is\u00e4lle ja veljelle?"},"content":{"rendered":"<p>N\u00e4yttelij\u00e4 Charlie Sheenist\u00e4 kertovassa dokumentissa p\u00e4\u00e4sev\u00e4t \u00e4\u00e4neen h\u00e4nelle l\u00e4heiset ihmiset. Kaksi t\u00e4rke\u00e4\u00e4 ihmist\u00e4 kuitenkin loistaa poissaolollaan.<\/p>\n<p><img decoding=\"async\" class=\"image image-show image-preview\" src=\"https:\/\/www.europesays.com\/fi\/wp-content\/uploads\/2025\/09\/f002584d140bd8fad9dd26db9a079f8b1443ceb1c612904ec27cf684bcc94acd.png\" alt=\"\"\/><img decoding=\"async\" class=\"image image-show\" src=\"https:\/\/www.europesays.com\/fi\/wp-content\/uploads\/2025\/09\/1757571547_861_f002584d140bd8fad9dd26db9a079f8b1443ceb1c612904ec27cf684bcc94acd.png\" alt=\"\"\/><\/p>\n<p>Charlie Sheen kertoo tuoreessa dokumentissa avoimesti el\u00e4m\u00e4st\u00e4\u00e4n. <\/p>\n<p class=\"paragraph\">N\u00e4yttelij\u00e4 <a href=\"https:\/\/www.iltalehti.fi\/henkilot\/Charlie Sheen\" class=\"article-link-person-page\" rel=\"nofollow noopener\" target=\"_blank\">Charlie Sheenist\u00e4<\/a>, 60, kertova dokumentti Aka Charlie Sheen ilmestyi eilen keskiviikkona suoratoistopalvelu Netflixiin.<\/p>\n<p class=\"paragraph\">Dokumentissa on haastateltu Charlie Sheenin lis\u00e4ksi h\u00e4nen l\u00e4hipiiriins\u00e4 kuuluvia tai kuuluneita ihmisi\u00e4.<\/p>\n<p class=\"paragraph\">\u00c4\u00e4neen p\u00e4\u00e4sev\u00e4t esimerkiksi Sheenin ex-vaimot <a href=\"https:\/\/www.iltalehti.fi\/henkilot\/Denise Richards\" class=\"article-link-person-page\" rel=\"nofollow noopener\" target=\"_blank\">Denise Richards<\/a> ja <strong>Brooke Mueller<\/strong>, <strong>Miehen puolikkaat<\/strong> -n\u00e4yttelij\u00e4kollega <strong>Jon Cryer<\/strong>, lapsuudenyst\u00e4v\u00e4, n\u00e4yttelij\u00e4 <a href=\"https:\/\/www.iltalehti.fi\/henkilot\/Sean Penn\" class=\"article-link-person-page\" rel=\"nofollow noopener\" target=\"_blank\">Sean Penn<\/a> ja Charlien veli <strong>Ramon Estevez<\/strong>, 62.<\/p>\n<p class=\"paragraph\">Kaksi Sheenille l\u00e4heist\u00e4 ihmist\u00e4 loistaa poissaolollaan. N\u00e4m\u00e4 kaksi ovat Sheenin veli <a href=\"https:\/\/www.iltalehti.fi\/henkilot\/Emilio Estevez\" class=\"article-link-person-page\" rel=\"nofollow noopener\" target=\"_blank\">Emilio Estevez<\/a>, 63, ja is\u00e4 <a href=\"https:\/\/www.iltalehti.fi\/henkilot\/Martin Sheen\" class=\"article-link-person-page\" rel=\"nofollow noopener\" target=\"_blank\">Martin Sheen<\/a>, 85.<\/p>\n<p class=\"paragraph\">Kummastakin n\u00e4hd\u00e4\u00e4n useita arkistop\u00e4tki\u00e4, mutta haastatteluja he eiv\u00e4t ole dokumenttiin antaneet, eiv\u00e4tk\u00e4 he ole osallistuneet mill\u00e4\u00e4n lailla sen tekoon.<\/p>\n<p>Emilio Estevez, Ramon Estevez, Martin Sheen ja Charlie Sheen yhteiskuvassa vuonna 2011. AOP<\/p>\n<p class=\"paragraph\">T\u00e4m\u00e4 my\u00f6s kerrotaan dokumentissa.<\/p>\n<p class=\"paragraph\">\u2013 Emilio ja is\u00e4 tukevat t\u00e4ysill\u00e4 minua. He kannustavat minua tavoilla, joita ei voi edes kuvitella, Charlie Sheen sanoo dokumentissa.<\/p>\n<p class=\"paragraph\">\u2013 En min\u00e4 odota, ett\u00e4 ihmiset haluavat palata huumeiden k\u00e4ytt\u00f6\u00f6ni ja kaikkiin paskoihin valintoihin, jotka satuttivat ihmisi\u00e4, joita rakastan. Rakastan heit\u00e4 ja ymm\u00e4rr\u00e4n t\u00e4ysin, miksi he p\u00e4\u00e4ttiv\u00e4t olla osallistumatta, Sheen sanoo.<\/p>\n<p class=\"paragraph\">Kaksiosaisen dokumentin ensimm\u00e4isen jakson p\u00e4\u00e4paino on Sheenin villiss\u00e4 juhlimisessa, johon kuului hurjasti alkoholia ja huumeita.<\/p>\n<p class=\"paragraph\">Juhliminen oli niin rajua, ett\u00e4 Sheen k\u00e4vi l\u00e4hell\u00e4 kuolemaa. H\u00e4nen is\u00e4ns\u00e4 Martin Sheen joutui jopa pit\u00e4m\u00e4\u00e4n tiedotustilaisuuden, jossa kertoi poikansa Charlien olevan sairaalahoidossa yliannostuksen vuoksi, mutta h\u00e4n ei ole kuollut.<\/p>\n<p class=\"paragraph\">Sheen oli ennen sairaalaan joutumistaan piikitt\u00e4nyt kokaiinia.<\/p>\n<p class=\"paragraph\">Sheen muistelee dokumentissa, miten huumeidenk\u00e4ytt\u00f6 vaikutti ty\u00f6ntekoonkin. Vuonna 1997 ilmestyi Sheenin ja Chris Tuckerin t\u00e4hditt\u00e4m\u00e4 komedia Rahalla saa.<\/p>\n<p class=\"paragraph\">Sheenill\u00e4 oli rauhallisempi vaihe, joten kuvaukset sujuivat hyvin aina siihen asti, kunnes ne eiv\u00e4t sujuneet hyvin.<\/p>\n<p class=\"paragraph\">\u2013 Sitten se l\u00e4hti minulla k\u00e4sist\u00e4, Sheen kertoo.<\/p>\n<p>Charlie Sheen elokuvassa Rahalla saa vuonna 1997. AOP<\/p>\n<p class=\"paragraph\">Sheen k\u00e4ytti kokaiinia kuvausten aikanakin.<\/p>\n<p class=\"paragraph\">\u2013 Yhten\u00e4 p\u00e4iv\u00e4n\u00e4 minulla oli 18 tuntia kest\u00e4nyt nen\u00e4verenvuoto. Se johtui kokaiinista. Yleens\u00e4 siin\u00e4 vaiheessa k\u00e4yd\u00e4\u00e4n tarkastuttamassa tilanne. Min\u00e4 en k\u00e4ynyt, pyyhin vain veren pois, Sheen sanoo.<\/p>\n<p class=\"paragraph\">Nen\u00e4verenvuoto ei ottanut loppuakseen, ja er\u00e4\u00e4ss\u00e4 kohtauksessa verta tippui paidallekin. T\u00e4m\u00e4 kohtaus leikattiin elokuvasta pois.<\/p>\n<p class=\"paragraph\">\u2013 Tuossa vaiheessa omat prioriteettini eiv\u00e4t olisi voineet olla enemm\u00e4n pieless\u00e4.<\/p>\n<p class=\"paragraph\">Sheen muistelee vuonna 1998 ilmestyneen Piru mieheksi -elokuvan kuvauksia Montrealissa.<\/p>\n<p class=\"paragraph\">Sheen l\u00f6ysi itselleen huumediilerin heti kaupunkiin saavuttuaan. Sheen k\u00e4ytti tuohon aikaan kokaiinia.<\/p>\n<p class=\"paragraph\">\u2013 Olin siis ylitt\u00e4nyt rajan. Ja se meni siihen pisteeseen, etten voinut pit\u00e4\u00e4 silmi\u00e4ni auki. Luomet tuntuivat todella raskailta.<\/p>\n<p class=\"paragraph\">Ohjaaja huomasi t\u00e4m\u00e4n ja ep\u00e4ili Sheenin nukahtavan kameran eteen.<\/p>\n<p class=\"paragraph\">Sheen pyysi lasillisen j\u00e4it\u00e4 ja saikin sen.<\/p>\n<p class=\"paragraph\">\u2013 Menin vessaan, otin j\u00e4\u00e4palan ja survoin sen takamukseeni. En ollut ennen tehnyt niin. Olin pirte\u00e4 kuin peipponen. P\u00e4\u00e4sin kuvaamaan kohtauksen loppuun j\u00e4\u00e4pala perseess\u00e4ni.<\/p>\n<p class=\"paragraph\">Sheenin huumeidenk\u00e4ytt\u00f6 oli todella rajua. H\u00e4n k\u00e4ytti kokaiinin lis\u00e4ksi my\u00f6s pillereit\u00e4 ja cracki\u00e4.<\/p>\n<p class=\"paragraph\">Pahin alam\u00e4ki alkoi crackin my\u00f6t\u00e4.<\/p>\n<p class=\"paragraph\">\u2013 Jos voisin pyyhki\u00e4 sen (crackin k\u00e4yt\u00f6n) pois, olisin ehk\u00e4 v\u00e4lttynyt joiltakin aika hirvitt\u00e4vilt\u00e4 tilanteilta, Sheen sanoo.<\/p>\n<p class=\"paragraph\">Sheen on ollut nyt kahdeksan vuotta kuivilla. Omien sanojensa mukaan h\u00e4n ei k\u00e4yt\u00e4 alkoholiakaan.<\/p>\n<p class=\"paragraph\">Aka Charlie Sheen Netflixisss\u00e4. <a href=\"https:\/\/www.iltalehti.fi\/telkku\" rel=\"nofollow noopener\" target=\"_blank\">Katso kaikki TV-ohjelmat ja l\u00e4hetysajat Telkun TV-oppaasta<\/a>.<\/p>\n","protected":false},"excerpt":{"rendered":"N\u00e4yttelij\u00e4 Charlie Sheenist\u00e4 kertovassa dokumentissa p\u00e4\u00e4sev\u00e4t \u00e4\u00e4neen h\u00e4nelle l\u00e4heiset ihmiset. Kaksi t\u00e4rke\u00e4\u00e4 ihmist\u00e4 kuitenkin loistaa poissaolollaan. Charlie Sheen&hellip;\n","protected":false},"author":2,"featured_media":31615,"comment_status":"","ping_status":"","sticky":false,"template":"","format":"standard","meta":{"footnotes":""},"categories":[136],"tags":[35,153,407,152,2234,155,137,33,31,30,408,154,32,140,156,109],"class_list":{"0":"post-31614","1":"post","2":"type-post","3":"status-publish","4":"format-standard","5":"has-post-thumbnail","7":"category-julkkikset","8":"tag-24h","9":"tag-audiovisuaalinen-media","10":"tag-celebrities","11":"tag-elokuva-ja-tv-nayttelijat","12":"tag-elokuvagenre","13":"tag-elokuvat","14":"tag-entertainment","15":"tag-fi","16":"tag-finland","17":"tag-finnish","18":"tag-julkkikset","19":"tag-nayttelijat-teatteri","20":"tag-suomi","21":"tag-tv-ja-elokuvat","22":"tag-tv","23":"tag-viihde"},"share_on_mastodon":{"url":"","error":""},"_links":{"self":[{"href":"https:\/\/www.europesays.com\/fi\/wp-json\/wp\/v2\/posts\/31614","targetHints":{"allow":["GET"]}}],"collection":[{"href":"https:\/\/www.europesays.com\/fi\/wp-json\/wp\/v2\/posts"}],"about":[{"href":"https:\/\/www.europesays.com\/fi\/wp-json\/wp\/v2\/types\/post"}],"author":[{"embeddable":true,"href":"https:\/\/www.europesays.com\/fi\/wp-json\/wp\/v2\/users\/2"}],"replies":[{"embeddable":true,"href":"https:\/\/www.europesays.com\/fi\/wp-json\/wp\/v2\/comments?post=31614"}],"version-history":[{"count":0,"href":"https:\/\/www.europesays.com\/fi\/wp-json\/wp\/v2\/posts\/31614\/revisions"}],"wp:featuredmedia":[{"embeddable":true,"href":"https:\/\/www.europesays.com\/fi\/wp-json\/wp\/v2\/media\/31615"}],"wp:attachment":[{"href":"https:\/\/www.europesays.com\/fi\/wp-json\/wp\/v2\/media?parent=31614"}],"wp:term":[{"taxonomy":"category","embeddable":true,"href":"https:\/\/www.europesays.com\/fi\/wp-json\/wp\/v2\/categories?post=31614"},{"taxonomy":"post_tag","embeddable":true,"href":"https:\/\/www.europesays.com\/fi\/wp-json\/wp\/v2\/tags?post=31614"}],"curies":[{"name":"wp","href":"https:\/\/api.w.org\/{rel}","templated":true}]}}