{"id":316178,"date":"2026-08-03T14:55:12","date_gmt":"2026-08-03T14:55:12","guid":{"rendered":"https:\/\/www.europesays.com\/fi\/316178\/"},"modified":"2026-08-03T14:55:12","modified_gmt":"2026-08-03T14:55:12","slug":"juontaja-kopi-kallio-tankkasi-mattoa-kuvat","status":"publish","type":"post","link":"https:\/\/www.europesays.com\/fi\/316178\/","title":{"rendered":"Juontaja K\u00f6pi Kallio tankkasi m\u00e4tt\u00f6\u00e4 \u2013 kuvat!"},"content":{"rendered":"<p>            Timo Korhonen\n        <\/p>\n<p class=\"subtitle \">K\u00f6pi pupelsi burgeria kuin viimeist\u00e4 p\u00e4iv\u00e4\u00e4.<\/p>\n<p class=\"article-content article-content-width !bg-background\">Radiojuontaja ja futisintoilija , 36, on yksi t\u00e4m\u00e4n hetken kuumimmista porilaiskasvoista.\u00a0<\/p>\n<p class=\"font-weight-bold m-font-weight-bold article-content article-content-width !bg-background\">Katso my\u00f6s! Jere Karalahdella oli vauhti p\u00e4\u00e4ll\u00e4 festareilla:<\/p>\n<p class=\"article-content article-content-width !bg-background\">K\u00f6pi tuntee suurta ylpeytt\u00e4 kotiseudustaan, ja miehen l\u00e4mpim\u00e4t tunteet Satakunnan maakuntakeskusta kohtaan ovat tulleet selv\u00e4ksi jokaiselle v\u00e4h\u00e4nk\u00e4\u00e4n K\u00f6pin juttuja kuunnelleelle.\u00a0<\/p>\n<p>Roskaruokaa ja testosteronia<\/p>\n<p class=\"article-content article-content-width !bg-background\">Hein\u00e4-elokuun vaihteessa musiikkiv\u00e4ki kokoontui Poriin Porispere-festivaalin merkeiss\u00e4. Kelttipunkkia soittavan Dropkick Murphys&#8217;n ohella lavalle nousivat muun muassa Happoradio, Kuumaa sek\u00e4 Hokka.\u00a0<\/p>\n<p>        <a itemprop=\"url\" href=\"https:\/\/www.seiska.fi\/vain-seiskassa\/viki-eerikkila-kaljoitteli-lentoasemalla-naisseurassa-kuvat\/2135204\" rel=\"nofollow noopener\" target=\"_blank\"><\/p>\n<p>\nViki Eerikkil\u00e4\n<\/p>\n<p class=\"section-date\">\n        <strong class=\"article-section\" data-section=\"vain seiskassa\"><br \/>\n            vain seiskassa<br \/>\n        <\/strong><br \/>\n        25.4. 08:00\n    <\/p>\n<p>Viki Eerikkil\u00e4 kaljoitteli lentoasemalla naisseurassa \u2013 kuvat!\n    <\/p>\n<p itemprop=\"description\" class=\"subtitle \">\n    Viki bongattiin seurueineen lentokent\u00e4n loungesta.\n<\/p>\n<p>        <\/a><\/p>\n<p class=\"article-content article-content-width !bg-background\">Kuten ehk\u00e4 odottaa saattaa, my\u00f6s K\u00f6pi sy\u00f6ksyi hy\u00f6dynt\u00e4m\u00e4\u00e4n synnyinpit\u00e4j\u00e4ns\u00e4 kulttuuritarjontaa. Er\u00e4s Seiskan kestotilaaja t\u00f6rm\u00e4si Putouksestakin tuttuun staraan lauantaina (1.8.) alkuillasta ruokakojujen l\u00e4hettyvill\u00e4.<\/p>\n<p class=\"article-content article-content-width !bg-background\">\u2013 K\u00f6pi mutusteli \u00e4ij\u00e4porukassa burgeria, joita olikin tarjolla montaa sorttia, Porista pulistaan.\u00a0<\/p>\n<p class=\"article-content article-content-width !bg-background\">\u2013 Rento meininki n\u00e4ytti olevan. Selv\u00e4sti tankkasivat ruokaa hyviss\u00e4 ajoin ennen illan p\u00e4\u00e4esiintyji\u00e4.\u00a0<\/p>\n<p>                <img decoding=\"async\" src=\"https:\/\/www.europesays.com\/fi\/wp-content\/uploads\/2026\/08\/2225155.webp\" width=\"576\" height=\"644\" alt=\"Porilainen purilaisella! K\u00f6pi vietti festareilla aikaa niin sanotusti poikaporukassa.\" loading=\"lazy\" \/>            <\/p>\n<p>\n            Porilainen purilaisella! K\u00f6pi vietti festareilla aikaa niin sanotusti poikaporukassa.<br \/>\n            Seiskan lukija\n        <\/p>\n<p class=\"article-content article-content-width !bg-background\">M\u00e4tt\u00f6session j\u00e4lkeen K\u00f6pi poistui takavasemmalle, vaikka ainakin osa seurueesta j\u00e4i viel\u00e4 p\u00f6yd\u00e4n \u00e4\u00e4reen. Viihdetaiturin p\u00e4\u00e4m\u00e4\u00e4r\u00e4 ei lukijallemme selvinnyt, mutta:\u00a0<\/p>\n<p class=\"article-content article-content-width !bg-background\">\u2013 Olisiko mennyt morottamaan tuttuja. Niit\u00e4h\u00e4n varmasti riitt\u00e4\u00e4, kun h\u00e4n on Porista kotoisin, pikkulintummekin tiet\u00e4\u00e4.\u00a0<\/p>\n<p>Perhe Porissa<\/p>\n<p class=\"article-content article-content-width !bg-background\">K\u00f6pi on viihtynyt kotikaupungissaan t\u00e4n\u00e4 kes\u00e4n\u00e4 enemm\u00e4nkin. <a href=\"https:\/\/www.seiska.fi\/kotimaa\/kopi-kalliolta-harvinainen-paljastus-perheesta\/2204497\" target=\"_blank\" rel=\"nofollow noopener\">H\u00e4n paljasti jo hein\u00e4kuun alkupuolella kirmanneensa Poriin<\/a>, jossa h\u00e4n p\u00e4\u00e4sikin viett\u00e4m\u00e4\u00e4n laatuaikaa \u00e4itins\u00e4 kanssa.\u00a0<\/p>\n<p>        <a itemprop=\"url\" href=\"https:\/\/www.seiska.fi\/katso\/kopi-kallio-intiimissa-tilanteessa-miehen-kanssa-ole-sina-alla\/2126275\" rel=\"nofollow noopener\" target=\"_blank\"><\/p>\n<p>\nK\u00f6pi Kallio\n<\/p>\n<p class=\"section-date\">\n        <strong class=\"article-section\" data-section=\"katso\"><br \/>\n            katso<br \/>\n        <\/strong><br \/>\n        14.4. 09:15\n    <\/p>\n<p>K\u00f6pi Kallio intiimiss\u00e4 tilanteessa miehen kanssa: &#8221;Ole sin\u00e4 alla&#8221;\n    <\/p>\n<p itemprop=\"description\" class=\"subtitle \">\n    K\u00f6pi Kallio kokee hetki\u00e4, jotka tuntuvat estyneest\u00e4 porilaisesta h\u00e4mment\u00e4vilt\u00e4.\n<\/p>\n<p>        <\/a><\/p>\n<p>                <img decoding=\"async\" src=\"https:\/\/www.europesays.com\/fi\/wp-content\/uploads\/2026\/08\/2225157.webp\" width=\"576\" height=\"447\" alt=\"Suosikkijuontajan tunnisti helposti t\u00e4m\u00e4n n\u00e4ytt\u00e4vist\u00e4 viiksist\u00e4.\" loading=\"lazy\" \/>            <\/p>\n<p>\n            Suosikkijuontajan tunnisti helposti t\u00e4m\u00e4n n\u00e4ytt\u00e4vist\u00e4 viiksist\u00e4.<br \/>\n            Seiskan lukija\n        <\/p>\n<p class=\"article-content article-content-width !bg-background\">K\u00f6pin Instagramiin julkaisemalla videolla t\u00e4m\u00e4n \u00e4iti katkoo heini\u00e4 pihatien varresta akkutrimmerill\u00e4. Mediapersoona l\u00f6yt\u00e4\u00e4 \u00e4itins\u00e4 ahkeruudesta kuitenkin er\u00e4\u00e4n ongelman.\u00a0<\/p>\n<p class=\"article-content article-content-width !bg-background\">\u2013 Se ei ole v*ttu ollenkaan meid\u00e4n piha niin tule pois sielt\u00e4 nyt, K\u00f6pi laukoo humoristisella videolla \u00e4idilleen.\u00a0<\/p>\n<p class=\"article-content article-content-width !bg-background\">Siviiliel\u00e4m\u00e4st\u00e4\u00e4n yleens\u00e4 huomattavan vaitonaisen K\u00f6pin on jo vuosia huhuttu viihtyv\u00e4n juontajakollegansa  seurassa my\u00f6s ty\u00f6ajan ulkopuolella. Kaksikko ei kuitenkaan ole kommentoinut suhdehuhuja.\u00a0<\/p>\n<p>        <a itemprop=\"url\" href=\"https:\/\/www.seiska.fi\/kotimaa\/jenni-poikelus-muuttopuuhissa-varastosta-paljastui-hammentava-naky\/2029693\" rel=\"nofollow noopener\" target=\"_blank\"><\/p>\n<p>\nJenni Poikelus muuttopuuhissa\n<\/p>\n<p class=\"section-date\">\n        <strong class=\"article-section\" data-section=\"kotimaa\"><br \/>\n            kotimaa<br \/>\n        <\/strong><br \/>\n        23.12.2025 13:29\n    <\/p>\n<p>Jenni Poikelus muuttopuuhissa \u2013 varastosta paljastui h\u00e4mment\u00e4v\u00e4 n\u00e4ky\n    <\/p>\n<p itemprop=\"description\" class=\"subtitle \">\n    Juontaja joutui tyhjent\u00e4m\u00e4\u00e4n kellarikomerosta my\u00f6s kodin entisen asukkaan tavaroita.\n<\/p>\n<p>        <\/a><\/p>\n<p>                <img decoding=\"async\" src=\"https:\/\/www.europesays.com\/fi\/wp-content\/uploads\/2026\/08\/2225164.webp\" width=\"576\" height=\"754\" alt=\"Jenni ja K\u00f6pi viihtyiv\u00e4t viime kes\u00e4n\u00e4 yhdess\u00e4 Porin festareista tunnetuimmilla, siis Pori Jazzeilla.\" loading=\"lazy\" \/>            <\/p>\n<p>\n            Jenni ja K\u00f6pi viihtyiv\u00e4t viime kes\u00e4n\u00e4 yhdess\u00e4 Porin festareista tunnetuimmilla, siis Pori Jazzeilla.<br \/>\n            Seiskan lukija\n        <\/p>\n<p class=\"article-content article-content-width !bg-background\">Jennin esikoislapsi syntyi hein\u00e4kuussa. Juontaja ei ole kertonut julkisuuteen, kuka lapsen is\u00e4 on.\u00a0<\/p>\n","protected":false},"excerpt":{"rendered":"Timo Korhonen K\u00f6pi pupelsi burgeria kuin viimeist\u00e4 p\u00e4iv\u00e4\u00e4. Radiojuontaja ja futisintoilija , 36, on yksi t\u00e4m\u00e4n hetken kuumimmista&hellip;\n","protected":false},"author":2,"featured_media":316179,"comment_status":"","ping_status":"","sticky":false,"template":"","format":"standard","meta":{"footnotes":"","_share_on_mastodon":"0"},"categories":[130],"tags":[137,33,31,30,14104,2853,4478,2847,40411,98,2787,19571,6249,32,1667,109],"class_list":["post-316178","post","type-post","status-publish","format-standard","has-post-thumbnail","category-viihde","tag-entertainment","tag-fi","tag-finland","tag-finnish","tag-hampurilainen","tag-jenni-poikelus","tag-kaak","tag-kopi-kallio","tag-kotikaupunki","tag-perhe","tag-pori","tag-porispere","tag-salakuva","tag-suomi","tag-tapahtumat","tag-viihde"],"share_on_mastodon":{"url":"https:\/\/pubeurope.com\/@fi\/117032158980922775","error":""},"_links":{"self":[{"href":"https:\/\/www.europesays.com\/fi\/wp-json\/wp\/v2\/posts\/316178","targetHints":{"allow":["GET"]}}],"collection":[{"href":"https:\/\/www.europesays.com\/fi\/wp-json\/wp\/v2\/posts"}],"about":[{"href":"https:\/\/www.europesays.com\/fi\/wp-json\/wp\/v2\/types\/post"}],"author":[{"embeddable":true,"href":"https:\/\/www.europesays.com\/fi\/wp-json\/wp\/v2\/users\/2"}],"replies":[{"embeddable":true,"href":"https:\/\/www.europesays.com\/fi\/wp-json\/wp\/v2\/comments?post=316178"}],"version-history":[{"count":0,"href":"https:\/\/www.europesays.com\/fi\/wp-json\/wp\/v2\/posts\/316178\/revisions"}],"wp:featuredmedia":[{"embeddable":true,"href":"https:\/\/www.europesays.com\/fi\/wp-json\/wp\/v2\/media\/316179"}],"wp:attachment":[{"href":"https:\/\/www.europesays.com\/fi\/wp-json\/wp\/v2\/media?parent=316178"}],"wp:term":[{"taxonomy":"category","embeddable":true,"href":"https:\/\/www.europesays.com\/fi\/wp-json\/wp\/v2\/categories?post=316178"},{"taxonomy":"post_tag","embeddable":true,"href":"https:\/\/www.europesays.com\/fi\/wp-json\/wp\/v2\/tags?post=316178"}],"curies":[{"name":"wp","href":"https:\/\/api.w.org\/{rel}","templated":true}]}}