{"id":316186,"date":"2026-08-03T15:01:11","date_gmt":"2026-08-03T15:01:11","guid":{"rendered":"https:\/\/www.europesays.com\/fi\/316186\/"},"modified":"2026-08-03T15:01:11","modified_gmt":"2026-08-03T15:01:11","slug":"syyttomana-vankilassa-istunut-jens-ihle-vaatii-valtiolta-yli-kaksi-miljoonaa-euroa-korvauksia-kotimaa","status":"publish","type":"post","link":"https:\/\/www.europesays.com\/fi\/316186\/","title":{"rendered":"Syytt\u00f6m\u00e4n\u00e4 vankilassa istunut Jens Ihle vaatii valtiolta yli kaksi miljoonaa euroa korvauksia | Kotimaa"},"content":{"rendered":"<p class=\"aw__sc-1qwuw0s-0 aw__sc-1vg2sqm-0 epAWpq ecELkD yle__article__paragraph\">Kyseess\u00e4 on tiett\u00e4v\u00e4ss\u00e4 Suomen historian suurin niin sanottu koppikorvausvaatimus. Se p\u00e4ihitt\u00e4\u00e4 jopa Anneli Auerin hakeman korvauksen.<\/p>\n<p><img decoding=\"async\" alt=\"Jens Ihle seisoo toimittiajien edess\u00e4, jotka ojentavat t\u00e4t\u00e4 kohti mikrofoneja (yle ja MTV).\" src=\"https:\/\/www.europesays.com\/fi\/wp-content\/uploads\/2026\/08\/1764840098.jpeg\" class=\"aw__sc-dklauk-0 LPzKX\"\/><\/p>\n<p>Avaa kuvien katselu<\/p>\n<p>Jens Ihle saapui vastamaan seksuaalirikossyytteisiin joulukuussa 2025. Kuva: Kalle M\u00e4kel\u00e4 \/ Yle<\/p>\n<p>17:04\u2022P\u00e4ivitetty 17:35<\/p>\n<p class=\"aw__sc-1qwuw0s-0 aw__sc-ngllmo-0 epAWpq fzYpjk yle__article__paragraph\"><strong class=\"aw__sc-ngllmo-2 gdRrun yle__article__strong\">Jens Ihle<\/strong> (ent. Jens Kukka) hakee Valtiokonttorilta yli kahta miljoonaa euroa korvauksia siit\u00e4, ett\u00e4 h\u00e4n istui syytt\u00f6m\u00e4n\u00e4 vankilassa.<\/p>\n<p class=\"aw__sc-1qwuw0s-0 aw__sc-ngllmo-0 epAWpq fzYpjk yle__article__paragraph\">Jos vaatimus menee l\u00e4pi, kyseess\u00e4 olisi tiett\u00e4v\u00e4sti suurin k\u00e4rsimyskorvaus vapaudenmenetyksest\u00e4 Suomessa.<\/p>\n<p class=\"aw__sc-1qwuw0s-0 aw__sc-ngllmo-0 epAWpq fzYpjk yle__article__paragraph\">Ihle hakee korvauksia k\u00e4rsimyksest\u00e4 hieman yli kaksi miljoonaa ja muita kuluja noin 26 000 euroa. Valtiokonttorin Ylelle toimittajamasta hakemuksesta on salattu se, kuinka paljon Ihle hakee korvauksia ansion- ja el\u00e4ketulojen menetyksest\u00e4.<\/p>\n<p class=\"aw__sc-1qwuw0s-0 aw__sc-ngllmo-0 epAWpq fzYpjk yle__article__paragraph\">Ihlen asianajaja <strong class=\"aw__sc-ngllmo-2 gdRrun yle__article__strong\">Kaarle Gummerus<\/strong> ei kommentoi Ylelle korvausvaatimusta t\u00e4ss\u00e4 vaiheessa.<\/p>\n<p class=\"aw__sc-1qwuw0s-0 aw__sc-ngllmo-0 epAWpq fzYpjk yle__article__paragraph\"><strong class=\"aw__sc-ngllmo-2 gdRrun yle__article__strong\">Anneli Auer<\/strong> ja h\u00e4nen entinen miesyst\u00e4v\u00e4 Jens Ihle ehtiv\u00e4t istua vuosia vankilassa syytteist\u00e4, <a class=\"aw__sc-ngllmo-1 bTDnwX yle__article__link\" href=\"https:\/\/yle.fi\/a\/74-20218380\" role=\"link\" rel=\"nofollow noopener\" target=\"_blank\">jotka oikeus hylk\u00e4si huhtikuussa<\/a>.<\/p>\n<p class=\"aw__sc-1qwuw0s-0 aw__sc-ngllmo-0 epAWpq fzYpjk yle__article__paragraph\">Ihle oli vangittuna syyskuusta 2011 huhtikuuhun 2016. Sen j\u00e4lkeen h\u00e4n oli nelisen kuukautta koevapaudessa, mink\u00e4 j\u00e4lkeen h\u00e4n p\u00e4\u00e4si ehdonalaiseen.<\/p>\n<p class=\"aw__sc-1qwuw0s-0 aw__sc-ngllmo-0 epAWpq fzYpjk yle__article__paragraph\">Varsinais-Suomen k\u00e4r\u00e4j\u00e4oikeus vapautti Auerin ja Ihlen kaikista heit\u00e4 vastaan nostetuista seksuaalirikossyytteist\u00e4. Valtakunnansyytt\u00e4j\u00e4 <a class=\"aw__sc-ngllmo-1 bTDnwX yle__article__link\" href=\"https:\/\/yle.fi\/a\/74-20227409\" role=\"link\" rel=\"nofollow noopener\" target=\"_blank\">ei valittanut<\/a> Auerin ja Ihlen vapauttavista seksuaalirikostuomioista, joten k\u00e4r\u00e4j\u00e4oikeuden p\u00e4\u00e4t\u00f6s on lainvoimainen.<\/p>\n<p class=\"aw__sc-1qwuw0s-0 aw__sc-ngllmo-0 epAWpq fzYpjk yle__article__paragraph\">Syytt\u00e4j\u00e4 valitti kuitenkin hovioikeuteen niist\u00e4 k\u00e4r\u00e4j\u00e4oikeuden hylk\u00e4\u00e4mist\u00e4 pahoinpitelytuomioista, joita korkein oikeus ei ollut aiemmin purkanut. Lis\u00e4ksi valtakunnansyytt\u00e4j\u00e4 valitti hovioikeuteen asianajajien palkkioista.<\/p>\n<p class=\"aw__sc-1qwuw0s-0 aw__sc-ngllmo-0 epAWpq fzYpjk yle__article__paragraph\">My\u00f6s Auer on hakenut <a class=\"aw__sc-ngllmo-1 bTDnwX yle__article__link\" href=\"https:\/\/yle.fi\/a\/74-20232962\" role=\"link\" rel=\"nofollow noopener\" target=\"_blank\">korvauksia<\/a>. H\u00e4n vaatii yhteens\u00e4 1,3 miljoonan euron korvauksia vajaan nelj\u00e4n vuoden vapaudenmenetyksest\u00e4.<\/p>\n<p class=\"aw__sc-1qwuw0s-0 aw__sc-ngllmo-0 epAWpq fzYpjk yle__article__paragraph\">3.8.2026 kello 17.35 juttua muokattu: artikkeliin lis\u00e4tty tieto siit\u00e4, ettei Ihlen asianajaja Kaarle Gummerus ei kommentoi korvausvaatimusta.<\/p>\n","protected":false},"excerpt":{"rendered":"Kyseess\u00e4 on tiett\u00e4v\u00e4ss\u00e4 Suomen historian suurin niin sanottu koppikorvausvaatimus. Se p\u00e4ihitt\u00e4\u00e4 jopa Anneli Auerin hakeman korvauksen. Avaa kuvien&hellip;\n","protected":false},"author":2,"featured_media":316187,"comment_status":"","ping_status":"","sticky":false,"template":"","format":"standard","meta":{"footnotes":"","_share_on_mastodon":"0"},"categories":[5],"tags":[10877,22,23,26,27,33,31,30,17,71,24,25,28,29,15,2098,1915,18,21,32,19,20,16,15312,663],"class_list":["post-316186","post","type-post","status-publish","format-standard","has-post-thumbnail","category-otsikot","tag-anneli-auer","tag-breaking-news","tag-breakingnews","tag-featured-news","tag-featurednews","tag-fi","tag-finland","tag-finnish","tag-headlines","tag-kotimaa","tag-latest-news","tag-latestnews","tag-main-news","tag-mainnews","tag-news","tag-oikeudenkaynnit","tag-oikeus","tag-otsikot","tag-paauutiset","tag-suomi","tag-top-stories","tag-topstories","tag-uutiset","tag-vahingonkorvaus","tag-varsinais-suomi"],"share_on_mastodon":{"url":"","error":""},"_links":{"self":[{"href":"https:\/\/www.europesays.com\/fi\/wp-json\/wp\/v2\/posts\/316186","targetHints":{"allow":["GET"]}}],"collection":[{"href":"https:\/\/www.europesays.com\/fi\/wp-json\/wp\/v2\/posts"}],"about":[{"href":"https:\/\/www.europesays.com\/fi\/wp-json\/wp\/v2\/types\/post"}],"author":[{"embeddable":true,"href":"https:\/\/www.europesays.com\/fi\/wp-json\/wp\/v2\/users\/2"}],"replies":[{"embeddable":true,"href":"https:\/\/www.europesays.com\/fi\/wp-json\/wp\/v2\/comments?post=316186"}],"version-history":[{"count":0,"href":"https:\/\/www.europesays.com\/fi\/wp-json\/wp\/v2\/posts\/316186\/revisions"}],"wp:featuredmedia":[{"embeddable":true,"href":"https:\/\/www.europesays.com\/fi\/wp-json\/wp\/v2\/media\/316187"}],"wp:attachment":[{"href":"https:\/\/www.europesays.com\/fi\/wp-json\/wp\/v2\/media?parent=316186"}],"wp:term":[{"taxonomy":"category","embeddable":true,"href":"https:\/\/www.europesays.com\/fi\/wp-json\/wp\/v2\/categories?post=316186"},{"taxonomy":"post_tag","embeddable":true,"href":"https:\/\/www.europesays.com\/fi\/wp-json\/wp\/v2\/tags?post=316186"}],"curies":[{"name":"wp","href":"https:\/\/api.w.org\/{rel}","templated":true}]}}