{"id":316194,"date":"2026-08-03T15:25:19","date_gmt":"2026-08-03T15:25:19","guid":{"rendered":"https:\/\/www.europesays.com\/fi\/316194\/"},"modified":"2026-08-03T15:25:19","modified_gmt":"2026-08-03T15:25:19","slug":"oikeusministeri-hylkasi-trumpin-tukijoille-suunnatun-miljardirahaston-uutisia-lyhyesti","status":"publish","type":"post","link":"https:\/\/www.europesays.com\/fi\/316194\/","title":{"rendered":"Oikeusministeri hylk\u00e4si Trumpin tukijoille suunnatun miljardirahaston | Uutisia lyhyesti"},"content":{"rendered":"<p class=\"aw__sc-1qwuw0s-0 aw__sc-1vg2sqm-0 epAWpq ecELkD yle__article__paragraph\">Kaksi republikaanisenaattoria vastusti rahastoa  yhdess\u00e4 demokraattien kanssa.<\/p>\n<p><img decoding=\"async\" alt=\"Todd Blanche kuvattuna 15. hein\u00e4kuuta 2026.\" src=\"https:\/\/www.europesays.com\/fi\/wp-content\/uploads\/2026\/08\/1785767967.jpeg\" class=\"aw__sc-dklauk-0 LPzKX\"\/><\/p>\n<p>Avaa kuvien katselu<\/p>\n<p>Yhdysvaltain vt. oikeusministeri Todd Blanche on lopullisesti haudannut presidentti Donald Trumpin luoman rahaston, joka oli tarkoitettu Trumpin tukijoille. Kuva: Eric Lee \/ AFP<\/p>\n<p>17:30\u2022P\u00e4ivitetty 17:40<\/p>\n<p class=\"aw__sc-1qwuw0s-0 aw__sc-ngllmo-0 epAWpq fzYpjk yle__article__paragraph\">Yhdysvaltain vt. oikeusministeri <strong class=\"aw__sc-ngllmo-2 gdRrun yle__article__strong\">Todd Blanche<\/strong> on lopullisesti haudannut presidentti <strong class=\"aw__sc-ngllmo-2 gdRrun yle__article__strong\">Donald Trumpin<\/strong> luoman rahaston, joka oli tarkoitettu Trumpin tukijoille.<\/p>\n<p class=\"aw__sc-1qwuw0s-0 aw__sc-ngllmo-0 epAWpq fzYpjk yle__article__paragraph\">Rahasto oli muodollisesti tarkoitettu auttamaan henkil\u00f6it\u00e4, joita oikeusministeri\u00f6 oli v\u00e4itetysti kohdellut kaltoin edellisen presidentin <strong class=\"aw__sc-ngllmo-2 gdRrun yle__article__strong\">Joe Bidenin<\/strong> aikana. N\u00e4it\u00e4 henkil\u00f6it\u00e4 olisivat olleet esimerkiksi kongressiin hy\u00f6k\u00e4nneet ja sen takia tuomion saaneet Trumpin tukijat.<\/p>\n<p class=\"aw__sc-1qwuw0s-0 aw__sc-ngllmo-0 epAWpq fzYpjk yle__article__paragraph\">Trump oli vaatinut Yhdysvaltain oikeusministeri\u00f6lt\u00e4 korvausta, koska ministeri\u00f6 oli Trumpin mukaan toiminut v\u00e4\u00e4rin h\u00e4nen verotietojensa suhteen. Neuvottelujen j\u00e4lkeen ministeri\u00f6 oli hyv\u00e4ksynyt 1,776 miljardin dollarin rahaston. Luku tulee Yhdysvaltain itsen\u00e4istymisvuodesta.<\/p>\n<p class=\"aw__sc-1qwuw0s-0 aw__sc-ngllmo-0 epAWpq fzYpjk yle__article__paragraph\">Blanche joutuu hylk\u00e4\u00e4m\u00e4\u00e4n hankkeen, koska sille ei olisi l\u00f6ytynyt tukea kongressista. Kaksi republikaanisenaattoria; <strong class=\"aw__sc-ngllmo-2 gdRrun yle__article__strong\">Thom Tillis<\/strong> ja <strong class=\"aw__sc-ngllmo-2 gdRrun yle__article__strong\">John Cornyn<\/strong> vastustivat Blanchen nimitt\u00e4mist\u00e4 varsinaiseksi ministeriksi. Ehtona tuelleen he vaativat, ett\u00e4 rahasto hyl\u00e4t\u00e4\u00e4n.<\/p>\n<p class=\"aw__sc-1qwuw0s-0 aw__sc-ngllmo-0 epAWpq fzYpjk yle__article__paragraph\">Demokraattien mielest\u00e4 rahasto olisi ollut suoranaista lahjontaa.<\/p>\n<p class=\"aw__sc-1qwuw0s-0 aw__sc-ngllmo-0 epAWpq fzYpjk yle__article__paragraph\">L\u00e4hteet: Reuters, AP<\/p>\n","protected":false},"excerpt":{"rendered":"Kaksi republikaanisenaattoria vastusti rahastoa yhdess\u00e4 demokraattien kanssa. Avaa kuvien katselu Yhdysvaltain vt. oikeusministeri Todd Blanche on lopullisesti haudannut&hellip;\n","protected":false},"author":2,"featured_media":316195,"comment_status":"","ping_status":"","sticky":false,"template":"","format":"standard","meta":{"footnotes":"","_share_on_mastodon":"0"},"categories":[14],"tags":[22,23,585,26,27,33,31,30,17,24,25,28,29,15,18,21,1443,32,19,20,56,16,59,60,61,619,10136,5087],"class_list":["post-316194","post","type-post","status-publish","format-standard","has-post-thumbnail","category-ulkomaat","tag-breaking-news","tag-breakingnews","tag-donald-trump","tag-featured-news","tag-featurednews","tag-fi","tag-finland","tag-finnish","tag-headlines","tag-latest-news","tag-latestnews","tag-main-news","tag-mainnews","tag-news","tag-otsikot","tag-paauutiset","tag-rahastot","tag-suomi","tag-top-stories","tag-topstories","tag-ulkomaat","tag-uutiset","tag-world","tag-world-news","tag-worldnews","tag-yhdysvallat","tag-yhdysvaltain-oikeusministerio","tag-yhdysvaltain-republikaaninen-puolue"],"share_on_mastodon":{"url":"https:\/\/pubeurope.com\/@fi\/117032276883486932","error":""},"_links":{"self":[{"href":"https:\/\/www.europesays.com\/fi\/wp-json\/wp\/v2\/posts\/316194","targetHints":{"allow":["GET"]}}],"collection":[{"href":"https:\/\/www.europesays.com\/fi\/wp-json\/wp\/v2\/posts"}],"about":[{"href":"https:\/\/www.europesays.com\/fi\/wp-json\/wp\/v2\/types\/post"}],"author":[{"embeddable":true,"href":"https:\/\/www.europesays.com\/fi\/wp-json\/wp\/v2\/users\/2"}],"replies":[{"embeddable":true,"href":"https:\/\/www.europesays.com\/fi\/wp-json\/wp\/v2\/comments?post=316194"}],"version-history":[{"count":0,"href":"https:\/\/www.europesays.com\/fi\/wp-json\/wp\/v2\/posts\/316194\/revisions"}],"wp:featuredmedia":[{"embeddable":true,"href":"https:\/\/www.europesays.com\/fi\/wp-json\/wp\/v2\/media\/316195"}],"wp:attachment":[{"href":"https:\/\/www.europesays.com\/fi\/wp-json\/wp\/v2\/media?parent=316194"}],"wp:term":[{"taxonomy":"category","embeddable":true,"href":"https:\/\/www.europesays.com\/fi\/wp-json\/wp\/v2\/categories?post=316194"},{"taxonomy":"post_tag","embeddable":true,"href":"https:\/\/www.europesays.com\/fi\/wp-json\/wp\/v2\/tags?post=316194"}],"curies":[{"name":"wp","href":"https:\/\/api.w.org\/{rel}","templated":true}]}}