{"id":3162,"date":"2025-08-12T11:05:45","date_gmt":"2025-08-12T11:05:45","guid":{"rendered":"https:\/\/www.europesays.com\/fi\/3162\/"},"modified":"2025-08-12T11:05:45","modified_gmt":"2025-08-12T11:05:45","slug":"microsoft-esittelee-hybridityohon-ja-liikkuvaan-elamantapaan-suunnitellut-windows-11-kayttojarjestelman-surface-laitteet-uutishuone","status":"publish","type":"post","link":"https:\/\/www.europesays.com\/fi\/3162\/","title":{"rendered":"Microsoft esittelee hybridity\u00f6h\u00f6n ja liikkuvaan el\u00e4m\u00e4ntapaan suunnitellut Windows 11-k\u00e4ytt\u00f6j\u00e4rjestelm\u00e4n Surface-laitteet \u2013 Uutishuone"},"content":{"rendered":"<p>Moderni arki asettaa laitteille, ohjelmistoille, j\u00e4rjestelmille ja yhteensopivuudelle aivan uuden vaatimustason. Ergonomia, kest\u00e4vyys ja monimuotoinen k\u00e4ytett\u00e4vyys ovat kriittisi\u00e4 ominaisuuksia eri el\u00e4m\u00e4ntilanteissa. Microsoft Surface -laitteiden suunnittelun l\u00e4ht\u00f6kohta on aina muotoilun, ohjelmiston ja laitteen harmonia. Surface tarjoaa parhaan mahdollisen k\u00e4ytt\u00f6kokemuksen toimien suunnann\u00e4ytt\u00e4j\u00e4n\u00e4 koko Windows-ekosysteemille.\u00a0\u00a0<\/p>\n<p>Jokainen uusi Windows-versio mahdollistaa uuden sukupolven laitteistoinnovaatioita. Windows 11:n julkaisun yhteydess\u00e4 teemme j\u00e4lleen merkitt\u00e4vi\u00e4 uudistuksia Surface-valikoimaan. PixelSense-n\u00e4yt\u00f6ill\u00e4, uudella kyn\u00e4teknologialla, premium-tason mikrofoneilla ja kameroilla sek\u00e4 tehokkailla suorittimilla varustetut uudet Surface-laitteet eri kokoluokissa on suunniteltu viem\u00e4\u00e4n Windows-kokemus seuraavalle tasolle. Surface-valikoimaan on tulossa seuraavat laitteet:\u00a0<\/p>\n<ul>\n<li data-leveltext=\"\uf0b7\" data-font=\"Symbol\" data-listid=\"10\" aria-setsize=\"-1\" data-aria-posinset=\"1\" data-aria-level=\"1\">2-in-1-perheen\u00a0t\u00e4ysin\u00a0uudelleen suunniteltu\u00a0<a href=\"https:\/\/www.microsoft.com\/fi-fi\/d\/surface-pro-8\/8qwcrtq8v8xg?rtc=1\" rel=\"nofollow noopener\" target=\"_blank\">Surface Pro 8<\/a>,\u00a0uusi\u00a0<a href=\"https:\/\/www.microsoft.com\/fi-fi\/d\/surface-go-3\/904h27d0cbwn?rtc=1\" rel=\"nofollow noopener\" target=\"_blank\">Surface Go 3<\/a>\u00a0ja\u00a0uudistettu\u00a0<a href=\"https:\/\/www.microsoft.com\/fi-fi\/d\/surface-pro-x\/8xtmb6c575md?rtc=1\" rel=\"nofollow noopener\" target=\"_blank\">Surface Pro X<\/a>\u00a0<\/li>\n<li data-leveltext=\"\uf0b7\" data-font=\"Symbol\" data-listid=\"10\" aria-setsize=\"-1\" data-aria-posinset=\"2\" data-aria-level=\"1\">Surface Duo 2\u00a0\u2013 mobiilituottavuutta\u00a0kahdella n\u00e4yt\u00f6ll\u00e4\u00a0<\/li>\n<li data-leveltext=\"\uf0b7\" data-font=\"Symbol\" data-listid=\"10\" aria-setsize=\"-1\" data-aria-posinset=\"3\" data-aria-level=\"1\"><a href=\"https:\/\/www.microsoft.com\/d\/surface-slim-pen-2\/8TB9XW8RWC14\" rel=\"nofollow noopener\" target=\"_blank\">Surface Slim Pen 2<\/a>, joka\u00a0vie digitaalisen piirt\u00e4misen uudelle tasolle\u00a0\u00a0<\/li>\n<li data-leveltext=\"\uf0b7\" data-font=\"Symbol\" data-listid=\"10\" aria-setsize=\"-1\" data-aria-posinset=\"4\" data-aria-level=\"1\">Uusia tarvikkeita, joiden suunnittelun l\u00e4ht\u00f6kohtana on uudenlainen suhtautuminen tuotteiden valmistukseen, ymp\u00e4rist\u00f6vastuuseen ja saavutettavuuteen. \u00a0<\/li>\n<\/ul>\n<p><a href=\"https:\/\/www.europesays.com\/fi\/wp-content\/uploads\/2025\/08\/1-Surface-Laptop-Studio-Hero_under-embargo-until-September-22-scaled.jpg\"><img loading=\"lazy\" decoding=\"async\" class=\"alignnone wp-image-26251 size-full\" src=\"https:\/\/www.europesays.com\/fi\/wp-content\/uploads\/2025\/08\/1-Surface-Laptop-Studio-Hero_under-embargo-until-September-22-scaled.jpg\" alt=\"Surface Laptop Studio\" width=\"2560\" height=\"1440\"  \/><\/a><\/p>\n<p aria-level=\"1\"><strong>Microsoft Surface Laptop Studio\u00a0\u00a0<\/strong><\/p>\n<p>Windows 11:t\u00e4 varten suunniteltu Surface Laptop Studio on tehokkain\u00a0koskaan kehitetty\u00a0Surface-laite.\u00a0Surface Laptop Studio on rakennettu t\u00e4ydelliseksi laitteeksi ohjelmistokehitt\u00e4jille, luovien alojen ammattilaisille, viikonloppupelailijoille ja suunnittelijoille.\u00a0\u00a0<\/p>\n<p>Surface Laptop Studiossa on uusi, \u00e4\u00e4rimm\u00e4isen kest\u00e4v\u00e4 Dynamic Woven Hinge -sarana, jonka ansiosta laite muuntautuu saumattomasti eri k\u00e4ytt\u00f6tarkoituksiin.\u00a0<\/p>\n<ul>\n<li data-leveltext=\"\uf0b7\" data-font=\"Symbol\" data-listid=\"5\" aria-setsize=\"-1\" data-aria-posinset=\"0\" data-aria-level=\"1\">Laptop-tila tarjoaa ensiluokkaisen kirjoitustuntuman t\u00e4ydell\u00e4 n\u00e4pp\u00e4imist\u00f6ll\u00e4 ja Precision Haptic -kosketuslevyll\u00e4.\u00a0<\/li>\n<li data-leveltext=\"\uf0b7\" data-font=\"Symbol\" data-listid=\"5\" aria-setsize=\"-1\" data-aria-posinset=\"0\" data-aria-level=\"1\">Stage-tilassa 14,4 tuuman PixelSense-kosketusn\u00e4ytt\u00f6 liukuu etualalle t\u00e4ydelliseen kulmaan pelaamista, suoratoistoa, telakkak\u00e4ytt\u00f6\u00e4 tai esityksen pit\u00e4mist\u00e4 varten. N\u00e4pp\u00e4imist\u00f6n ollessa piilossa voit uppoutua t\u00e4ysin kosketusn\u00e4ytt\u00f6\u00f6n Surface Slim Pen 2 -kyn\u00e4n, kosketuksen tai kosketuslevyn avulla.\u00a0<\/li>\n<li data-leveltext=\"\uf0b7\" data-font=\"Symbol\" data-listid=\"5\" aria-setsize=\"-1\" data-aria-posinset=\"0\" data-aria-level=\"1\">Studio-tila tarjoaa\u00a0erinomaisen\u00a0alustan\u00a0luovaan ty\u00f6h\u00f6n, kuten kirjoittamiseen tai piirt\u00e4miseen.\u00a0Surface Slim Pen 2 -kyn\u00e4n saa s\u00e4ilytetty\u00e4 k\u00e4tev\u00e4sti n\u00e4pp\u00e4imist\u00f6n alla, jonne se kiinnittyy magneettisesti ja jossa se latautuu seuraavaa k\u00e4ytt\u00f6kertaa varten1. Monipuolinen kannettava tietokone p\u00e4\u00e4st\u00e4\u00e4 k\u00e4ytt\u00e4j\u00e4n mielikuvituksen valloilleen sovelluksia kehitett\u00e4ess\u00e4, videoita toistettaessa tai tehoa vaativia pelej\u00e4 pelattaessa. 11. sukupolven Intel\u00ae Core\u2122 H35 -suoritin ja NVIDIA\u00ae GeForce RTX\u2122 -n\u00e4yt\u00f6nohjain varmistavat, ett\u00e4 Laptop Studiossa on tehoa suorittaa vaivattomasti vaativimmatkin teht\u00e4v\u00e4t. \u00a0Surface Laptop Studio\u00a0tulee saataville vuoden 2022\u00a0alussa, hinnat alkaen\u00a01 799\u00a0\u20ac.\u00a0<\/li>\n<\/ul>\n<p><a href=\"https:\/\/www.europesays.com\/fi\/wp-content\/uploads\/2025\/08\/2-Surface-Pro-8-with-Type-Cover_under-embargo-until-September-22-scaled.jpg\"><img loading=\"lazy\" decoding=\"async\" class=\"alignnone wp-image-26250 size-full\" src=\"https:\/\/www.europesays.com\/fi\/wp-content\/uploads\/2025\/08\/2-Surface-Pro-8-with-Type-Cover_under-embargo-until-September-22-scaled.jpg\" alt=\"Surface Pro 8\" width=\"2560\" height=\"1440\"  \/><\/a><\/p>\n<p aria-level=\"1\"><strong>Microsoft Surface Pro 8\u00a0\u00a0<\/strong><\/p>\n<p>Ikonisen 2-in-1-laitteemme uudistettu versio on merkitt\u00e4vin askel eteenp\u00e4in sitten Pro 3:n julkaisemisen j\u00e4lkeen. Surface Pro 8 on yli kaksi kertaa nopeampi kuin Pro 7. Intel\u00ae Evo\u2122 -alustalle kehitetyss\u00e4 laitteessa on 11. sukupolven Intel\u00ae Core\u2122 -suoritin ja kaksi Thunderbolt 4 -porttia. Entist\u00e4 tehokkaampi Surface Pro 8 Windows 11 -k\u00e4ytt\u00f6j\u00e4rjestelm\u00e4ll\u00e4 ja 16 tunnin akunkestolla2\u00a0on markkinoiden tehokkain\u00a02-in-1-laite.\u00a0<\/p>\n<p>Surface Pro 8:ssa on v\u00e4rit kirkkaasti toistava, k\u00e4yt\u00e4nn\u00f6ss\u00e4 reunaton 13 tuuman PixelSense -kosketusn\u00e4ytt\u00f6. Surface-laitteiden teknisesti edistyneimm\u00e4n n\u00e4yt\u00f6n Dolby\u00ae\u202fVision\u2122 ja Adaptive Color Technology varmistavat silmille mukavan ja luonnollisen\u00a0 katselukokemuksen. Pro 8 on t\u00e4ydellinen hybridilaite, joka yhdist\u00e4\u00e4 dynaamisen matkatabletin ja kotitoimiston tehokkaan tietokoneen. Laitteessa on huipputarkka 5 megapikselin etukamera, 10 megapikselin 4K-takakamera, Dolby\u00ae\u202fAtmos\u2122\u202f-\u00e4\u00e4net ja kaksi far field -studiomikrofonia, joiden ansiosta kuulostat ja n\u00e4yt\u00e4t parhaimmaltasi. \u00a0<\/p>\n<p>Uusi Surface Slim Pen 2 s\u00e4ilyy ja latautuu uudessa Surface Pro Signature Keyboard -n\u00e4pp\u00e4imist\u00f6ss\u00e4, mink\u00e4 ansiosta kyn\u00e4 on valmiina aina inspiraation iskiess\u00e4. 120 hertsin virkistystaajuuden ansiosta Pro 8 tarjoaa ennenn\u00e4kem\u00e4tt\u00f6m\u00e4n kyn\u00e4tuntuman ja piirt\u00e4miskokemuksen.\u00a0<\/p>\n<p>Surface Pro 8 tulee myyntiin vuoden\u00a02022\u00a0alussa, hinnat alkaen\u00a01\u202f229 \u20ac.\u00a0\u00a0<\/p>\n<p><a href=\"https:\/\/www.europesays.com\/fi\/wp-content\/uploads\/2025\/08\/5-Surface-Go-3-Teams-scaled.jpg\"><img loading=\"lazy\" decoding=\"async\" class=\"alignnone wp-image-26248 size-full\" src=\"https:\/\/www.europesays.com\/fi\/wp-content\/uploads\/2025\/08\/5-Surface-Go-3-Teams-scaled.jpg\" alt=\"Surface Go 3\" width=\"2560\" height=\"1707\"  \/><\/a><\/p>\n<p>\u00a0<\/p>\n<p aria-level=\"1\"><strong>Microsoft Surface Go 3\u00a0\u00a0<\/strong><\/p>\n<p>N\u00e4pp\u00e4rin\u00a0Surface 2-in-1\u00a0-laitteemme\u00a0sopii t\u00e4ydellisesti jokap\u00e4iv\u00e4isiin teht\u00e4viin, kotil\u00e4ksyihin\u00a0ja\u00a0vapaa-aikaan.\u00a0Intel Core i3 -suorittimella varustettu <a href=\"https:\/\/www.microsoft.com\/fi-fi\/d\/Surface-Go-3\/904H27D0CBWN?ocid=fi-fi_go3_launch_fy22q1\" rel=\"nofollow noopener\" target=\"_blank\">Surface Go 3<\/a> on suunniteltu hy\u00f6dynt\u00e4m\u00e4\u00e4n Windows 11:st\u00e4 kokonaisvaltaisesti, ja laite on nyt 60 prosenttia aiempaa nopeampi ja siin\u00e4 on koko p\u00e4iv\u00e4n kest\u00e4v\u00e4 akku2, LTE Advanced3\u00a0 -yhteys (vaihtoehtona) ja sis\u00e4\u00e4nrakennetut Microsoft-turvaratkaisut. Surface Go 3 on optimoitu tabletti- ja laptop-k\u00e4ytt\u00f6\u00f6n digitaalisen kyn\u00e4n ja kosketuksen avulla.\u00a0<\/p>\n<p>Surface Go 3 painaa vain noin 540 grammaa ja siin\u00e4 on 1080 pikselin kamerat, luokkansa parhaat studiomikrofonit, Dolby Audio -\u00e4\u00e4ni ja 10,5 tuuman kosketusn\u00e4ytt\u00f6. Go 3 on t\u00e4ydellinen laite yhteydenpitoon ja yhteisty\u00f6h\u00f6n paikasta riippumatta.\u00a0<\/p>\n<p>Surface Go 3 WiFi tulee saataville lokakuussa, hinnat alkaen 469 \u20ac. LTE-mallit tulevat saataville alkuvuodesta 2022. Opiskelijat, huoltajat ja opettajat saavat 5% alennuksen ostaessaan <a href=\"https:\/\/www.microsoft.com\/fi-fi\/d\/Surface-Go-3\/904H27D0CBWN?ocid=fi-fi_go3_launch_fy22q1\" rel=\"nofollow noopener\" target=\"_blank\">Surface Go 3:n Microsoft Storesta<\/a>!<\/p>\n<p>Lis\u00e4tietoja Surface Go 3:sta yrityksille l\u00f6ytyy <a href=\"https:\/\/www.microsoft.com\/fi-fi\/d\/Surface-Go-3-for-Business\/8MSJBNL8HBXW\" rel=\"nofollow noopener\" target=\"_blank\">t\u00e4\u00e4lt\u00e4<\/a>, yrityshinnat alkaen 569\u20ac (sis. ALV.).<\/p>\n<p><a href=\"https:\/\/www.europesays.com\/fi\/wp-content\/uploads\/2025\/08\/3-Surface-Slim-Pen-2_under-embargo-until-September-22-scaled.jpg\"><img loading=\"lazy\" decoding=\"async\" class=\"alignnone wp-image-26246 size-full\" src=\"https:\/\/www.europesays.com\/fi\/wp-content\/uploads\/2025\/08\/3-Surface-Slim-Pen-2_under-embargo-until-September-22-scaled.jpg\" alt=\"Surface Slim Pen 2\" width=\"2560\" height=\"1440\"  \/><\/a><\/p>\n<p aria-level=\"1\"><strong>Microsoft Surface Slim Pen 2<\/strong>\u00a0<\/p>\n<p>Yksinkertainen ja miellytt\u00e4v\u00e4 kyn\u00e4tuntuma saa uppoutumaan tuottavaan ja luovaan ty\u00f6h\u00f6n sek\u00e4 auttaa painamaan asioita mieleen.\u00a0 \u00a0<a href=\"https:\/\/www.microsoft.com\/fi-fi\/d\/surface-slim-pen-2\/8TB9XW8RWC14?rtc=1\" rel=\"nofollow noopener\" target=\"_blank\">Surface\u00a0Slim\u00a0Pen\u00a02<\/a>:n kyn\u00e4tuntuma on entist\u00e4kin monipuolisempi, luonnollisempi ja sujuvampi.\u00a0<\/p>\n<p>Surface Slim Pen 2:ssa on huippuluokan herkkyys. Uudelleen suunniteltu, entist\u00e4 ter\u00e4v\u00e4mpi k\u00e4rki mahdollistaa tarkan kirjoitus-, v\u00e4ritys- ja piirtoty\u00f6n. Magneettisesti Surface Laptop Studioon kiinnitettyn\u00e4 tai Surface Pro Signature Keyboardin sis\u00e4ll\u00e4 s\u00e4ilytettyn\u00e4 kyn\u00e4 latautuu valmiiksi seuraavaa k\u00e4ytt\u00f6kertaa varten.\u00a0<\/p>\n<p>Surface Slim Pen 2 hy\u00f6dynt\u00e4\u00e4 uusia Windows 11:n ominaisuuksia ja Surface Laptop Studion ja Surface Pro 8:n omaa Microsoft G6 -suoritinta, jonka tuottamat tuntosignaalit luovat kokemuksen kyn\u00e4st\u00e4 paperilla. Surface Slim Pen 2:n sis\u00e4\u00e4nrakennettu\u00a0 v\u00e4rin\u00e4vaste saa aikaan luonnollisen tuntuman muistiinpanoja tehdess\u00e4 ja piirt\u00e4ess\u00e4. Tuntosignaaleja k\u00e4ytet\u00e4\u00e4n my\u00f6s palautteena luonnollisia eleit\u00e4 k\u00e4ytett\u00e4ess\u00e4, esimerkiksi ymp\u00e4r\u00f6it\u00e4ess\u00e4 objekteja Microsoft 365 -sovelluksissa ja k\u00e4ytett\u00e4ess\u00e4 Adobe Fresco -ty\u00f6kaluja.\u00a0<\/p>\n<p>Surface\u00a0Slim\u00a0Pen\u00a02\u00a0tulee saataville vuoden 2022 alussa suositushintaan 134,99 \u20ac.\u00a0\u00a0<\/p>\n<p><a href=\"https:\/\/www.europesays.com\/fi\/wp-content\/uploads\/2025\/08\/4-Surface-Pro-X-Hero_under-embargo-until-September-22-scaled.jpg\"><img loading=\"lazy\" decoding=\"async\" class=\"alignnone wp-image-26249 size-full\" src=\"https:\/\/www.europesays.com\/fi\/wp-content\/uploads\/2025\/08\/4-Surface-Pro-X-Hero_under-embargo-until-September-22-scaled.jpg\" alt=\"Surface Pro X\" width=\"2560\" height=\"1440\"  \/><\/a><\/p>\n<p><strong>Microsoft\u00a0<\/strong> <strong>Surface Pro X\u00a0<\/strong><\/p>\n<p>Julkistimme vuosi sitten ohuen, kevyen Surface Pro X:n LTE-yhteydell\u00e4 ja Microsoft SQ2 ARM -suorittimella. Laite yhdisti Surface Pron monipuoliset ominaisuudet mullistavaan virrank\u00e4yt\u00f6n tehokkuuteen ja yhdistett\u00e4vyyteen. Surface Pro X:ss\u00e4 on nyt Windows 11 ja emuloitu 64-bittinen arkkitehtuuri, joiden ansiosta laitteeseen on saatavilla enemm\u00e4n sovelluksia kuin koskaan aiemmin. Muun muassa Microsoft Teams ja Office ovat optimoituja ARM-suorittimelle, samoin Adobe Photoshop ja Lightroom. T\u00e4m\u00e4 uusi Wi-Fi-malli tuo ohuen, tyylikk\u00e4\u00e4n muotoilun ja koko p\u00e4iv\u00e4n akunkeston2 edullisimpaan hintakategoriaan ja siten yh\u00e4 useampien asiakkaiden saataville. \u00a0<\/p>\n<p>Surface Pro X\u00a0tulee saataville\u00a0vuoden\u00a02022\u00a0alussa, hinnat\u00a0alkaen 999 \u20ac.\u00a0<\/p>\n<p><a href=\"https:\/\/www.europesays.com\/fi\/wp-content\/uploads\/2025\/08\/6-Surface-Duo-2-Open_under-embargo-until-September-22-scaled.jpg\"><img loading=\"lazy\" decoding=\"async\" class=\"alignnone wp-image-26247 \" src=\"https:\/\/www.europesays.com\/fi\/wp-content\/uploads\/2025\/08\/6-Surface-Duo-2-Open_under-embargo-until-September-22-scaled.jpg\" alt=\"Surface Duo 2\" width=\"2560\" height=\"1440\"  \/><\/a><\/p>\n<p aria-level=\"1\"><strong>Microsoft Surface Duo 2\u00a0\u00a0<\/strong><\/p>\n<p>Kaksin\u00e4ytt\u00f6inen Surface Duo 2 on suunniteltu ottamaan kaikki irti Microsoft 365:st\u00e4, tuottavuudesta ja viihteest\u00e4 mobiilimuodossa paikasta riippumatta. Kun lanseerasimme Surface Duon, m\u00e4\u00e4rittelimme uudestaan mit\u00e4 mobiililaitteella voi tehd\u00e4. Surface Duo 2 vie t\u00e4t\u00e4 visiota yh\u00e4 pidemm\u00e4lle ja tarjoaa samalla ominaisuudet, joita odotetaan premium-luokan \u00e4lypuhelimelta.\u00a0<\/p>\n<p>Duo 2:ssa on entist\u00e4 isommat 8,3 tuuman PixelSense Fusion -n\u00e4yt\u00f6t, Snapdragon\u00ae 888 5G Mobile Platform -suoritin, dynaaminen kolmen linssin kamera, stereo\u00e4\u00e4ni, NFC l\u00e4himaksuja varten sek\u00e4 monia uusia lis\u00e4laitteita, jotka tarjoavat uusia toiminnallisuuksia ja parantavat laitteen suojausta. \u00a0<\/p>\n<p>Surface Duo 2 tulee saataville yritysasiakkaillemme my\u00f6hemmin t\u00e4n\u00e4 vuonna suositushintaan 1 709 \u20ac.\u00a0<\/p>\n<p aria-level=\"1\"><strong>L\u00e4hestymistapamme tuotteiden\u00a0valmistamiseen\u00a0\u00a0<\/strong><\/p>\n<p>Microsoft on tehnyt pitk\u00e4n aikav\u00e4lin sitoumuksen ymp\u00e4rist\u00f6vastuuseen ja kest\u00e4v\u00e4\u00e4n kehitykseen. Olemme sitoutuneet hiilinegatiivisuuteen ja v\u00e4hent\u00e4m\u00e4\u00e4n sek\u00e4 omat ett\u00e4 koko toimitus- ja arvoketjun hiilidioksidip\u00e4\u00e4st\u00f6mme yli puolella vuoteen 2030 menness\u00e4. T\u00e4m\u00e4n tavoitteen saavuttamiseksi arvioimme s\u00e4\u00e4nn\u00f6llisesti jokaisen tuotteen osan ja valmistusprosessit ymp\u00e4rist\u00f6vastuullisuuden n\u00e4k\u00f6kulmasta.\u00a0<\/p>\n<p>Maailmassa on yli miljardi toimintarajoitteista ihmist\u00e4, ja uskomme, ett\u00e4 teknologian pit\u00e4isi mukautua ihmisten tarpeisiin. Haluamme tuoda huipputason tietotekniikkaa kaikkien ulottuville, my\u00f6s niiden jotka on usein j\u00e4tetty huomiotta. Inklusiivisuuden, huomioimisen ja uusien innovaatioiden kautta voimme edist\u00e4\u00e4 tavoitteita my\u00f6s tuotteidemme kautta. \u00a0<\/p>\n<p aria-level=\"1\"><strong>Microsoft\u00a0Ocean\u00a0Plastic\u00a0Mouse\u00a0\u00a0<\/strong><\/p>\n<p>Ymp\u00e4rist\u00f6n kannalta kest\u00e4v\u00e4mm\u00e4ss\u00e4 toiminnassa\u00a0jokainen askel on t\u00e4rke\u00e4.\u00a0Olemme luoneet\u00a0laadukkaan\u00a0materiaalin, joka on valmistettu 20-prosenttisesti valtamerist\u00e4 ja vesist\u00f6ist\u00e4 ker\u00e4tyst\u00e4 muovista. Ocean Plastic Mouse on valmistettu t\u00e4st\u00e4 materiaalista ja\u00a0on ymp\u00e4rist\u00f6yst\u00e4v\u00e4llinen, laadukas\u00a0hiiri, joka ottaa pienen\u00a0mutta t\u00e4rke\u00e4n\u00a0askeleen j\u00e4tteen v\u00e4hent\u00e4miseksi.\u00a0<\/p>\n<p>Microsoft\u00a0Ocean\u00a0Plastic\u00a0Mouse\u00a0tulee saataville lokakuussa suositushintaan\u00a027,99\u00a0\u20ac.\u00a0<a href=\"https:\/\/www.microsoft.com\/en-ww\/accessories\/sustainability\/ocean-plastic-mouse\" rel=\"nofollow noopener\" target=\"_blank\">Lis\u00e4\u00e4 tietoa<\/a>\u00a0<\/p>\n<p aria-level=\"1\"><strong>Surface\u00a0Adaptive\u00a0Kit\u00a0\u00a0<\/strong><\/p>\n<p>Surface Adaptive\u00a0Kit\u00a0on suunniteltu yhteisty\u00f6ss\u00e4 toimintarajoitteisten ihmisten kanssa\u00a0saavutettavuuden parantamiseksi\u00a0korkean luokan muotoilua tai toiminnallisuuksia\u00a0unohtamatta.\u00a0N\u00e4pp\u00e4inmerkit\u00a0ja \u2013kohoumat,\u00a0porttien merkinn\u00e4t ja\u00a0laitteiden avaajat tekev\u00e4t laitteiden l\u00f6yt\u00e4misest\u00e4, avaamisesta ja k\u00e4ytt\u00e4misest\u00e4 helpompaa kuin koskaan,\u00a0aivan\u00a0kaikille.\u00a0\u00a0<\/p>\n<p>Surface\u00a0Adaptive\u00a0Kit\u00a0tulee saataville\u00a0my\u00f6hemmin t\u00e4n\u00e4 vuonna\u00a0Microsoft\u00a0Storen\u00a0kautta.\u00a0<a href=\"https:\/\/support.microsoft.com\/en-us\/surface\/surface-adaptive-kit-guide-cfd6dd86-ea74-4eed-b5b7-3c6baecbc828\" rel=\"nofollow noopener\" target=\"_blank\">Lis\u00e4\u00e4 tietoa<\/a>\u00a0<\/p>\n<p>Luovan ty\u00f6n tekij\u00f6ist\u00e4\u00a0pelaajiin\u00a0sek\u00e4 kaiken kokoisille yrityksille\u00a0ja perheille,\u00a0uudet Surface-laitteet on suunniteltu tarjoamaan monipuolisuutta ja tehoa, jotta k\u00e4ytt\u00e4j\u00e4t voivat keskitty\u00e4 olennaiseen\u00a0ja antaa teknologian toimia taustalla. Surface-laitteet on suunniteltu erottumaan joukosta muotoilullaan ja k\u00e4ytt\u00f6tuntumallaan ja toimimaan alustana asiakkaidemme luovuudelle.\u00a0<\/p>\n<p>Lis\u00e4tietoa\u00a0uusista\u00a0Surface-laitteista l\u00f6yd\u00e4t\u00a0<a href=\"https:\/\/www.microsoft.com\/en-us\/surface\" rel=\"nofollow noopener\" target=\"_blank\">Microsoft.com<\/a>-sivustolta. Lue lis\u00e4\u00e4 Surfacesta yritysk\u00e4ytt\u00f6\u00f6n osoitteessa <a href=\"https:\/\/www.microsoft.com\/fi-fi\/surface\/business\" rel=\"nofollow noopener\" target=\"_blank\">Surface.com\/business<\/a>\u00a0tai\u00a0ota yhteytt\u00e4 paikalliseen j\u00e4lleenmyyj\u00e4\u00e4n.\u00a0\u00a0<\/p>\n<p>\u00a0<\/p>\n<p>1 Surface\u00a0Slim\u00a0Pen\u00a02\u00a0myyd\u00e4\u00e4n erikseen.<br \/>2 Akunkesto\u00a0riippuu merkitt\u00e4v\u00e4sti k\u00e4yt\u00f6st\u00e4, verkkoasetusten ja ominaisuuksien konfiguroinnista, signaalin vahvuudesta, asetuksista ja muista tekij\u00f6ist\u00e4.\u00a0Lis\u00e4tietoa on osoitteessa\u00a0<a href=\"https:\/\/aka.ms\/SurfaceBatteryPerformance\" rel=\"nofollow noopener\" target=\"_blank\">aka.ms\/SurfaceBatteryPerformance<\/a>.<br \/>3 Surface Go 3 LTE Advanced-ominaisuudella tulee saataville pian. Sivulta Surface.com saa p\u00e4ivityksi\u00e4 paikallisesta saatavuudesta. Saatavuus voi vaihdella maittain ja malleittain. Palvelun saatavuus riippuu operaattorin verkosta. Ota yhteytt\u00e4 operaattoriisi saadaksesi lis\u00e4tietoja yhteensopivuudesta, palvelun hinnoittelusta, SIM-korteista ja palvelun aktivoinnista. Tekniset tiedot ja taajuudet ovat saatavilla osoitteessa\u202f<a href=\"https:\/\/www.microsoft.com\/en-us\/surface\" rel=\"nofollow noopener\" target=\"_blank\">Surface.com<\/a>.\u00a0<\/p>\n<p class=\"tag-list\">Tags: <a aria-label=\"Lue lis\u00e4\u00e4 tarinoita 0:st\u00e4\" href=\"https:\/\/news.microsoft.com\/fi-fi\/tag\/innovaatiot\/\" rel=\"tag nofollow noopener\" target=\"_blank\">innovaatiot<\/a>, <a aria-label=\"Lue lis\u00e4\u00e4 tarinoita 0:st\u00e4\" href=\"https:\/\/news.microsoft.com\/fi-fi\/tag\/surface\/\" rel=\"tag nofollow noopener\" target=\"_blank\">Surface<\/a>, <a aria-label=\"Lue lis\u00e4\u00e4 tarinoita 0:st\u00e4\" href=\"https:\/\/news.microsoft.com\/fi-fi\/tag\/surface-laptop\/\" rel=\"tag nofollow noopener\" target=\"_blank\">Surface Laptop<\/a>, <a aria-label=\"Lue lis\u00e4\u00e4 tarinoita 0:st\u00e4\" href=\"https:\/\/news.microsoft.com\/fi-fi\/tag\/windows-11\/\" rel=\"tag nofollow noopener\" target=\"_blank\">windows 11<\/a><\/p>\n","protected":false},"excerpt":{"rendered":"Moderni arki asettaa laitteille, ohjelmistoille, j\u00e4rjestelmille ja yhteensopivuudelle aivan uuden vaatimustason. Ergonomia, kest\u00e4vyys ja monimuotoinen k\u00e4ytett\u00e4vyys ovat kriittisi\u00e4&hellip;\n","protected":false},"author":2,"featured_media":3163,"comment_status":"","ping_status":"","sticky":false,"template":"","format":"standard","meta":{"footnotes":""},"categories":[86],"tags":[420,33,31,30,421,32,91,92],"class_list":{"0":"post-3162","1":"post","2":"type-post","3":"status-publish","4":"format-standard","5":"has-post-thumbnail","7":"category-laitteet","8":"tag-equipment","9":"tag-fi","10":"tag-finland","11":"tag-finnish","12":"tag-laitteet","13":"tag-suomi","14":"tag-technology","15":"tag-teknologia"},"share_on_mastodon":{"url":"","error":""},"_links":{"self":[{"href":"https:\/\/www.europesays.com\/fi\/wp-json\/wp\/v2\/posts\/3162","targetHints":{"allow":["GET"]}}],"collection":[{"href":"https:\/\/www.europesays.com\/fi\/wp-json\/wp\/v2\/posts"}],"about":[{"href":"https:\/\/www.europesays.com\/fi\/wp-json\/wp\/v2\/types\/post"}],"author":[{"embeddable":true,"href":"https:\/\/www.europesays.com\/fi\/wp-json\/wp\/v2\/users\/2"}],"replies":[{"embeddable":true,"href":"https:\/\/www.europesays.com\/fi\/wp-json\/wp\/v2\/comments?post=3162"}],"version-history":[{"count":0,"href":"https:\/\/www.europesays.com\/fi\/wp-json\/wp\/v2\/posts\/3162\/revisions"}],"wp:featuredmedia":[{"embeddable":true,"href":"https:\/\/www.europesays.com\/fi\/wp-json\/wp\/v2\/media\/3163"}],"wp:attachment":[{"href":"https:\/\/www.europesays.com\/fi\/wp-json\/wp\/v2\/media?parent=3162"}],"wp:term":[{"taxonomy":"category","embeddable":true,"href":"https:\/\/www.europesays.com\/fi\/wp-json\/wp\/v2\/categories?post=3162"},{"taxonomy":"post_tag","embeddable":true,"href":"https:\/\/www.europesays.com\/fi\/wp-json\/wp\/v2\/tags?post=3162"}],"curies":[{"name":"wp","href":"https:\/\/api.w.org\/{rel}","templated":true}]}}