{"id":316208,"date":"2026-08-03T15:47:13","date_gmt":"2026-08-03T15:47:13","guid":{"rendered":"https:\/\/www.europesays.com\/fi\/316208\/"},"modified":"2026-08-03T15:47:13","modified_gmt":"2026-08-03T15:47:13","slug":"ariana-granden-laihuus-herattaa-tunteita-tutkija-laihdutuslaakkeet-ovat-muuttaneet-tapaa-jolla-kehoista-puhutaan-kulttuuri","status":"publish","type":"post","link":"https:\/\/www.europesays.com\/fi\/316208\/","title":{"rendered":"Ariana Granden laihuus her\u00e4tt\u00e4\u00e4 tunteita \u2013 tutkija: laihdutus\u00adl\u00e4\u00e4kkeet ovat muuttaneet tapaa, jolla kehoista puhutaan | Kulttuuri"},"content":{"rendered":"<p class=\"aw__sc-1qwuw0s-0 aw__sc-1vg2sqm-0 epAWpq ecELkD yle__article__paragraph\">Julkisuudessa ty\u00f6skentelevien naisten kehoja on aina arvosteltu, sanoo tutkija.<\/p>\n<p><img decoding=\"async\" alt=\"Ariana Grande musiikkivideossa Bloody \u201cPetal\u201d, keltainen mekko p\u00e4\u00e4ll\u00e4\u00e4n.\" src=\"https:\/\/www.europesays.com\/fi\/wp-content\/uploads\/2026\/08\/1785760440.jpeg\" class=\"aw__sc-dklauk-0 LPzKX\"\/><\/p>\n<p>Avaa kuvien katselu<\/p>\n<p>Ariana Grande julkaisi perjantaina uuden albuminsa Petal sek\u00e4 samannimisen musiikkivideon. Kuva on kuvakaappaus kyseisest\u00e4 musiikkivideosta. Vain muutama p\u00e4iv\u00e4 julkaisun j\u00e4lkeen artisti kertoi julkisuudesta vet\u00e4ytymisest\u00e4. Kuva: Backgrid London LTD \/ AOP<\/p>\n<p class=\"aw__sc-1qwuw0s-0 aw__sc-ngllmo-0 epAWpq fzYpjk yle__article__paragraph\"><strong class=\"aw__sc-ngllmo-2 gdRrun yle__article__strong\">Ariana Granden<\/strong> terveys ja ulkon\u00e4k\u00f6 ovat olleet viime vuosina julkisen keskustelun kohteena, kun laulajan laihtumista on kommentoitu julkisuudessa.<\/p>\n<p class=\"aw__sc-1qwuw0s-0 aw__sc-ngllmo-0 epAWpq fzYpjk yle__article__paragraph\">Keskustelu Granden kehosta otti uusia kierroksia sen j\u00e4lkeen, kun h\u00e4n julkaisi perjantaina uuden albuminsa Petal sek\u00e4 samannimisen musiikkivideon. Videossa Granden n\u00e4yttelem\u00e4 hahmo k\u00e4y viihdeteollisuuden koe-esiintymisiss\u00e4, joissa tuottajat arvostelevat ja kyseenalaistavat h\u00e4nt\u00e4.<\/p>\n<p class=\"aw__sc-1qwuw0s-0 aw__sc-ngllmo-0 epAWpq fzYpjk yle__article__paragraph\">Videon my\u00f6t\u00e4 julkisuudessa on keskusteltu Granden painon putoamisesta sek\u00e4 terveydest\u00e4.<\/p>\n<p class=\"aw__sc-1qwuw0s-0 aw__sc-ngllmo-0 epAWpq fzYpjk yle__article__paragraph\">Miksi artistien kehot her\u00e4tt\u00e4v\u00e4t edelleen niin paljon tunteita, ja mist\u00e4 se kertoo?<\/p>\n<p class=\"aw__sc-1qwuw0s-0 aw__sc-ngllmo-0 epAWpq fzYpjk yle__article__paragraph\">Julkisuudessa ty\u00f6skentelevien naisten kehoja on aina kritisoitu riippumatta ajasta, sanoo Jyv\u00e4skyl\u00e4n yliopiston apulaisprofessori <strong class=\"aw__sc-ngllmo-2 gdRrun yle__article__strong\">Hannele Harjunen<\/strong>. Milloin keho on ollut liian lihava, milloin taas liian laiha. Kritiikki kehoja kohtaan on siis sukupuolittunutta.<\/p>\n<p class=\"aw__sc-1qwuw0s-0 aw__sc-ngllmo-0 epAWpq fzYpjk yle__article__paragraph\">Granden ulkon\u00e4\u00f6n muutos osuu aikaan, jolloin \u00e4\u00e4rimm\u00e4isen laihuuden ihannoinnista on taas tullut sosiaalisesti hyv\u00e4ksytymp\u00e4\u00e4, Harjunen sanoo. Viel\u00e4 2010-luvulla pinnalla oli kehorauhaan kannustava kehopositiivisuus. Oli pyrkimyst\u00e4 siihen, ett\u00e4 erikokoiset kehot saisivat tilaa julkisuudessa.<\/p>\n<p class=\"aw__sc-1qwuw0s-0 aw__sc-ngllmo-0 epAWpq fzYpjk yle__article__paragraph\">Sen j\u00e4lkeen trendit ovat muuttuneet. Muun muassa uusien lihavuusl\u00e4\u00e4kkeiden, kuten Ozempicin, my\u00f6t\u00e4 laihduttamisesta on tullut entist\u00e4 helpompaa ja laihasta kehosta tavoiteltava asia, Harjunen sanoo.<\/p>\n<p class=\"aw__sc-1qwuw0s-0 aw__sc-ngllmo-0 epAWpq fzYpjk yle__article__paragraph\">Viime vuosina muun muassa Tiktokissa on trendannut kyseenalainen #skinnytok, joka kannustaa \u00e4\u00e4rimm\u00e4iseen laihuuteen.<\/p>\n<p><img decoding=\"async\" alt=\"Ariana Grande vuoden 2025 Oscar-gaalan punaisella matolla. H\u00e4nen asunsa yl\u00e4osa on muotoiltu ja alaosa on kuin helmist\u00e4 koostettu.\" src=\"https:\/\/www.europesays.com\/fi\/wp-content\/uploads\/2026\/08\/1785760460.jpeg\" loading=\"lazy\" class=\"aw__sc-dklauk-0 LPzKX\"\/><\/p>\n<p>Avaa kuvien katselu<\/p>\n<p>Granden piti esiinty\u00e4 tulevana vuonna Sunday in the Park With George -musikaalissa Lontoossa. Nyt tuo esiintyminen on peruttu. Kuva: Kevork Djansezian \/ AOPKehojen kommentointi taas sallitumpaa<\/p>\n<p class=\"aw__sc-1qwuw0s-0 aw__sc-ngllmo-0 epAWpq fzYpjk yle__article__paragraph\">Laihdutusl\u00e4\u00e4kkeet ovat Harjusen mukaan muuttaneet tapaa, jolla kehoista puhutaan. Keski\u00f6\u00f6n ovat tulleet terveys, sairaus ja l\u00e4\u00e4ketiede, kun viel\u00e4 viime vuosikymmennell\u00e4 tilaa saivat enemm\u00e4n ihmisten omat kokemukset. Ylip\u00e4\u00e4t\u00e4\u00e4n toisten kehojen kommentoinnista on tullut taas hieman sallitumpaa.<\/p>\n<p class=\"aw__sc-1qwuw0s-0 aw__sc-ngllmo-0 epAWpq fzYpjk yle__article__paragraph\">T\u00e4m\u00e4 heijastuu nyt siihen, miten julkkisten kehoista puhutaan. Niit\u00e4 kommentoidaan Harjusen mukaan terveyden ja sairauden kautta sen sijaan, ett\u00e4 kehon ajateltaisiin olevan jokaisen ihmisen oma asia.<\/p>\n<p class=\"aw__sc-1qwuw0s-0 aw__sc-ngllmo-0 epAWpq fzYpjk yle__article__paragraph\">\u2013\u00a0Ollaan kovasti tekem\u00e4ss\u00e4 johtop\u00e4\u00e4t\u00f6ksi\u00e4 ihmisten terveydentilasta heid\u00e4n ulkon\u00e4k\u00f6ns\u00e4 perusteella.<\/p>\n<p class=\"aw__sc-1qwuw0s-0 aw__sc-ngllmo-0 epAWpq fzYpjk yle__article__paragraph\">Artistien kehot edustavat faneille my\u00f6s ik\u00e4\u00e4n kuin lupausta jostakin, Harjunen sanoo. Kehoihin liitet\u00e4\u00e4n toiveita, unelmia ja ihanteita. Sen vuoksi my\u00f6s muutos kehossa her\u00e4tt\u00e4\u00e4 reaktioita, jotka voivat lopulta menn\u00e4 yli.<\/p>\n<p class=\"aw__sc-1qwuw0s-0 aw__sc-ngllmo-0 epAWpq fzYpjk yle__article__paragraph\">\u2013\u00a0Se lupaus siit\u00e4 ihanteesta ei en\u00e4\u00e4 t\u00e4yty. Nyt ollaan kuitenkin siin\u00e4 rajalla, ett\u00e4 keskustelu kehoista ei en\u00e4\u00e4 pysy pelk\u00e4st\u00e4\u00e4n positiivisena.<\/p>\n<p class=\"aw__sc-1qwuw0s-0 aw__sc-ngllmo-0 epAWpq fzYpjk yle__article__paragraph\">Laulaja ja n\u00e4yttelij\u00e4 <strong class=\"aw__sc-ngllmo-2 gdRrun yle__article__strong\">Ariana Granden<\/strong> edustaja kertoi <a class=\"aw__sc-ngllmo-1 bTDnwX yle__article__link\" href=\"https:\/\/yle.fi\/a\/74-20239087\" role=\"link\" rel=\"nofollow noopener\" target=\"_blank\">maanantaina<\/a> Granden vet\u00e4ytyv\u00e4n hetkeksi julkisuudesta k\u00e4ynniss\u00e4 olevan kiertueensa p\u00e4\u00e4tytty\u00e4, sill\u00e4 artistin esiintymiset ovat johtaneet \u201dloputtomaan ja jatkuvaan julkiseen tarkasteluun\u201d.<\/p>\n<p class=\"aw__sc-1qwuw0s-0 aw__sc-ngllmo-0 epAWpq fzYpjk yle__article__paragraph\">Artistin edustaja ei kommentoinut tarkemmin vet\u00e4ytymisen syit\u00e4, mutta kertoi Granden odottavan innolla kiertueensa loppua ja viimeistelev\u00e4n kiertueensa terveen\u00e4 ja onnellisesti. Kiertueen on m\u00e4\u00e4r\u00e4 p\u00e4\u00e4tty\u00e4 Lontoossa 1. syyskuuta.<\/p>\n<p class=\"aw__sc-1qwuw0s-0 aw__sc-ngllmo-0 epAWpq fzYpjk yle__article__paragraph\">Granden piti esiinty\u00e4 ensi vuonna Sunday in the Park With George -musikaalissa Lontoossa yhdess\u00e4 Wicked-elokuvan vastan\u00e4yttelij\u00e4ns\u00e4 <strong class=\"aw__sc-ngllmo-2 gdRrun yle__article__strong\">Jonathan Baileyn<\/strong> kanssa. Tuo esiintyminen on nyt peruttu.<\/p>\n","protected":false},"excerpt":{"rendered":"Julkisuudessa ty\u00f6skentelevien naisten kehoja on aina arvosteltu, sanoo tutkija. Avaa kuvien katselu Ariana Grande julkaisi perjantaina uuden albuminsa&hellip;\n","protected":false},"author":2,"featured_media":316209,"comment_status":"","ping_status":"","sticky":false,"template":"","format":"standard","meta":{"footnotes":"","_share_on_mastodon":"0"},"categories":[130],"tags":[11681,137,33,31,30,4169,108,47,32,3884,109],"class_list":["post-316208","post","type-post","status-publish","format-standard","has-post-thumbnail","category-viihde","tag-ariana-grande","tag-entertainment","tag-fi","tag-finland","tag-finnish","tag-hollywood","tag-kulttuuri","tag-musiikki","tag-suomi","tag-ulkonako","tag-viihde"],"share_on_mastodon":{"url":"https:\/\/pubeurope.com\/@fi\/117032363697534584","error":""},"_links":{"self":[{"href":"https:\/\/www.europesays.com\/fi\/wp-json\/wp\/v2\/posts\/316208","targetHints":{"allow":["GET"]}}],"collection":[{"href":"https:\/\/www.europesays.com\/fi\/wp-json\/wp\/v2\/posts"}],"about":[{"href":"https:\/\/www.europesays.com\/fi\/wp-json\/wp\/v2\/types\/post"}],"author":[{"embeddable":true,"href":"https:\/\/www.europesays.com\/fi\/wp-json\/wp\/v2\/users\/2"}],"replies":[{"embeddable":true,"href":"https:\/\/www.europesays.com\/fi\/wp-json\/wp\/v2\/comments?post=316208"}],"version-history":[{"count":0,"href":"https:\/\/www.europesays.com\/fi\/wp-json\/wp\/v2\/posts\/316208\/revisions"}],"wp:featuredmedia":[{"embeddable":true,"href":"https:\/\/www.europesays.com\/fi\/wp-json\/wp\/v2\/media\/316209"}],"wp:attachment":[{"href":"https:\/\/www.europesays.com\/fi\/wp-json\/wp\/v2\/media?parent=316208"}],"wp:term":[{"taxonomy":"category","embeddable":true,"href":"https:\/\/www.europesays.com\/fi\/wp-json\/wp\/v2\/categories?post=316208"},{"taxonomy":"post_tag","embeddable":true,"href":"https:\/\/www.europesays.com\/fi\/wp-json\/wp\/v2\/tags?post=316208"}],"curies":[{"name":"wp","href":"https:\/\/api.w.org\/{rel}","templated":true}]}}