{"id":31621,"date":"2025-09-11T06:27:09","date_gmt":"2025-09-11T06:27:09","guid":{"rendered":"https:\/\/www.europesays.com\/fi\/31621\/"},"modified":"2025-09-11T06:27:09","modified_gmt":"2025-09-11T06:27:09","slug":"nanna-karalahti-iso-uutinen","status":"publish","type":"post","link":"https:\/\/www.europesays.com\/fi\/31621\/","title":{"rendered":"Nanna Karalahti: Iso uutinen!"},"content":{"rendered":"<p>\n            20240614 HELSINKI. HELSINKI CITY FESTIVAL. Nanna ja Jere Karalahti. KUVA: ATTE KAJOVA<br \/>\n            Atte Kajova\n        <\/p>\n<p class=\"subtitle \">Moottoritie on kuuma, ja kuumana k\u00e4y keskustelukin viileiden naisten tahdittamana.<\/p>\n<p class=\"article-content article-content-width !bg-background\">Hyvinvointivaikuttaja  vuosi on ollut melkoinen, vaikka nyt on vasta syyskuu.<\/p>\n<p class=\"article-content article-content-width !bg-background\">Alkuvuodesta Nanna j\u00e4tti Keravan, otti ja muutti Espoon Westendiin.<\/p>\n<p class=\"article-content article-content-width !bg-background\">Taustalla on avioero ex-kiekkoveli , jonka k\u00e4r\u00e4j\u00e4oikeus nuiji viralliseksi ja lopulliseksi jo viime vuoden kes\u00e4kuussa.<\/p>\n<p>        <a itemprop=\"url\" href=\"https:\/\/www.seiska.fi\/kotimaa\/jere-karalahdesta-eronnut-nanna-shokkipaljastus\/1907625\" rel=\"nofollow noopener\" target=\"_blank\"><\/p>\n<p>\nJerest\u00e4 eronnut Nanna\n<\/p>\n<p class=\"section-date\">\n        <strong class=\"article-section\" data-section=\"kotimaa\"><br \/>\n            kotimaa<br \/>\n        <\/strong><br \/>\n        22.8. 13:01\n    <\/p>\n<p>    Jere Karalahdesta eronnut Nanna: Shokkipaljastus!<\/p>\n<p itemprop=\"description\" class=\"subtitle \">\n    Nanna ei suostu en\u00e4\u00e4 yll\u00e4pit\u00e4m\u00e4\u00e4n kulisseja.\n<\/p>\n<p>        <\/a><\/p>\n<p class=\"article-content article-content-width !bg-background\">Lis\u00e4ksi Nanna on tehnyt t\u00f6it\u00e4 ja mahdollisesti l\u00f6yt\u00e4nyt el\u00e4m\u00e4\u00e4ns\u00e4 uuden mielenkiintoisen miehen, vaikka ei Seiskalle asiasta juuri suostunut hiiskumaan kev\u00e4\u00e4ll\u00e4.<\/p>\n<p>                <img decoding=\"async\" src=\"https:\/\/www.europesays.com\/fi\/wp-content\/uploads\/2025\/09\/1894730.webp\" width=\"576\" height=\"720\" alt=\"Nanna Karalahti on tehnyt hyvinvoinnista ammatin.\" loading=\"lazy\" \/>            <\/p>\n<p>\n            Nanna Karalahti on tehnyt hyvinvoinnista ammatin.<br \/>\n            Pasi Murto\n        <\/p>\n<p>Imaisee mukaansa<\/p>\n<p class=\"article-content article-content-width !bg-background\">Nyt Nanna on j\u00e4lleen uuden \u00e4\u00e4rell\u00e4 \u2013 t\u00e4ll\u00e4 kertaa isosti.<\/p>\n<p class=\"article-content article-content-width !bg-background\">Instagramissa Nanna tekee varoituksen matkastaan, joka \u201dsaattaa imaista sut mukaan\u201d.<\/p>\n<p class=\"article-content article-content-width !bg-background\">H\u00e4n on nimitt\u00e4in aloittamassa uuden Highway-nimisen podcastin yhdess\u00e4  kanssa.<\/p>\n<p>        <a itemprop=\"url\" href=\"https:\/\/www.seiska.fi\/vain-seiskassa\/ohhoh-nanna-karalahti-ja-urheilijakomistus-viihtyvat-yhdessa\/1847315\" rel=\"nofollow noopener\" target=\"_blank\"><\/p>\n<p>\nNanna Karalahti\n<\/p>\n<p class=\"section-date\">\n        <strong class=\"article-section\" data-section=\"vain seiskassa\"><br \/>\n            vain seiskassa<br \/>\n        <\/strong><br \/>\n        29.6. 07:00\n    <\/p>\n<p>    Ohhoh! Nanna Karalahti ja urheilijakomistus viihtyv\u00e4t yhdess\u00e4<\/p>\n<p itemprop=\"description\" class=\"subtitle \">\n    Seiskan tietojen mukaan Nanna Karalahden el\u00e4m\u00e4ss\u00e4 puhaltavat nyt uudet tuulet.\n<\/p>\n<p>        <\/a><\/p>\n<p class=\"article-content article-content-width !bg-background\">Ylisanoja ei toden totta s\u00e4\u00e4stell\u00e4.<\/p>\n<p class=\"article-content article-content-width !bg-background\"> \u2013 Highway on uusi podcast, jossa p\u00e4\u00e4osassa on kuulija. Nanna Karalahti ja Silva Hatakka ovat kaksikko, joka ei j\u00e4t\u00e4 ket\u00e4\u00e4n kylm\u00e4ksi. Podcastin aiheet polveilevat el\u00e4m\u00e4n isojen ja pienten asioiden \u00e4\u00e4rell\u00e4, ja asioita pohdiskellaan monista eri n\u00e4k\u00f6kulmista \u2013 j\u00e4tt\u00e4en kuulijalle tilaa ajatella.<\/p>\n<p>                <img decoding=\"async\" src=\"https:\/\/www.europesays.com\/fi\/wp-content\/uploads\/2025\/09\/1846062.webp\" width=\"576\" height=\"322\" alt=\"Nanna Karalahti osallistui viime helmikuussa H\u00e4jyt 2 -elokuvan kutsuvierasensi-iltaan yhdess\u00e4 yst\u00e4v\u00e4ns\u00e4 Jane Palmun kanssa.\" loading=\"lazy\" \/>            <\/p>\n<p>\n            Nanna Karalahti osallistui viime helmikuussa H\u00e4jyt 2 -elokuvan kutsuvierasensi-iltaan yhdess\u00e4 yst\u00e4v\u00e4ns\u00e4 Jane Palmun kanssa.<br \/>\n            Timo Korhonen\n        <\/p>\n<p>&#8221;Aidointa Nannaa&#8221;<\/p>\n<p class=\"article-content article-content-width !bg-background\">Moottoritie on kuuma, ja kuumana k\u00e4y keskustelukin viileiden naisten tahdittamana.<\/p>\n<p class=\"article-content article-content-width !bg-background\">Julkaisussa my\u00f6s taustoitetaan, keit\u00e4 ovat Nanna ja Silva.<\/p>\n<p>        <a itemprop=\"url\" href=\"https:\/\/www.seiska.fi\/urheilu\/f2f-jere-karalahti-avoliitto\/1861669\" rel=\"nofollow noopener\" target=\"_blank\"><\/p>\n<p>\nF2F:\n<\/p>\n<p class=\"section-date\">\n        <strong class=\"article-section\" data-section=\"urheilu\"><br \/>\n            urheilu<br \/>\n        <\/strong><br \/>\n        9.7. 05:00\n    <\/p>\n<p>    F2F: Jere Karalahti \u2013 avoliitto!<\/p>\n<p itemprop=\"description\" class=\"subtitle \">\n    Jere on sellainen jehu, ett\u00e4 nopeat liikkeet eiv\u00e4t h\u00e4nen tapauksessaan yll\u00e4t\u00e4.\n<\/p>\n<p>        <\/a><\/p>\n<p class=\"article-content article-content-width !bg-background\">\u2013 Nanna Karalahti on ilmi\u00f6, jonka Hero-konsepti liikuttaa ihmisi\u00e4 ymp\u00e4ri Suomen, eik\u00e4 ainoastaan fyysisesti. Nannan oma tarina on t\u00e4ynn\u00e4 iloa ja vauhtia, eik\u00e4 vaikeiltakaan k\u00e4\u00e4nteilt\u00e4 ole v\u00e4ltytty.<\/p>\n<p class=\"article-content article-content-width !bg-background\">\u2013 T\u00e4ss\u00e4 podcastissa t\u00e4m\u00e4 kolmen lapsen \u00e4iti, vahvan mission omaava yritt\u00e4j\u00e4nainen saa kuuluville \u00e4\u00e4nen, joka on tuntemattomampi, mutta ihan aidointa Nannaa.<\/p>\n<p>                <img decoding=\"async\" src=\"https:\/\/www.europesays.com\/fi\/wp-content\/uploads\/2025\/09\/1808361.webp\" width=\"576\" height=\"605\" alt=\"Nanna on ollut el\u00e4m\u00e4ns\u00e4 monessa mukana.\" loading=\"lazy\" \/>            <\/p>\n<p>\n            Nanna on ollut el\u00e4m\u00e4ns\u00e4 monessa mukana.<br \/>\n            Atte Kajova\n        <\/p>\n<p class=\"article-content article-content-width !bg-background\">Pekkaa \u2013 tai siis Nannaa \u2013 pahemmaksi ei j\u00e4\u00e4 Silvakaan, jota mainostetaan pitk\u00e4n linjan terapeuttina, ja jonka vastaanotolla on jo toistakymment\u00e4 vuotta pohdittu el\u00e4m\u00e4\u00e4 sen kaikessa karuudessa ja kauneudessa.<\/p>\n<p>        <a itemprop=\"url\" href=\"https:\/\/www.seiska.fi\/kotimaa\/nanna-karalahti-vei-urheilijarakkaansa-kansanedustajan-mokille\/1859684\" rel=\"nofollow noopener\" target=\"_blank\"><\/p>\n<p>\nNanna Karalahti!\n<\/p>\n<p class=\"section-date\">\n        <strong class=\"article-section\" data-section=\"kotimaa\"><br \/>\n            kotimaa<br \/>\n        <\/strong><br \/>\n        5.7. 13:30\n    <\/p>\n<p>    Nanna Karalahti vei urheilijarakkaansa kansanedustajan m\u00f6kille<\/p>\n<p itemprop=\"description\" class=\"subtitle \">\n    Nanna on kotiutunut Espooseen hyvin ja my\u00f6s &#8221;ty\u00f6kaverin&#8221; kanssa tuntuu rullaavan varsin mukavasti.\n<\/p>\n<p>        <\/a><\/p>\n<p class=\"article-content article-content-width !bg-background\">\u2013 H\u00e4n on tunnettu suoruudestaan ja uskalluksestaan sanoa vaikeitakin asioita \u00e4\u00e4neen. Silva toteaa usein, ett\u00e4 h\u00e4nt\u00e4 ovat kotona kasvattaneet h\u00e4nen kaksi jo aikuista poikaansa.<\/p>\n<p>&#8221;Ei ole vain podcast&#8221;<\/p>\n<p class=\"article-content article-content-width !bg-background\">Kyseess\u00e4 ei ole tekij\u00f6iden mukaan vain podcast, vaan &#8221;matka, joka voi muuttaa tapaasi n\u00e4hd\u00e4 arki, ihmissuhteet ja jopa itsesi&#8221;.<\/p>\n<p class=\"article-content article-content-width !bg-background\">Nannalta tuli viel\u00e4 kes\u00e4kuussa Vahvasti with Nanna Karalahti -podcastin jaksoja, joissa my\u00f6s Silva esiintyi.<\/p>\n<p>        <a itemprop=\"url\" href=\"https:\/\/www.seiska.fi\/kotimaa\/yle-nanna-karalahdelta-suorat-sanat-valeistaan-jereen\/1614620\" rel=\"nofollow noopener\" target=\"_blank\"><\/p>\n<p>\nYle\n<\/p>\n<p class=\"section-date\">\n        <strong class=\"article-section\" data-section=\"kotimaa\"><br \/>\n            kotimaa<br \/>\n        <\/strong><br \/>\n        16.2. 14:13\n    <\/p>\n<p>    Yle: Nanna Karalahdelta suorat sanat v\u00e4leist\u00e4\u00e4n Jereen<\/p>\n<p itemprop=\"description\" class=\"subtitle \">\n    Nanna ja Jere laittoi vastik\u00e4\u00e4n myyntiin heid\u00e4n Keravalla sijaitsevan kotinsa ja pyyt\u00e4v\u00e4t 152 neli\u00f6isest\u00e4 talosta 425 000 euroa.\n<\/p>\n<p>        <\/a><\/p>\n<p class=\"article-content article-content-width !bg-background\">N\u00e4ht\u00e4v\u00e4ksi j\u00e4\u00e4, onko kyseinen podcast jo niin sanotusti menneen talven lumia Highwayn tielt\u00e4.<\/p>\n","protected":false},"excerpt":{"rendered":"20240614 HELSINKI. HELSINKI CITY FESTIVAL. Nanna ja Jere Karalahti. KUVA: ATTE KAJOVA Atte Kajova Moottoritie on kuuma, ja&hellip;\n","protected":false},"author":2,"featured_media":31622,"comment_status":"","ping_status":"","sticky":false,"template":"","format":"standard","meta":{"footnotes":""},"categories":[130],"tags":[2759,137,33,31,30,3271,5541,2923,9331,32,167,109],"class_list":{"0":"post-31621","1":"post","2":"type-post","3":"status-publish","4":"format-standard","5":"has-post-thumbnail","7":"category-viihde","8":"tag-avioero","9":"tag-entertainment","10":"tag-fi","11":"tag-finland","12":"tag-finnish","13":"tag-jere-karalahti","14":"tag-nanna-karalahti","15":"tag-podcast","16":"tag-silva-hatakka","17":"tag-suomi","18":"tag-terveys","19":"tag-viihde"},"share_on_mastodon":{"url":"","error":""},"_links":{"self":[{"href":"https:\/\/www.europesays.com\/fi\/wp-json\/wp\/v2\/posts\/31621","targetHints":{"allow":["GET"]}}],"collection":[{"href":"https:\/\/www.europesays.com\/fi\/wp-json\/wp\/v2\/posts"}],"about":[{"href":"https:\/\/www.europesays.com\/fi\/wp-json\/wp\/v2\/types\/post"}],"author":[{"embeddable":true,"href":"https:\/\/www.europesays.com\/fi\/wp-json\/wp\/v2\/users\/2"}],"replies":[{"embeddable":true,"href":"https:\/\/www.europesays.com\/fi\/wp-json\/wp\/v2\/comments?post=31621"}],"version-history":[{"count":0,"href":"https:\/\/www.europesays.com\/fi\/wp-json\/wp\/v2\/posts\/31621\/revisions"}],"wp:featuredmedia":[{"embeddable":true,"href":"https:\/\/www.europesays.com\/fi\/wp-json\/wp\/v2\/media\/31622"}],"wp:attachment":[{"href":"https:\/\/www.europesays.com\/fi\/wp-json\/wp\/v2\/media?parent=31621"}],"wp:term":[{"taxonomy":"category","embeddable":true,"href":"https:\/\/www.europesays.com\/fi\/wp-json\/wp\/v2\/categories?post=31621"},{"taxonomy":"post_tag","embeddable":true,"href":"https:\/\/www.europesays.com\/fi\/wp-json\/wp\/v2\/tags?post=31621"}],"curies":[{"name":"wp","href":"https:\/\/api.w.org\/{rel}","templated":true}]}}