{"id":316236,"date":"2026-08-03T16:19:14","date_gmt":"2026-08-03T16:19:14","guid":{"rendered":"https:\/\/www.europesays.com\/fi\/316236\/"},"modified":"2026-08-03T16:19:14","modified_gmt":"2026-08-03T16:19:14","slug":"arvostetun-kirjailijan-kotitalo-tuhoutui-tulipalossa-imatralla-jaljelle-ei-jaanyt-mitaan-etela-karjala","status":"publish","type":"post","link":"https:\/\/www.europesays.com\/fi\/316236\/","title":{"rendered":"Arvostetun kirjailijan kotitalo tuhoutui tulipalossa Imatralla \u2013 j\u00e4ljelle ei j\u00e4\u00e4nyt mit\u00e4\u00e4n | Etel\u00e4-Karjala"},"content":{"rendered":"<p class=\"aw__sc-1qwuw0s-0 aw__sc-1vg2sqm-0 epAWpq ecELkD yle__article__paragraph\">Imatralla palanut puurakennus oli tyhjilleen j\u00e4tetty suojelukohde, johon on aiemmin kohdistunut ilkivaltaa.<\/p>\n<p>Niklas M\u00e4kel\u00e4 on huomannut, ett\u00e4 Linnalan koulun puurakennuksella py\u00f6rii h\u00e4m\u00e4r\u00e4per\u00e4ist\u00e4 porukkaa.<\/p>\n<p class=\"aw__sc-1qwuw0s-0 aw__sc-ngllmo-0 epAWpq fzYpjk yle__article__paragraph\">Maanantaina aamup\u00e4iv\u00e4ll\u00e4 Imatran Linnalan koulusta olivat j\u00e4ljell\u00e4 en\u00e4\u00e4 kivijalka ja savuavat rauniot. Raju tulipalo tuhosi koulun <a class=\"aw__sc-ngllmo-1 bTDnwX yle__article__link\" href=\"https:\/\/yle.fi\/a\/74-20239068\" role=\"link\" rel=\"nofollow noopener\" target=\"_blank\">viime y\u00f6n\u00e4<\/a>.<\/p>\n<p class=\"aw__sc-1qwuw0s-0 aw__sc-ngllmo-0 epAWpq fzYpjk yle__article__paragraph\">Poliisi tutkii syttymissyyt\u00e4. He p\u00e4\u00e4sev\u00e4t katsomaan alueen valvontakameroiden tallenteita.<\/p>\n<p class=\"aw__sc-1qwuw0s-0 aw__sc-ngllmo-0 epAWpq fzYpjk yle__article__paragraph\">P\u00e4ivyst\u00e4v\u00e4n palomestarin <strong class=\"aw__sc-ngllmo-2 gdRrun yle__article__strong\">Mikko Kuismasen<\/strong> mukaan palo voi olla pitk\u00e4\u00e4nkin kytenyt valvomatta j\u00e4tetyn puutalon rakenteissa.<\/p>\n<p class=\"aw__sc-1qwuw0s-0 aw__sc-ngllmo-0 epAWpq fzYpjk yle__article__paragraph\"><strong class=\"aw__sc-ngllmo-2 gdRrun yle__article__strong\">Videolla n\u00e4kyy, miten Linnalan koulu roihusi maanantain vastaisena y\u00f6n\u00e4.<\/strong><\/p>\n<p class=\"aw__sc-1qwuw0s-0 aw__sc-ngllmo-0 epAWpq fzYpjk yle__article__paragraph\">Imatran kaupungin omistama rakennus on ollut tyhj\u00e4n\u00e4 useita vuosia. Hirsirakenteisessa talossa on j\u00e4rjestetty esimerkiksi esiopetusta.<\/p>\n<p class=\"aw__sc-1qwuw0s-0 aw__sc-ngllmo-0 epAWpq fzYpjk yle__article__paragraph\">Imatralainen 17-vuotias <strong class=\"aw__sc-ngllmo-2 gdRrun yle__article__strong\">Niklas M\u00e4kel\u00e4<\/strong> sai sunnuntai-iltana yst\u00e4v\u00e4lt\u00e4\u00e4n viestin Linnalan koulun palosta. M\u00e4kel\u00e4n mukaan v\u00e4ke\u00e4 on py\u00f6rinyt hyl\u00e4tyn talon ymp\u00e4rist\u00f6ss\u00e4, ja reitti sis\u00e4\u00e4n on aina l\u00f6ytynyt. H\u00e4n arvelee, ett\u00e4 palo olisi tahallaan sytytetty.<\/p>\n<p class=\"aw__sc-1qwuw0s-0 aw__sc-ngllmo-0 epAWpq fzYpjk yle__article__paragraph\">M\u00e4kel\u00e4 oli huojentunut, kun kuuli, ett\u00e4 liekeiss\u00e4 ei ollut viereinen kivinen koulukeskus. Siell\u00e4 on t\u00e4ll\u00e4 hetkell\u00e4 yhdistys- ja yritystoimintaa, kuten Robocamp-yhdistys, joka tutustuttaa lapsia ja nuoria robotiikkaan.<\/p>\n<p class=\"aw__sc-1qwuw0s-0 aw__sc-ngllmo-0 epAWpq fzYpjk yle__article__paragraph\">\u2013 Oli helpotus, etteiv\u00e4t meid\u00e4n yhdistyksemme laitteet ja tavarat menneet tulipalossa, sanoo M\u00e4kel\u00e4.<\/p>\n<p><img decoding=\"async\" alt=\"Tiilimurskaa ja raunioitunut savupiippu puiden keskell\u00e4, taustalla rakennuksia.\" src=\"https:\/\/www.europesays.com\/fi\/wp-content\/uploads\/2026\/08\/1785750198.jpeg\" loading=\"lazy\" class=\"aw__sc-dklauk-0 LPzKX\"\/><\/p>\n<p>Avaa kuvien katselu<\/p>\n<p>Vanhasta Linnalan koulusta j\u00e4i j\u00e4ljelle hiiltynyt kasa puuta ja kivijalan rippeet. Yli satavuotiaalla talolla oli suojelumerkint\u00e4 Kuva: Mikko Savolainen \/ Yle<img decoding=\"async\" alt=\"Leikkikent\u00e4n kiipeilytelineet punaisine metallirakenteineen ja taustalla rakennuksen palanut puurunko sek\u00e4 mets\u00e4\u00e4.\" src=\"https:\/\/www.europesays.com\/fi\/wp-content\/uploads\/2026\/08\/1785750181.jpeg\" loading=\"lazy\" class=\"aw__sc-dklauk-0 LPzKX\"\/><\/p>\n<p>Avaa kuvien katselu<\/p>\n<p>Kuin ihmeen kaupalla rakennuksen viereiset kiipeilytelineet s\u00e4\u00e4styiv\u00e4t liekeilt\u00e4.  Kuva: Mikko Savolainen \/ Yle<\/p>\n<p class=\"aw__sc-1qwuw0s-0 aw__sc-ngllmo-0 epAWpq fzYpjk yle__article__paragraph\">Tieto palosta levisi sosiaalisessa mediassa ja sunnuntai-iltana tapahtumapaikalla oli paljon sivullisia, kertoo Ylen toimittaja <strong class=\"aw__sc-ngllmo-2 gdRrun yle__article__strong\">Vesa Winberg<\/strong>.<\/p>\n<p class=\"aw__sc-1qwuw0s-0 aw__sc-ngllmo-0 epAWpq fzYpjk yle__article__paragraph\">Winberg meni itse paikan p\u00e4\u00e4lle, koska luuli viereisen koulukeskuksen olevan my\u00f6s tulessa.<\/p>\n<p class=\"aw__sc-1qwuw0s-0 aw__sc-ngllmo-0 epAWpq fzYpjk yle__article__paragraph\">\u2013 Oman b\u00e4ndin treenik\u00e4mpp\u00e4 on siin\u00e4 viereisess\u00e4 koulussa ja ensimm\u00e4inen tieto, mik\u00e4 itselle tuli oli, ett\u00e4 treenik\u00e4mpp\u00e4 palaa.<\/p>\n<p class=\"aw__sc-1qwuw0s-0 aw__sc-ngllmo-0 epAWpq fzYpjk yle__article__paragraph\">Winbergin mukaan imatralaisten keskuudessa on jo pitk\u00e4\u00e4n pohdittu tyhjill\u00e4\u00e4n seisoneen koulurakennuksen kohtaloa.<\/p>\n<p>Ilkivallan kohde<\/p>\n<p class=\"aw__sc-1qwuw0s-0 aw__sc-ngllmo-0 epAWpq fzYpjk yle__article__paragraph\">Kiinteist\u00f6p\u00e4\u00e4llikk\u00f6 <strong class=\"aw__sc-ngllmo-2 gdRrun yle__article__strong\">Heikki Varis<\/strong> Imatran kaupungin omistamasta kiinteist\u00f6yhti\u00f6 Mitrasta kertoo, ett\u00e4 puinen vanha koulurakennus on usein ollut ilkivallan kohteena.<\/p>\n<p class=\"aw__sc-1qwuw0s-0 aw__sc-ngllmo-0 epAWpq fzYpjk yle__article__paragraph\">\u2013 Sinne on murtauduttu sis\u00e4\u00e4n monta kertaa, rikottu paikkoja ja ikkunat heitelty s\u00e4p\u00e4leiksi. Kirveiden kanssa on hilluttu ja p\u00e4ihteit\u00e4 k\u00e4ytetty, Varis kertoo.<\/p>\n<p><img decoding=\"async\" alt=\"Mies seisoo palaneen rakennuksen edess\u00e4.\" src=\"https:\/\/www.europesays.com\/fi\/wp-content\/uploads\/2026\/08\/1785750153.jpeg\" loading=\"lazy\" class=\"aw__sc-dklauk-0 LPzKX\"\/><\/p>\n<p>Avaa kuvien katselu<\/p>\n<p>Kiinteist\u00f6p\u00e4\u00e4llikk\u00f6 Heikki Variksen mukaan rakennuksessa oli sis\u00e4ilmaongelmia, ja se oli ollut kylmill\u00e4\u00e4n monta vuotta. Kuva: Mikko Savolainen \/ Yle<\/p>\n<p class=\"aw__sc-1qwuw0s-0 aw__sc-ngllmo-0 epAWpq fzYpjk yle__article__paragraph\">Talo oli 1920-luvulta, ja sen palo kulttuurihistoriallinen menetys, sanoo Varis. Yli satavuotias rakennus oli kirjailija <a class=\"aw__sc-ngllmo-1 bTDnwX yle__article__link\" href=\"https:\/\/yle.fi\/a\/20-83828\" role=\"link\" rel=\"nofollow noopener\" target=\"_blank\"><strong class=\"aw__sc-ngllmo-2 gdRrun yle__article__strong\">Hilja Valtosen<\/strong><\/a> kotitalo ja sill\u00e4 oli suojelumerkint\u00e4. Valtonen oli arvostettu ja tuottelias kirjailija, joka <a class=\"aw__sc-ngllmo-1 bTDnwX yle__article__link\" href=\"https:\/\/yle.fi\/aihe\/a\/20-179617\" role=\"link\" rel=\"nofollow noopener\" target=\"_blank\">k\u00e4sitteli humoristisella otteella<\/a> viime vuosisadan naisten el\u00e4m\u00e4\u00e4 ja asemaa. H\u00e4nen tunnetuimmista teoksistaan Vaimoke ja Nuoren opettajattaren varaventtiili on tehty my\u00f6s elokuvat.<\/p>\n<p class=\"aw__sc-1qwuw0s-0 aw__sc-ngllmo-0 epAWpq fzYpjk yle__article__paragraph\">K\u00e4ytt\u00f6\u00e4 rakennukselle ei ole vuosien varrella l\u00f6ytynyt. Se olisi vaatinut mittavat korjaukset.<\/p>\n<p class=\"aw__sc-1qwuw0s-0 aw__sc-ngllmo-0 epAWpq fzYpjk yle__article__paragraph\">\u2013 Rakennusta ei ollut tarkoitus purkaa, vaan se on odottanut parempia aikoja. N\u00e4in p\u00e4\u00e4si k\u00e4ym\u00e4\u00e4n, ett\u00e4 nyt se on purettu, Varis harmittelee.<\/p>\n","protected":false},"excerpt":{"rendered":"Imatralla palanut puurakennus oli tyhjilleen j\u00e4tetty suojelukohde, johon on aiemmin kohdistunut ilkivaltaa. Niklas M\u00e4kel\u00e4 on huomannut, ett\u00e4 Linnalan&hellip;\n","protected":false},"author":2,"featured_media":316237,"comment_status":"","ping_status":"","sticky":false,"template":"","format":"standard","meta":{"footnotes":"","_share_on_mastodon":"0"},"categories":[5],"tags":[22,23,1302,26,27,33,31,30,17,40415,736,71,615,24,25,28,29,15,837,18,21,24892,32,19,20,1265,16],"class_list":["post-316236","post","type-post","status-publish","format-standard","has-post-thumbnail","category-otsikot","tag-breaking-news","tag-breakingnews","tag-etela-karjala","tag-featured-news","tag-featurednews","tag-fi","tag-finland","tag-finnish","tag-headlines","tag-hilja-valtonen","tag-imatra","tag-kotimaa","tag-koulut","tag-latest-news","tag-latestnews","tag-main-news","tag-mainnews","tag-news","tag-onnettomuudet","tag-otsikot","tag-paauutiset","tag-puutalot","tag-suomi","tag-top-stories","tag-topstories","tag-tulipalot","tag-uutiset"],"share_on_mastodon":{"url":"https:\/\/pubeurope.com\/@fi\/117032489566849703","error":""},"_links":{"self":[{"href":"https:\/\/www.europesays.com\/fi\/wp-json\/wp\/v2\/posts\/316236","targetHints":{"allow":["GET"]}}],"collection":[{"href":"https:\/\/www.europesays.com\/fi\/wp-json\/wp\/v2\/posts"}],"about":[{"href":"https:\/\/www.europesays.com\/fi\/wp-json\/wp\/v2\/types\/post"}],"author":[{"embeddable":true,"href":"https:\/\/www.europesays.com\/fi\/wp-json\/wp\/v2\/users\/2"}],"replies":[{"embeddable":true,"href":"https:\/\/www.europesays.com\/fi\/wp-json\/wp\/v2\/comments?post=316236"}],"version-history":[{"count":0,"href":"https:\/\/www.europesays.com\/fi\/wp-json\/wp\/v2\/posts\/316236\/revisions"}],"wp:featuredmedia":[{"embeddable":true,"href":"https:\/\/www.europesays.com\/fi\/wp-json\/wp\/v2\/media\/316237"}],"wp:attachment":[{"href":"https:\/\/www.europesays.com\/fi\/wp-json\/wp\/v2\/media?parent=316236"}],"wp:term":[{"taxonomy":"category","embeddable":true,"href":"https:\/\/www.europesays.com\/fi\/wp-json\/wp\/v2\/categories?post=316236"},{"taxonomy":"post_tag","embeddable":true,"href":"https:\/\/www.europesays.com\/fi\/wp-json\/wp\/v2\/tags?post=316236"}],"curies":[{"name":"wp","href":"https:\/\/api.w.org\/{rel}","templated":true}]}}