{"id":31625,"date":"2025-09-11T06:31:08","date_gmt":"2025-09-11T06:31:08","guid":{"rendered":"https:\/\/www.europesays.com\/fi\/31625\/"},"modified":"2025-09-11T06:31:08","modified_gmt":"2025-09-11T06:31:08","slug":"nama-julkkikset-valttivat-kuoleman-wtc-iskuissa-yhdelta-jaatava-kommentti","status":"publish","type":"post","link":"https:\/\/www.europesays.com\/fi\/31625\/","title":{"rendered":"N\u00e4m\u00e4 julkkikset v\u00e4lttiv\u00e4t kuoleman WTC-iskuissa \u2013 Yhdelt\u00e4 j\u00e4\u00e4t\u00e4v\u00e4 kommentti"},"content":{"rendered":"<p>Michael Jacksonin piti olla WTC-tornissa 11. syyskuuta \u2013 kohtalon oikusta k\u00e4vikin toisin.<\/p>\n<p><img decoding=\"async\" class=\"image image-show image-preview\" src=\"https:\/\/www.europesays.com\/fi\/wp-content\/uploads\/2025\/09\/c1a740c62c5c7783f828ebcc78571e1febdcfd7094a5df55bd18e75831a300c2.jpg\" alt=\"\"\/><img decoding=\"async\" class=\"image image-show\" src=\"https:\/\/www.europesays.com\/fi\/wp-content\/uploads\/2025\/09\/1757572268_145_c1a740c62c5c7783f828ebcc78571e1febdcfd7094a5df55bd18e75831a300c2.jpg\" alt=\"\"\/><\/p>\n<p>Michael Jackson ei mennyt sovittuun tapaamiseen WTC-torneille. AOP<\/p>\n<p class=\"paragraph\">24 vuotta sitten Yhdysvallat her\u00e4si syyskuun 11. p\u00e4iv\u00e4n\u00e4 kuulaaseen aamuun, joka k\u00e4\u00e4ntyi maan historian tuhoisimman terrori-iskun kauhuiksi. Kello 8.46 matkustajalentokone t\u00f6rm\u00e4si World Trade Centerin 110-kerroksiseen pohjoistorniin. Toinen lensi p\u00e4in WTC:n etel\u00e4tornia, ja tornit romahtivat r\u00e4j\u00e4hdyksen seurauksena. <a href=\"https:\/\/www.iltalehti.fi\/ulkomaat\/38954d8c-0a2f-46b0-ac0f-b0ec832740d2\" rel=\"nofollow noopener\" target=\"_blank\">Terroristit kaappasivat yhteens\u00e4 nelj\u00e4 konetta.<\/a> Iskuissa kuoli 3000 ihmist\u00e4, loukkaantui tuhansia ja murhen\u00e4ytelm\u00e4 muutti pysyv\u00e4sti USA:n turvallisuuspolitiikkaa.<\/p>\n<p class=\"paragraph\">Moni julkisuudesta tunnettu henkil\u00f6 v\u00e4ltti t\u00e4p\u00e4r\u00e4sti kuoleman terrori-iskuissa.<\/p>\n<p>Michael Jackson<\/p>\n<p class=\"paragraph\">Popt\u00e4hti <strong>Michael Jackson<\/strong> oli New Yorkissa valmistautumassa 30-vuotista uraansa juhlistavaan konserttiin vain p\u00e4ivi\u00e4 ennen 11. syyskuuta 2001. H\u00e4nell\u00e4 oli sovittu tapaaminen WTC:n kaksoistorneissa terrori-iskun aamuna. T\u00e4hti ei kuitenkaan ollut paikalla sovittuna ajankohtana, koska h\u00e4n nukkui pommiin, kertoo <a href=\"https:\/\/www.themirror.com\/entertainment\/celebrity-news\/michael-jackson-911-escape-plane-688745\" rel=\"noopener nofollow\" target=\"_blank\">Mirror<\/a>.<\/p>\n<p class=\"paragraph\">Veli <strong>Jermaine Jackson<\/strong> kertoi my\u00f6hemmin, ett\u00e4 Michael Jackson v\u00e4ltti t\u00e4p\u00e4r\u00e4sti kuoleman puhuttuaan tapaamista edelt\u00e4v\u00e4n y\u00f6n \u00e4itins\u00e4 ja <strong>Rebbie<\/strong>-siskonsa kanssa.<\/p>\n<p class=\"paragraph\">\u2013 \u00c4iti, olen kunnossa, kiitos sinun. Pidit minut y\u00f6ll\u00e4 valveilla puhumassa, joten nukuin pommiin ja enk\u00e4 mennyt tapaamiseen, Michael kiitteli \u00e4iti\u00e4\u00e4n my\u00f6hemmin.<\/p>\n<p>Sarah Ferguson<\/p>\n<p>Sarah Fergusonin piti olla WTC-iskujen aikaan torneilla. AOP<\/p>\n<p class=\"paragraph\">Yorkin herttuatar <strong>Sarah Ferguson<\/strong> on kertonut, ett\u00e4 h\u00e4nenkin oli m\u00e4\u00e4r\u00e4 olla WTC-torneilla  terrori-iskun p\u00e4iv\u00e4n\u00e4. Haastattelu venyi pitk\u00e4ksi, joten h\u00e4n ei ollutkaan paikalla. H\u00e4nen Chances for Children -hyv\u00e4ntekev\u00e4isyysj\u00e4rjest\u00f6ns\u00e4 toimipiste sijaitsi pohjoistornissa.<\/p>\n<p class=\"paragraph\">\u2013 Pieni punainen nukke, j\u00e4rjest\u00f6n maskotti, l\u00f6ytyi tuhojen keskelt\u00e4. Ajattelen t\u00e4n\u00e4\u00e4n heit\u00e4, jotka menettiv\u00e4t henkens\u00e4, muisteli herttuatar sosiaalisessa mediassa <a href=\"https:\/\/people.com\/sarah-ferguson-scheduled-world-trade-center-9-11-terrorist-attacks-little-red-doll-photos-7968176\" rel=\"noopener nofollow\" target=\"_blank\">Peoplen<\/a> mukaan.<\/p>\n<p class=\"paragraph\">Tuolloin murhen\u00e4ytelm\u00e4st\u00e4 oli kulunut 22 vuotta.<\/p>\n<p>Seth MacFarlane<\/p>\n<p>Seth MacFarlane j\u00e4tti krapulan takia lennon v\u00e4liin.  AOP<\/p>\n<p class=\"paragraph\">Elokuvarooleistaan ja menestyssarjoistaan tunnetun koomikko <strong>Seth MacFarlanen<\/strong> oli m\u00e4\u00e4r\u00e4 olla American Airlinesin lennolla 11, jonka terroristit kaappasivat ja ohjasivat p\u00e4in WTC-tornia. H\u00e4n oli kuitenkin nauttinut edellisen\u00e4 iltana miest\u00e4 v\u00e4kev\u00e4mp\u00e4\u00e4 ja my\u00f6h\u00e4styi lennolta ryyppyillasta seuranneen massiivisen krapulan takia.<\/p>\n<p class=\"paragraph\">\u2013 My\u00f6h\u00e4styin silt\u00e4 lennolta kymmenen minuuttia. Se k\u00e4vi todella l\u00e4hell\u00e4, mies on muistellut <a href=\"https:\/\/faroutmagazine.co.uk\/how-seth-macfarlane-narrowly-escaped-tragedy-on-9-11-flight\/\" rel=\"noopener nofollow\" target=\"_blank\">Far Out Magazinen<\/a> mukaan.<\/p>\n<p class=\"paragraph\">MacFarlane varasi seuraavan lennon New Yorkiin, ja tajusi perille p\u00e4\u00e4sty\u00e4\u00e4n mit\u00e4 oli tapahtunut.<\/p>\n<p>Mark Wahlberg<\/p>\n<p>Mark Wahlbergin mielest\u00e4 terrori-isku olisi voitu est\u00e4\u00e4, jos h\u00e4n olisi ollut terroristilennolla mukana. EPA \/ AOP<\/p>\n<p class=\"paragraph\">MacFarlanen lis\u00e4ksi my\u00f6s n\u00e4yttelij\u00e4 <strong>Mark Wahlbergin<\/strong> oli tarkoitus olla lennolla 11 New Yorkiin. H\u00e4n ei kuitenkaan p\u00e4\u00e4tynyt lennolle, koska viime hetkell\u00e4 h\u00e4n p\u00e4\u00e4ttikin yst\u00e4vineen napata yksityiskoneen ja pyyhk\u00e4ist\u00e4 sill\u00e4 Toronton elokuvafestivaaleille.<\/p>\n<p class=\"paragraph\">Kun Wahlberg tajusi tapahtumien k\u00e4\u00e4nteet, h\u00e4n heitti machon kommentin. Wahlberg sanoi, ett\u00e4 jos h\u00e4n olisi ollut lennolla 11, lopputulema olisi ollut erilainen.<\/p>\n<p class=\"paragraph\">\u2013 Se ei olisi mennyt kuten se meni, n\u00e4yttelij\u00e4 uhosi.<\/p>\n<p class=\"paragraph\">My\u00f6hemmin Wahlberg onneksi itsekin tajusi sanojensa naurettavuuden, ja ettei h\u00e4n olisi yhden miehen lihaksilla pystynyt est\u00e4m\u00e4\u00e4n kansallista tragediaa, ja pyysi anteeksi.<\/p>\n<p>Rob Lowe<\/p>\n<p>Rob Lowe lensi vahingossa terroristien kanssa samalla lennolla, tosin ei 11. syyskuuta. AOP<\/p>\n<p class=\"paragraph\">N\u00e4yttelij\u00e4komistus <strong>Rob Lowen<\/strong> ei ollut tarkoitus olla terroristilennolla, mutta h\u00e4n tuli lent\u00e4neeksi samojen lentokonekaappaajien kanssa 11 p\u00e4iv\u00e4\u00e4 aiemmalla lennolla.<\/p>\n<p class=\"paragraph\">\u2013 Lensin 11. syyskuuta terroriteon tehneiden kaappaajien kanssa, enk\u00e4 edes tajunnut sit\u00e4. Kuvasin West Wing -sarjaa ja otin lennon, joka menee Dullesista Los Angelesiin, jonka he laittoivat menem\u00e4\u00e4n Pentagonia p\u00e4in, Lowe kertoi <a href=\"https:\/\/www.telegraph.co.uk\/news\/worldnews\/al-qaeda\/8492858\/Rob-Lowe-I-flew-with-the-911-terrorists.html\" rel=\"noopener nofollow\" target=\"_blank\">Telegraph<\/a>-lehdelle.<\/p>\n<p class=\"paragraph\">\u2013 Katselin ymp\u00e4rilleni koneessa, enk\u00e4 muista mit\u00e4\u00e4n erityist\u00e4. Kukaan ei n\u00e4ytt\u00e4nyt pelottavalta tai terroristilta. Se oli normaali lento, h\u00e4n kuvaili.<\/p>\n<p>Gwyneth Paltrow<\/p>\n<p>Gwyneth Paltrow pelasti tiet\u00e4m\u00e4tt\u00e4\u00e4n naisen hengen. AOP<\/p>\n<p class=\"paragraph\">Paltrow ei ollut itse vaarassa WTC-iskujen aikaan, mutta h\u00e4nen v\u00e4liintulonsa esti er\u00e4\u00e4n fanin kuoleman kohtalokkaana p\u00e4iv\u00e4n\u00e4.<\/p>\n<p class=\"paragraph\"><strong>Lara Lundstr\u00f6m Clarke<\/strong>, 24, oli matkalla t\u00f6ihins\u00e4 World Trade Centeriin, kun h\u00e4neen oli t\u00f6rm\u00e4t\u00e4 auto, jota ajoi Gwyneth Paltrow. Nainen my\u00f6h\u00e4styi, eik\u00e4 ollut iskujen aikaan paikalla. Kun h\u00e4n p\u00e4\u00e4si WTC-torneille, toiseen niist\u00e4 oli t\u00f6rm\u00e4nnyt lentokone, ja ihmisi\u00e4 ohjeistettiin pysyttelem\u00e4\u00e4n kauempana, kertoo <a href=\"https:\/\/www.themirror.com\/entertainment\/celebrity-news\/gwyneth-paltrows-chance-encounter-saves-688459\" rel=\"noopener nofollow\" target=\"_blank\">Mirror<\/a>.<\/p>\n<p class=\"paragraph\">H\u00e4n kertoi muistavansa kaoottisen tunnelman ja todisti aitiopaikalta, miten ihmiset hyppiv\u00e4t tornista alas selvit\u00e4kseen. Pian toinen lentokone osui toiseen torniin, ja toimistoon, jossa h\u00e4nen oli m\u00e4\u00e4r\u00e4 ty\u00f6skennell\u00e4 sin\u00e4 aamuna.<\/p>\n","protected":false},"excerpt":{"rendered":"Michael Jacksonin piti olla WTC-tornissa 11. syyskuuta \u2013 kohtalon oikusta k\u00e4vikin toisin. Michael Jackson ei mennyt sovittuun tapaamiseen&hellip;\n","protected":false},"author":2,"featured_media":31626,"comment_status":"","ping_status":"","sticky":false,"template":"","format":"standard","meta":{"footnotes":""},"categories":[14],"tags":[35,722,153,22,23,26,27,33,31,30,17,9332,24,25,28,29,15,18,21,32,19,20,140,56,16,59,60,61,1638],"class_list":{"0":"post-31625","1":"post","2":"type-post","3":"status-publish","4":"format-standard","5":"has-post-thumbnail","7":"category-ulkomaat","8":"tag-24h","9":"tag-amerikka","10":"tag-audiovisuaalinen-media","11":"tag-breaking-news","12":"tag-breakingnews","13":"tag-featured-news","14":"tag-featurednews","15":"tag-fi","16":"tag-finland","17":"tag-finnish","18":"tag-headlines","19":"tag-kalifornian-osavaltio","20":"tag-latest-news","21":"tag-latestnews","22":"tag-main-news","23":"tag-mainnews","24":"tag-news","25":"tag-otsikot","26":"tag-paauutiset","27":"tag-suomi","28":"tag-top-stories","29":"tag-topstories","30":"tag-tv-ja-elokuvat","31":"tag-ulkomaat","32":"tag-uutiset","33":"tag-world","34":"tag-world-news","35":"tag-worldnews","36":"tag-yhdysvaltojen-osavaltiot"},"share_on_mastodon":{"url":"","error":""},"_links":{"self":[{"href":"https:\/\/www.europesays.com\/fi\/wp-json\/wp\/v2\/posts\/31625","targetHints":{"allow":["GET"]}}],"collection":[{"href":"https:\/\/www.europesays.com\/fi\/wp-json\/wp\/v2\/posts"}],"about":[{"href":"https:\/\/www.europesays.com\/fi\/wp-json\/wp\/v2\/types\/post"}],"author":[{"embeddable":true,"href":"https:\/\/www.europesays.com\/fi\/wp-json\/wp\/v2\/users\/2"}],"replies":[{"embeddable":true,"href":"https:\/\/www.europesays.com\/fi\/wp-json\/wp\/v2\/comments?post=31625"}],"version-history":[{"count":0,"href":"https:\/\/www.europesays.com\/fi\/wp-json\/wp\/v2\/posts\/31625\/revisions"}],"wp:featuredmedia":[{"embeddable":true,"href":"https:\/\/www.europesays.com\/fi\/wp-json\/wp\/v2\/media\/31626"}],"wp:attachment":[{"href":"https:\/\/www.europesays.com\/fi\/wp-json\/wp\/v2\/media?parent=31625"}],"wp:term":[{"taxonomy":"category","embeddable":true,"href":"https:\/\/www.europesays.com\/fi\/wp-json\/wp\/v2\/categories?post=31625"},{"taxonomy":"post_tag","embeddable":true,"href":"https:\/\/www.europesays.com\/fi\/wp-json\/wp\/v2\/tags?post=31625"}],"curies":[{"name":"wp","href":"https:\/\/api.w.org\/{rel}","templated":true}]}}