{"id":316252,"date":"2026-08-03T16:44:09","date_gmt":"2026-08-03T16:44:09","guid":{"rendered":"https:\/\/www.europesays.com\/fi\/316252\/"},"modified":"2026-08-03T16:44:09","modified_gmt":"2026-08-03T16:44:09","slug":"suomalaisen-avustustyontekijan-tuomiosta-on-tehty-kolme-valitusta-ukrainassa-ulkomaat","status":"publish","type":"post","link":"https:\/\/www.europesays.com\/fi\/316252\/","title":{"rendered":"Suomalaisen avustus\u00adty\u00f6ntekij\u00e4n tuomiosta on tehty kolme valitusta Ukrainassa | Ulkomaat"},"content":{"rendered":"<p class=\"aw__sc-1qwuw0s-0 aw__sc-1vg2sqm-0 epAWpq ecELkD yle__article__paragraph\">Syytt\u00e4j\u00e4, asianomistaja ja puolustus ovat valittaneet tuomiosta, jonka Roope Mustosen oli saanut kes\u00e4kuun lopussa.<\/p>\n<p><img decoding=\"async\" alt=\"Parrakas Roope Mustonen seisoo syytetyn lasisessa kopissa oikeussalissa sinisess\u00e4 paidassa. Kopin lasiin heijastuu tuomarin p\u00f6yt\u00e4 ja Ukrainan lippu.\" src=\"https:\/\/www.europesays.com\/fi\/wp-content\/uploads\/2026\/08\/1782824682.jpeg\" class=\"aw__sc-dklauk-0 LPzKX\"\/><\/p>\n<p>Avaa kuvien katselu<\/p>\n<p>Roope Mustonen pultavalaisessa oikeussalissa kes\u00e4kuussa 2026 Kuva: Maxim Fedorov \/ Yle<\/p>\n<p class=\"aw__sc-1qwuw0s-0 aw__sc-ngllmo-0 epAWpq fzYpjk yle__article__paragraph\"><strong class=\"aw__sc-ngllmo-2 gdRrun yle__article__strong\">PULTAVA<\/strong> Suomalaiselle avustusty\u00f6ntekij\u00e4lle <strong class=\"aw__sc-ngllmo-2 gdRrun yle__article__strong\">Roope Mustoselle<\/strong> kuukausi sitten annetusta tuomiosta on saapunut kolme valitusta.<\/p>\n<p class=\"aw__sc-1qwuw0s-0 aw__sc-ngllmo-0 epAWpq fzYpjk yle__article__paragraph\">N\u00e4in kertoo Mustosen ukrainalainen asianajaja <strong class=\"aw__sc-ngllmo-2 gdRrun yle__article__strong\">Myhailo Tarasenko<\/strong>.<\/p>\n<p class=\"aw__sc-1qwuw0s-0 aw__sc-ngllmo-0 epAWpq fzYpjk yle__article__paragraph\">\u2013 Syytt\u00e4j\u00e4 vaatii vankeusrangaistuksen korottamista nelj\u00e4st\u00e4 kuuteen vuoteen, leski vaatii enimm\u00e4israngaistusta eli kahdeksaa vuotta vankeutta ja j\u00e4ttikorvauksia, Tarasenko sanoo.<\/p>\n<p class=\"aw__sc-1qwuw0s-0 aw__sc-ngllmo-0 epAWpq fzYpjk yle__article__paragraph\">Puolustus haluaa korvausasian uudelleenk\u00e4sittely\u00e4 siviilikanteena eik\u00e4 rikosmenettelyn\u00e4 sen nopeuttamiseksi.<\/p>\n<p class=\"aw__sc-1qwuw0s-0 aw__sc-ngllmo-0 epAWpq fzYpjk yle__article__paragraph\">Rangaistuksen osalta puolustuksen vaatimus on vapauden rajoittaminen kolmen vuoden koeajalla vankeuden sijaan.<\/p>\n<p class=\"aw__sc-1qwuw0s-0 aw__sc-ngllmo-0 epAWpq fzYpjk yle__article__paragraph\">Tuoreinta tuomiota koskeva valitusaika umpeutui viime viikolla.<\/p>\n<p>K\u00e4sittelyyn mahdollisesti kolme kuukautta<\/p>\n<p class=\"aw__sc-1qwuw0s-0 aw__sc-ngllmo-0 epAWpq fzYpjk yle__article__paragraph\">Kyseess\u00e4 on jo toinen muutoksenhakuk\u00e4sittely Roope Mustosen tapauksessa.<\/p>\n<p class=\"aw__sc-1qwuw0s-0 aw__sc-ngllmo-0 epAWpq fzYpjk yle__article__paragraph\">Ensimm\u00e4isen kerran Pultavan hovioikeus k\u00e4sitteli asiaa t\u00e4m\u00e4n vuoden tammikuussa. Silloin viime lokakuussa k\u00e4r\u00e4j\u00e4oikeuden antama tuomio kumottiin ja asia palautettiin uudelleenk\u00e4sittelyyn ensimm\u00e4isen asteen oikeuteen.<\/p>\n<p class=\"aw__sc-1qwuw0s-0 aw__sc-ngllmo-0 epAWpq fzYpjk yle__article__paragraph\">Tarasenkon mukaan k\u00e4sittely valitusoikeudessa voi alkaa kahden tai jopa kolmen kuukauden p\u00e4\u00e4st\u00e4.<\/p>\n<p class=\"aw__sc-1qwuw0s-0 aw__sc-ngllmo-0 epAWpq fzYpjk yle__article__paragraph\">\u2013 T\u00e4m\u00e4 riippuu siit\u00e4, saadaanko Pultavassa tarvittava tuomarikokoonpano muodostettua. Ne tuomarit, jotka ovat jo k\u00e4sitelleet valitusta Mustosen asiassa, ovat nyt esteellisi\u00e4. Siksi voi olla, ett\u00e4 korkein oikeus joutuu nime\u00e4m\u00e4\u00e4n uuden kokoonpanon.<\/p>\n<p>N\u00e4in Roope Mustonen ja h\u00e4nen asianajajansa Myhailo Tarasenko kommentoivat tuomiota 30. kes\u00e4kuuta 2026.Perhe on odottanut Mustosta kotiin yli vuoden<\/p>\n<p class=\"aw__sc-1qwuw0s-0 aw__sc-ngllmo-0 epAWpq fzYpjk yle__article__paragraph\">Roope Mustosen is\u00e4 <strong class=\"aw__sc-ngllmo-2 gdRrun yle__article__strong\">Mika Mustonen<\/strong> on pettynyt muiden tekemiin valituksiin sek\u00e4 poikansa saamaan kohteluun.<\/p>\n<p class=\"aw__sc-1qwuw0s-0 aw__sc-ngllmo-0 epAWpq fzYpjk yle__article__paragraph\">\u2013 Ukrainan oikeusk\u00e4yt\u00e4nn\u00f6n mukaan Roopen pit\u00e4isi saada ehdollinen tai lyhyt ehdoton tuomio ja vastata syytteeseen vapaalta, mutta nyt h\u00e4nt\u00e4 on pidetty eristyksiss\u00e4. Minusta Suomen valtion teht\u00e4v\u00e4 olisi pit\u00e4\u00e4 huolta, ett\u00e4 sen kansalaiset saavat toisessa valtiossa oikeusj\u00e4rjestelm\u00e4n s\u00e4\u00e4nt\u00f6jen mukaisen kohtelun, Mika Mustonen kommentoi Ylelle.<\/p>\n<p class=\"aw__sc-1qwuw0s-0 aw__sc-ngllmo-0 epAWpq fzYpjk yle__article__paragraph\">Mustonen vangittiin sen j\u00e4lkeen, kun h\u00e4n oli t\u00f6rm\u00e4nnyt pakullaan ajoradalla autoaan tarkastaneeseen mieheen Harkovan ja Pultavan v\u00e4lisell\u00e4 tiell\u00e4.<\/p>\n<p class=\"aw__sc-1qwuw0s-0 aw__sc-ngllmo-0 epAWpq fzYpjk yle__article__paragraph\">My\u00f6hemmin mies kuoli saamiinsa vammoihin sairaalassa.<\/p>\n<p class=\"aw__sc-1qwuw0s-0 aw__sc-ngllmo-0 epAWpq fzYpjk yle__article__paragraph\">Yksik\u00e4\u00e4n tuomari ei ole muuttanut Mustoselle m\u00e4\u00e4r\u00e4tty\u00e4 turvaamistointa puolustuksen hakemuksista huolimatta. Perhe ep\u00e4ilee asiassa korruptiota, sill\u00e4 kuolleen miehen leski on harkovalaisen tuomioistuimen p\u00e4\u00e4llikk\u00f6tuomari.<\/p>\n<p class=\"aw__sc-1qwuw0s-0 aw__sc-ngllmo-0 epAWpq fzYpjk yle__article__paragraph\">Puolustuksen mukaan Mustonen on ainoa koko Ukrainassa, joka istuu tutkintavankeudessa liikenteess\u00e4 tapahtuneesta kuolemantuottamuksesta ep\u00e4iltyn\u00e4, kun asiaan ei liity p\u00e4ihteit\u00e4 tai pakenemisyrityst\u00e4.<\/p>\n<p class=\"aw__sc-1qwuw0s-0 aw__sc-ngllmo-0 epAWpq fzYpjk yle__article__paragraph\">Yleisimpi\u00e4 turvaamistoimia n\u00e4iss\u00e4 tapauksissa ovat kotiaresti tai \u201dhenkil\u00f6kohtainen sitoumus\u201d, johon voidaan liitt\u00e4\u00e4 matkustuskieltoa muistuttavia liikkumisrajoituksia.<\/p>\n<p class=\"aw__sc-1qwuw0s-0 aw__sc-ngllmo-0 epAWpq fzYpjk yle__article__paragraph\">Kuolleen miehen leski <strong class=\"aw__sc-ngllmo-2 gdRrun yle__article__strong\">Natalija Novikova<\/strong> on kielt\u00e4ytynyt antamasta kommentteja, ennen kuin asiassa on saatu lainvoimainen ratkaisu.<\/p>\n","protected":false},"excerpt":{"rendered":"Syytt\u00e4j\u00e4, asianomistaja ja puolustus ovat valittaneet tuomiosta, jonka Roope Mustosen oli saanut kes\u00e4kuun lopussa. Avaa kuvien katselu Roope&hellip;\n","protected":false},"author":2,"featured_media":316253,"comment_status":"","ping_status":"","sticky":false,"template":"","format":"standard","meta":{"footnotes":"","_share_on_mastodon":"0"},"categories":[12],"tags":[22,23,26,27,33,31,30,17,24,25,28,29,15,2098,1915,18,21,40416,1726,32,19,20,1303,56,16,8170],"class_list":["post-316252","post","type-post","status-publish","format-standard","has-post-thumbnail","category-suomi","tag-breaking-news","tag-breakingnews","tag-featured-news","tag-featurednews","tag-fi","tag-finland","tag-finnish","tag-headlines","tag-latest-news","tag-latestnews","tag-main-news","tag-mainnews","tag-news","tag-oikeudenkaynnit","tag-oikeus","tag-otsikot","tag-paauutiset","tag-pultava","tag-rangaistukset","tag-suomi","tag-top-stories","tag-topstories","tag-ukraina","tag-ulkomaat","tag-uutiset","tag-vankeus"],"share_on_mastodon":{"url":"https:\/\/pubeurope.com\/@fi\/117032587725304954","error":""},"_links":{"self":[{"href":"https:\/\/www.europesays.com\/fi\/wp-json\/wp\/v2\/posts\/316252","targetHints":{"allow":["GET"]}}],"collection":[{"href":"https:\/\/www.europesays.com\/fi\/wp-json\/wp\/v2\/posts"}],"about":[{"href":"https:\/\/www.europesays.com\/fi\/wp-json\/wp\/v2\/types\/post"}],"author":[{"embeddable":true,"href":"https:\/\/www.europesays.com\/fi\/wp-json\/wp\/v2\/users\/2"}],"replies":[{"embeddable":true,"href":"https:\/\/www.europesays.com\/fi\/wp-json\/wp\/v2\/comments?post=316252"}],"version-history":[{"count":0,"href":"https:\/\/www.europesays.com\/fi\/wp-json\/wp\/v2\/posts\/316252\/revisions"}],"wp:featuredmedia":[{"embeddable":true,"href":"https:\/\/www.europesays.com\/fi\/wp-json\/wp\/v2\/media\/316253"}],"wp:attachment":[{"href":"https:\/\/www.europesays.com\/fi\/wp-json\/wp\/v2\/media?parent=316252"}],"wp:term":[{"taxonomy":"category","embeddable":true,"href":"https:\/\/www.europesays.com\/fi\/wp-json\/wp\/v2\/categories?post=316252"},{"taxonomy":"post_tag","embeddable":true,"href":"https:\/\/www.europesays.com\/fi\/wp-json\/wp\/v2\/tags?post=316252"}],"curies":[{"name":"wp","href":"https:\/\/api.w.org\/{rel}","templated":true}]}}