{"id":31652,"date":"2025-09-11T07:12:07","date_gmt":"2025-09-11T07:12:07","guid":{"rendered":"https:\/\/www.europesays.com\/fi\/31652\/"},"modified":"2025-09-11T07:12:07","modified_gmt":"2025-09-11T07:12:07","slug":"banksyn-seinamaalaus-poistettiin-lontoon-oikeustalon-seinalta","status":"publish","type":"post","link":"https:\/\/www.europesays.com\/fi\/31652\/","title":{"rendered":"Banksyn sein\u00e4maalaus poistettiin Lontoon oikeustalon sein\u00e4lt\u00e4"},"content":{"rendered":"<p>Britannia|Lontoon poliisi tutkii maalauksen tekemist\u00e4 vahingontekona.<\/p>\n<p class=\"article-body margin-bottom-24 px-nof-16\">Katutaiteilija Banksyn huomiota her\u00e4tt\u00e4nyt sein\u00e4maalaus poistettiin keskiviikkona Lontoon kuninkaallisen oikeustalon sein\u00e4lt\u00e4, kertoo uutistoimisto <a class=\"article-genericlink\" href=\"https:\/\/edition.cnn.com\/2025\/09\/10\/style\/banksy-london-court-mural-removed\" rel=\"nofollow noopener\" target=\"_blank\">Associated Press<\/a> (AP). Teos esitti tuomaria, joka ly\u00f6 maassa makaavaa mielenosoittajaa.<\/p>\n<p class=\"article-body margin-bottom-24 px-nof-16\">Maalaus hangattiin pois 143 vuotta vanhan viktoriaanisen rakennuksen sein\u00e4lt\u00e4. Teos oli <a class=\"article-genericlink\" href=\"https:\/\/www.hs.fi\/kulttuuri\/art-2000011480753.html\" rel=\"nofollow noopener\" target=\"_blank\">peitetty <\/a>jo aiemmin nopeasti sen j\u00e4lkeen, kun se ilmestyi rakennuksen sein\u00e4\u00e4n maanantaina. Banksy vahvisti teoksen aitouden julkaisemalla siit\u00e4 kuvan Instagram-tilill\u00e4\u00e4n.<\/p>\n<p class=\"article-body margin-bottom-24 px-nof-16\">Oikeustalohallinto oli m\u00e4\u00e4r\u00e4nnyt teoksen poistettavaksi. P\u00e4\u00e4t\u00f6st\u00e4 perusteltiin rakennuksen historiallisella arvokkuudella ja sen alkuper\u00e4isen luonteen s\u00e4ilytt\u00e4misell\u00e4.<\/p>\n<p class=\"article-body margin-bottom-24 px-nof-16\">Lontoon poliisi tutkii maalauksen tekemist\u00e4 vahingontekona.<\/p>\n<p class=\"article-body margin-bottom-24 px-nof-16\">Teos ilmestyi pian sen j\u00e4lkeen, kun Lontoossa pid\u00e4tettiin l\u00e4hes 900 mielenosoittajaa sunnuntaina pidetyss\u00e4 mielenosoituksessa. Mielenosoittajat vastustivat Palestine Action -ryhm\u00e4n kielt\u00e4mist\u00e4.<\/p>\n<p class=\"article-body margin-bottom-24 px-nof-16\">Banksy, jonka henkil\u00f6llisyys ei ole julkinen, on tunnettu Britannian hallituksen maahanmuutto- ja sotapolitiikan kritisoinnista. H\u00e4n on aiemminkin luonut teoksia palestiinalaisten tukemiseksi.<\/p>\n","protected":false},"excerpt":{"rendered":"Britannia|Lontoon poliisi tutkii maalauksen tekemist\u00e4 vahingontekona. Katutaiteilija Banksyn huomiota her\u00e4tt\u00e4nyt sein\u00e4maalaus poistettiin keskiviikkona Lontoon kuninkaallisen oikeustalon sein\u00e4lt\u00e4, kertoo&hellip;\n","protected":false},"author":2,"featured_media":31653,"comment_status":"","ping_status":"","sticky":false,"template":"","format":"standard","meta":{"footnotes":""},"categories":[135],"tags":[389,387,388,390,137,33,31,30,46,32,394,393,391,392,109],"class_list":{"0":"post-31652","1":"post","2":"type-post","3":"status-publish","4":"format-standard","5":"has-post-thumbnail","7":"category-taiteet-ja-suunnittelu","8":"tag-arts","9":"tag-arts-and-design","10":"tag-artsanddesign","11":"tag-design","12":"tag-entertainment","13":"tag-fi","14":"tag-finland","15":"tag-finnish","16":"tag-helsingin-sanomat","17":"tag-suomi","18":"tag-suunnittelu","19":"tag-taiteet","20":"tag-taiteet-ja-suunnittelu","21":"tag-taiteetsuunnittelu","22":"tag-viihde"},"share_on_mastodon":{"url":"","error":""},"_links":{"self":[{"href":"https:\/\/www.europesays.com\/fi\/wp-json\/wp\/v2\/posts\/31652","targetHints":{"allow":["GET"]}}],"collection":[{"href":"https:\/\/www.europesays.com\/fi\/wp-json\/wp\/v2\/posts"}],"about":[{"href":"https:\/\/www.europesays.com\/fi\/wp-json\/wp\/v2\/types\/post"}],"author":[{"embeddable":true,"href":"https:\/\/www.europesays.com\/fi\/wp-json\/wp\/v2\/users\/2"}],"replies":[{"embeddable":true,"href":"https:\/\/www.europesays.com\/fi\/wp-json\/wp\/v2\/comments?post=31652"}],"version-history":[{"count":0,"href":"https:\/\/www.europesays.com\/fi\/wp-json\/wp\/v2\/posts\/31652\/revisions"}],"wp:featuredmedia":[{"embeddable":true,"href":"https:\/\/www.europesays.com\/fi\/wp-json\/wp\/v2\/media\/31653"}],"wp:attachment":[{"href":"https:\/\/www.europesays.com\/fi\/wp-json\/wp\/v2\/media?parent=31652"}],"wp:term":[{"taxonomy":"category","embeddable":true,"href":"https:\/\/www.europesays.com\/fi\/wp-json\/wp\/v2\/categories?post=31652"},{"taxonomy":"post_tag","embeddable":true,"href":"https:\/\/www.europesays.com\/fi\/wp-json\/wp\/v2\/tags?post=31652"}],"curies":[{"name":"wp","href":"https:\/\/api.w.org\/{rel}","templated":true}]}}