{"id":316602,"date":"2026-08-04T04:20:08","date_gmt":"2026-08-04T04:20:08","guid":{"rendered":"https:\/\/www.europesays.com\/fi\/316602\/"},"modified":"2026-08-04T04:20:08","modified_gmt":"2026-08-04T04:20:08","slug":"ylen-kello-17-tv-uutisten-lahetyksessa-hairioita-uutisia-lyhyesti-2","status":"publish","type":"post","link":"https:\/\/www.europesays.com\/fi\/316602\/","title":{"rendered":"Ylen kello 17 tv-uutisten l\u00e4hetyksess\u00e4 h\u00e4iri\u00f6it\u00e4 | Uutisia lyhyesti"},"content":{"rendered":"<p class=\"aw__sc-1qwuw0s-0 aw__sc-ngllmo-0 epAWpq fzYpjk yle__article__paragraph\">Vaihteleva s\u00e4\u00e4 jatkuu tiistaina, kertoo Ylen meteorologi <strong class=\"aw__sc-ngllmo-2 gdRrun yle__article__strong\">Henriikka Heikinoja<\/strong>.<\/p>\n<p class=\"aw__sc-1qwuw0s-0 aw__sc-ngllmo-0 epAWpq fzYpjk yle__article__paragraph\">\u2013 T\u00e4n\u00e4\u00e4n iltap\u00e4iv\u00e4ll\u00e4 Lapissa sateet ja sadekuurot saavat jatkoa, ja yksitt\u00e4isi\u00e4 kuuroja voi esiinty\u00e4 my\u00f6s etel\u00e4ss\u00e4, Heikinoja sanoo.<\/p>\n<p class=\"aw__sc-1qwuw0s-0 aw__sc-ngllmo-0 epAWpq fzYpjk yle__article__paragraph\">Tuuli voimistuu p\u00e4iv\u00e4n aikana ja voi olla puuskaista etenkin maan keskiosassa. Suurimmassa osassa maata l\u00e4mp\u00f6tila j\u00e4\u00e4 alle 20 asteen. Ainoastaan Etel\u00e4-Suomessa l\u00e4mp\u00f6tila voi kivuta sen yli.<\/p>\n<p class=\"aw__sc-1qwuw0s-0 aw__sc-ngllmo-0 epAWpq fzYpjk yle__article__paragraph\">Illalla tuuli hiljalleen heikkenee. Lapissa sade- ja ukkoskuurot jatkuvat iltaan saakka.<\/p>\n<p class=\"aw__sc-1qwuw0s-0 aw__sc-ngllmo-0 epAWpq fzYpjk yle__article__paragraph\">Etel\u00e4mp\u00e4n\u00e4 s\u00e4\u00e4 on poutaisempaa, mutta y\u00f6t\u00e4 kohden l\u00e4nnest\u00e4 saapuu runsas pilvipeite.<\/p>\n","protected":false},"excerpt":{"rendered":"Vaihteleva s\u00e4\u00e4 jatkuu tiistaina, kertoo Ylen meteorologi Henriikka Heikinoja. \u2013 T\u00e4n\u00e4\u00e4n iltap\u00e4iv\u00e4ll\u00e4 Lapissa sateet ja sadekuurot saavat jatkoa,&hellip;\n","protected":false},"author":2,"featured_media":316603,"comment_status":"","ping_status":"","sticky":false,"template":"","format":"standard","meta":{"footnotes":"","_share_on_mastodon":"0"},"categories":[133],"tags":[137,33,31,30,71,1077,32,206,156,109,1149],"class_list":["post-316602","post","type-post","status-publish","format-standard","has-post-thumbnail","category-televisiot","tag-entertainment","tag-fi","tag-finland","tag-finnish","tag-kotimaa","tag-media","tag-suomi","tag-televisiot","tag-tv","tag-viihde","tag-yle"],"share_on_mastodon":{"url":"https:\/\/pubeurope.com\/@fi\/117035324268659865","error":""},"_links":{"self":[{"href":"https:\/\/www.europesays.com\/fi\/wp-json\/wp\/v2\/posts\/316602","targetHints":{"allow":["GET"]}}],"collection":[{"href":"https:\/\/www.europesays.com\/fi\/wp-json\/wp\/v2\/posts"}],"about":[{"href":"https:\/\/www.europesays.com\/fi\/wp-json\/wp\/v2\/types\/post"}],"author":[{"embeddable":true,"href":"https:\/\/www.europesays.com\/fi\/wp-json\/wp\/v2\/users\/2"}],"replies":[{"embeddable":true,"href":"https:\/\/www.europesays.com\/fi\/wp-json\/wp\/v2\/comments?post=316602"}],"version-history":[{"count":0,"href":"https:\/\/www.europesays.com\/fi\/wp-json\/wp\/v2\/posts\/316602\/revisions"}],"wp:featuredmedia":[{"embeddable":true,"href":"https:\/\/www.europesays.com\/fi\/wp-json\/wp\/v2\/media\/316603"}],"wp:attachment":[{"href":"https:\/\/www.europesays.com\/fi\/wp-json\/wp\/v2\/media?parent=316602"}],"wp:term":[{"taxonomy":"category","embeddable":true,"href":"https:\/\/www.europesays.com\/fi\/wp-json\/wp\/v2\/categories?post=316602"},{"taxonomy":"post_tag","embeddable":true,"href":"https:\/\/www.europesays.com\/fi\/wp-json\/wp\/v2\/tags?post=316602"}],"curies":[{"name":"wp","href":"https:\/\/api.w.org\/{rel}","templated":true}]}}