{"id":31662,"date":"2025-09-11T07:23:08","date_gmt":"2025-09-11T07:23:08","guid":{"rendered":"https:\/\/www.europesays.com\/fi\/31662\/"},"modified":"2025-09-11T07:23:08","modified_gmt":"2025-09-11T07:23:08","slug":"tallainen-oli-maga-aktivisti-charlie-kirk-joka-ammuttin-yhdysvalloissa-ulkomaat","status":"publish","type":"post","link":"https:\/\/www.europesays.com\/fi\/31662\/","title":{"rendered":"T\u00e4llainen oli MAGA-aktivisti Charlie Kirk, joka ammuttin Yhdysvalloissa | Ulkomaat"},"content":{"rendered":"<p class=\"aw-1gybjub aw-5vja16 cmIuaG zKETg yle__article__paragraph\">Kirk oli kiistanalainen hahmo ja Yhdysvaltain presidentti Donald Trumpin liittolainen.<\/p>\n<p><img decoding=\"async\" alt=\"Resist the Left -tekstill\u00e4 varustettuun t-paitaan pukeutunut  Charlie Kirk.\" src=\"https:\/\/www.europesays.com\/fi\/wp-content\/uploads\/2025\/09\/39-152052568c247040d8af.jpeg\" class=\"aw-1l9m598 hKVVvP\"\/><\/p>\n<p>Avaa kuvien katselu<\/p>\n<p>Charlie Kirk osallistui vuonna 2024 Georgiassa yliopiston l\u00e4hell\u00e4 j\u00e4rjestettyyn Yhdysvaltain presidentti Donald Trumpin kampanjatilaisuuteen. Kuva: Yasuyoshi Chiba \/ AFP<\/p>\n<p class=\"aw-1gybjub aw-1p7kakr cmIuaG fmSRng yle__article__paragraph\">Yhdysvaltalainen MAGA-aktivisti ja mediapersoona <strong class=\"aw-ak79eh KyCXm yle__article__strong\">Charlie<\/strong> <strong class=\"aw-ak79eh KyCXm yle__article__strong\">Kirk<\/strong> ammuttiin my\u00f6h\u00e4\u00e4n keskiviikkona illalla Suomen aikaa h\u00e4nen j\u00e4rjest\u00e4m\u00e4ss\u00e4\u00e4n tapahtumassa Utahissa Yhdysvalloissa.<\/p>\n<p class=\"aw-1gybjub aw-1p7kakr cmIuaG fmSRng yle__article__paragraph\">Kirk oli kiistanalainen hahmo, joka tunnettiin radikaaleista mielipiteist\u00e4\u00e4n. H\u00e4n esitti k\u00e4rjistettyj\u00e4 n\u00e4kemyksi\u00e4 muun muassa sukupuolikysymyksist\u00e4, uskonnosta, etnisyydest\u00e4 ja politiikasta. Kirkin mielipiteet perustuivat vahvasti kristilliseen nationalismiin.<\/p>\n<p class=\"aw-1gybjub aw-1p7kakr cmIuaG fmSRng yle__article__paragraph\">Kirk on muun muassa kyseenalaistanut tummaihoisten lent\u00e4jien p\u00e4tevyyden, syytt\u00e4nyt juutalaisia yhteis\u00f6j\u00e4 vihan lietsomisesta valkoisia ihmisi\u00e4 kohtaan ja pyrkinyt paljastamaan \u201dradikaaleja\u201d tutkijoita <a class=\"aw-iao6s4 iHOxEa yle__article__link\" href=\"https:\/\/www.professorwatchlist.org\/\" role=\"link\" rel=\"nofollow noopener\" target=\"_blank\">Professor Watchlist<\/a> -projektissaan (suom. professorien tarkkailulista-projekti), kertoo yhdysvaltalaismedia <a class=\"aw-iao6s4 iHOxEa yle__article__link\" href=\"https:\/\/www.nytimes.com\/2025\/09\/10\/us\/charlie-kirk-republicans-trump-politics.html\" role=\"link\" rel=\"nofollow noopener\" target=\"_blank\">The New York Times<\/a>.<\/p>\n<p class=\"aw-1gybjub aw-1p7kakr cmIuaG fmSRng yle__article__paragraph\">Kirk puhui my\u00f6s aseidenkanto-oikeuden puolesta. Kirk <a class=\"aw-iao6s4 iHOxEa yle__article__link\" href=\"https:\/\/www.mediamatters.org\/charlie-kirk\/charlie-kirk-its-worth-have-cost-unfortunately-some-gun-deaths-every-single-year-so-we\" role=\"link\" rel=\"nofollow noopener\" target=\"_blank\">kommentoi<\/a> vuonna 2023 perustamansa The Turning Point USA-liikkeen tapahtumassa, ett\u00e4 \u201dmuutama kuolemaan johtava ampuminen vuodessa on Yhdysvaltain perustuslain toisen lis\u00e4yksen puolustamisen arvoista\u201d.<\/p>\n<p class=\"aw-1gybjub aw-1p7kakr cmIuaG fmSRng yle__article__paragraph\"><a class=\"aw-iao6s4 iHOxEa yle__article__link\" href=\"https:\/\/www.turningpointed.com\/\" role=\"link\" rel=\"nofollow noopener\" target=\"_blank\">The Turning Point USA<\/a> -liikkeen tarkoitus on puhutella nuoria \u00e4\u00e4nest\u00e4ji\u00e4 yliopistojen kampuksilla. Liike l\u00e4hett\u00e4\u00e4 konservatiivisia puhujia yliopistoihin v\u00e4ittelem\u00e4\u00e4n ja keskustelemaan esimerkiksi taloudesta, rotu-kysymyksist\u00e4 ja maahanmuutosta. Kirk perusti liikkeen 18-vuotiaana.<\/p>\n<p class=\"aw-1gybjub aw-1p7kakr cmIuaG fmSRng yle__article__paragraph\">Kirk oli Yhdysvaltain presidentti <strong class=\"aw-ak79eh KyCXm yle__article__strong\">Donald<\/strong> <strong class=\"aw-ak79eh KyCXm yle__article__strong\">Trumpin<\/strong> liittolainen ja h\u00e4nen Make America Great Again-liikkeens\u00e4 (MAGA) kannattaja. H\u00e4n on vaikuttanut positiivisesti Trumpin kannatukseen yhdysvaltalaisten nuorten parissa. Trump on my\u00f6s antanut h\u00e4nelle siit\u00e4 tunnustusta.<\/p>\n<p class=\"aw-1gybjub aw-1p7kakr cmIuaG fmSRng yle__article__paragraph\">My\u00f6s Trumpin poika <strong class=\"aw-ak79eh KyCXm yle__article__strong\">Donald<\/strong> <strong class=\"aw-ak79eh KyCXm yle__article__strong\">Trump<\/strong> <strong class=\"aw-ak79eh KyCXm yle__article__strong\">Jr.<\/strong> <a class=\"aw-iao6s4 iHOxEa yle__article__link\" href=\"https:\/\/www.nytimes.com\/2025\/09\/10\/us\/turning-point-usa-charlie-kirk.html\" role=\"link\" rel=\"nofollow noopener\" target=\"_blank\">viittasi<\/a> Kirkiin aikoinaan yhten\u00e4 liikeen \u201drokki-t\u00e4hdist\u00e4\u201d.<\/p>\n<p>Trump noteerasi Kirkin kuoleman<\/p>\n<p class=\"aw-1gybjub aw-1p7kakr cmIuaG fmSRng yle__article__paragraph\">Presidentti Trump noteerasi Kirkin ampumisen omistamassaan sosiaalisessa mediassa Truth Socialissa.<\/p>\n<p class=\"aw-1gybjub aw-1p7kakr cmIuaG fmSRng yle__article__paragraph\">\u2013 Suuri ja jopa legendaarinen Charlie Kirk on poissa. Kukaan ei ymm\u00e4rt\u00e4nyt Yhdysvaltojen nuorisoa, eik\u00e4 kell\u00e4\u00e4n ollut samanlaista syd\u00e4nt\u00e4 kuin Charliella, Trump kirjoitti.<\/p>\n<p class=\"aw-1gybjub aw-1p7kakr cmIuaG fmSRng yle__article__paragraph\">Trumpin Kirkille suomasta suosiosta kertoo my\u00f6s se, ett\u00e4 Trumpin noustessa helmikuussa presidentiksi, kirjoitti The Daily Beastin toimittaja X:ss\u00e4 Kirkill\u00e4 olevan paremmat paikat virkaanastujaisissa kuin Yhdysvaltojen kongressin j\u00e4senill\u00e4. Republikaanisenaattori <strong class=\"aw-ak79eh KyCXm yle__article__strong\">Jim<\/strong> <strong class=\"aw-ak79eh KyCXm yle__article__strong\">Bank<\/strong> vastasi t\u00e4h\u00e4n, ett\u00e4 Kirk on tehnyt enemm\u00e4n kuin suurin osa kongressin j\u00e4senist\u00e4, jotta republikaanit on saatu kyseiseen pisteeseen.<\/p>\n<p class=\"aw-1gybjub aw-1p7kakr cmIuaG fmSRng yle__article__paragraph\">Virkaanastujaisista kerrotaan helmikuussa julkaistussa <a class=\"aw-iao6s4 iHOxEa yle__article__link\" href=\"https:\/\/www.nytimes.com\/2025\/02\/10\/magazine\/charlie-kirk-american-right.html\" role=\"link\" rel=\"nofollow noopener\" target=\"_blank\">The New York Times<\/a> -artikkelissa, joka k\u00e4sittelee Kirkin poliittista nousukiitoa.<\/p>\n<p class=\"aw-1gybjub aw-1p7kakr cmIuaG fmSRng yle__article__paragraph\">Chicagossa kasvanut Kirk oli kuollessaan 31-vuotias. H\u00e4n oli naimisissa podcast-juontaja <strong class=\"aw-ak79eh KyCXm yle__article__strong\">Erika<\/strong> <strong class=\"aw-ak79eh KyCXm yle__article__strong\">Kirkin<\/strong>, omaa sukua Frantzven, kanssa. Parilla on kaksi lasta. Erika Kirk omistaa my\u00f6s kristillisen <a class=\"aw-iao6s4 iHOxEa yle__article__link\" href=\"https:\/\/www.proclaim365.com\/us\" role=\"link\" rel=\"nofollow noopener\" target=\"_blank\">Proclaim-vaateketjun<\/a>.<\/p>\n<p class=\"aw-1gybjub aw-1p7kakr cmIuaG fmSRng yle__article__paragraph\">Kirk juonsi nime\u00e4\u00e4n kantavaa ja suosittua The Charlie Kirk Show-podcastia. H\u00e4n oli haluttu vieras televisiokanavilla ja suosittu Tiktokissa ja Instagramissa. Kirkin ohjelmalla on Tiktokissa yli 8 miljoonaa seuraajaa. My\u00f6s Instagramissa Kirkill\u00e4 on yli 8 miljoonaa seuraajaa.<\/p>\n<p>Ampujaa ei ole viel\u00e4 saatu kiinni<\/p>\n<p class=\"aw-1gybjub aw-1p7kakr cmIuaG fmSRng yle__article__paragraph\">Utahin kuvern\u00f6\u00f6ri on kuvaillut ampumista poliittiseksi salamurhaksi. Utahin viranomaisten mukaan tapauksen tiimoilta pid\u00e4tettiin kaksi ep\u00e4ilty\u00e4, jotka on sittemmin vapautettu, <a class=\"aw-iao6s4 iHOxEa yle__article__link\" href=\"https:\/\/www.cnn.com\/us\/live-news\/charlie-kirk-shot-utah-09-10-25#cmferwei5000i356o9n33yhs0\" role=\"link\" rel=\"nofollow noopener\" target=\"_blank\">kertoo CNN<\/a>. Ep\u00e4illyn ampujan etsinn\u00e4t jatkuvat.<\/p>\n<p class=\"aw-1gybjub aw-1p7kakr cmIuaG fmSRng yle__article__paragraph\">Ylen Yhdysvaltain-kirjeenvaihtaja <strong class=\"aw-ak79eh KyCXm yle__article__strong\">Ilmari<\/strong> <strong class=\"aw-ak79eh KyCXm yle__article__strong\">Reunam\u00e4ki<\/strong> arvioi videoanalyysissaan, ett\u00e4 poliittinen v\u00e4kivalta on j\u00e4lleen valtava ongelma Yhdysvalloissa.<\/p>\n<p><img decoding=\"async\" alt=\"Henkil\u00f6 on kyykistynen\u00e4 muistokuvan edustalla.\" src=\"https:\/\/www.europesays.com\/fi\/wp-content\/uploads\/2025\/09\/39-152052068c2405aca6b8.jpeg\" class=\"aw-1l9m598 hKVVvP\"\/><\/p>\n","protected":false},"excerpt":{"rendered":"Kirk oli kiistanalainen hahmo ja Yhdysvaltain presidentti Donald Trumpin liittolainen. Avaa kuvien katselu Charlie Kirk osallistui vuonna 2024&hellip;\n","protected":false},"author":2,"featured_media":31663,"comment_status":"","ping_status":"","sticky":false,"template":"","format":"standard","meta":{"footnotes":""},"categories":[14],"tags":[3981,22,23,9333,585,26,27,33,31,30,17,683,24,25,28,29,15,18,21,32,19,20,56,16,59,60,61,619,1867],"class_list":{"0":"post-31662","1":"post","2":"type-post","3":"status-publish","4":"format-standard","5":"has-post-thumbnail","7":"category-ulkomaat","8":"tag-ampuminen","9":"tag-breaking-news","10":"tag-breakingnews","11":"tag-charlie-kirk","12":"tag-donald-trump","13":"tag-featured-news","14":"tag-featurednews","15":"tag-fi","16":"tag-finland","17":"tag-finnish","18":"tag-headlines","19":"tag-kuolema","20":"tag-latest-news","21":"tag-latestnews","22":"tag-main-news","23":"tag-mainnews","24":"tag-news","25":"tag-otsikot","26":"tag-paauutiset","27":"tag-suomi","28":"tag-top-stories","29":"tag-topstories","30":"tag-ulkomaat","31":"tag-uutiset","32":"tag-world","33":"tag-world-news","34":"tag-worldnews","35":"tag-yhdysvallat","36":"tag-yhdysvaltojen-politiikka"},"share_on_mastodon":{"url":"","error":""},"_links":{"self":[{"href":"https:\/\/www.europesays.com\/fi\/wp-json\/wp\/v2\/posts\/31662","targetHints":{"allow":["GET"]}}],"collection":[{"href":"https:\/\/www.europesays.com\/fi\/wp-json\/wp\/v2\/posts"}],"about":[{"href":"https:\/\/www.europesays.com\/fi\/wp-json\/wp\/v2\/types\/post"}],"author":[{"embeddable":true,"href":"https:\/\/www.europesays.com\/fi\/wp-json\/wp\/v2\/users\/2"}],"replies":[{"embeddable":true,"href":"https:\/\/www.europesays.com\/fi\/wp-json\/wp\/v2\/comments?post=31662"}],"version-history":[{"count":0,"href":"https:\/\/www.europesays.com\/fi\/wp-json\/wp\/v2\/posts\/31662\/revisions"}],"wp:featuredmedia":[{"embeddable":true,"href":"https:\/\/www.europesays.com\/fi\/wp-json\/wp\/v2\/media\/31663"}],"wp:attachment":[{"href":"https:\/\/www.europesays.com\/fi\/wp-json\/wp\/v2\/media?parent=31662"}],"wp:term":[{"taxonomy":"category","embeddable":true,"href":"https:\/\/www.europesays.com\/fi\/wp-json\/wp\/v2\/categories?post=31662"},{"taxonomy":"post_tag","embeddable":true,"href":"https:\/\/www.europesays.com\/fi\/wp-json\/wp\/v2\/tags?post=31662"}],"curies":[{"name":"wp","href":"https:\/\/api.w.org\/{rel}","templated":true}]}}