{"id":316662,"date":"2026-08-04T06:10:13","date_gmt":"2026-08-04T06:10:13","guid":{"rendered":"https:\/\/www.europesays.com\/fi\/316662\/"},"modified":"2026-08-04T06:10:13","modified_gmt":"2026-08-04T06:10:13","slug":"tyovaenmuseo-werstas-teki-kavijaennatyksen-tampereella-pirkanmaa","status":"publish","type":"post","link":"https:\/\/www.europesays.com\/fi\/316662\/","title":{"rendered":"Ty\u00f6v\u00e4enmuseo Werstas teki k\u00e4vij\u00e4\u00adenn\u00e4tyksen Tampereella | Pirkanmaa"},"content":{"rendered":"<p class=\"aw__sc-1qwuw0s-0 aw__sc-1vg2sqm-0 epAWpq ecELkD yle__article__paragraph\">Hein\u00e4kuu on ollut vilkas Pirkanmaan museoissa. Vuonna 1993 perustettu ty\u00f6v\u00e4enmuseo on vuosi vuodelta kasvattanut suosiotaan.<\/p>\n<p><img decoding=\"async\" alt=\"Ty\u00f6v\u00e4enmuseo Werstas sis\u00e4\u00e4nk\u00e4ynti.\" src=\"https:\/\/www.europesays.com\/fi\/wp-content\/uploads\/2026\/08\/1728806150.jpeg\" class=\"aw__sc-dklauk-0 LPzKX\"\/><\/p>\n<p>Avaa kuvien katselu<\/p>\n<p>Ty\u00f6v\u00e4enmuseo Werstas sijaitsee Tampereen keskustassa Finalysonin alueella. Kuva: Senni Nieminen \/ Yle<\/p>\n<p class=\"aw__sc-1qwuw0s-0 aw__sc-ngllmo-0 epAWpq fzYpjk yle__article__paragraph\">Tamperelainen Ty\u00f6v\u00e4enmuseo Werstas on tehnyt uuden k\u00e4vij\u00e4enn\u00e4tyksen. Hein\u00e4kuussa Werstaalla vieraili 11\u00a0944 k\u00e4vij\u00e4\u00e4, museo tiedottaa.<\/p>\n<p class=\"aw__sc-1qwuw0s-0 aw__sc-ngllmo-0 epAWpq fzYpjk yle__article__paragraph\">Viime kes\u00e4n\u00e4 ylitettiin ensimm\u00e4isen kerran 10\u00a0000 kuukausik\u00e4vij\u00e4n raja, ja nyt se rikottiin yli tuhannella museovieraalla.<\/p>\n<p class=\"aw__sc-1qwuw0s-0 aw__sc-ngllmo-0 epAWpq fzYpjk yle__article__paragraph\">Museon mukaan runsasta k\u00e4vij\u00e4m\u00e4\u00e4r\u00e4\u00e4 selitt\u00e4\u00e4 onnistunut n\u00e4yttelytarjonta. Vaihtuvista n\u00e4yttelyist\u00e4 Kalle Kaiharin el\u00e4m\u00e4 on kiinnostanut erityisesti tamperelaisia. Rikoksetta rangaistut -n\u00e4yttely taas tekee historian pimeit\u00e4 puolia tunnetuksi.<\/p>\n<p class=\"aw__sc-1qwuw0s-0 aw__sc-ngllmo-0 epAWpq fzYpjk yle__article__paragraph\">K\u00e4vij\u00e4virtaa vilkastuttivat my\u00f6s lapsiperheiden suosimat museon leikkipaikat, Finlaysonin alueen kes\u00e4ohjelma sek\u00e4 kotimaan vilkastunut matkailukausi.<\/p>\n<p class=\"aw__sc-1qwuw0s-0 aw__sc-ngllmo-0 epAWpq fzYpjk yle__article__paragraph\">Lis\u00e4ksi hein\u00e4kuussa museo oli auki poikkeuksellisesti my\u00f6s maanantaisin.<\/p>\n<p class=\"aw__sc-1qwuw0s-0 aw__sc-ngllmo-0 epAWpq fzYpjk yle__article__paragraph\">Museonjohtaja <strong class=\"aw__sc-ngllmo-2 gdRrun yle__article__strong\">Kalle Kallio<\/strong> uskoo suosion kertovan my\u00f6s suomalaisten tiukasta rahatilanteesta,<a class=\"aw__sc-ngllmo-1 bTDnwX yle__article__link\" href=\"https:\/\/yle.fi\/a\/74-20068499\" role=\"link\" rel=\"nofollow noopener\" target=\"_blank\"> sill\u00e4 Werstas on maksuton museo<\/a>.<\/p>\n<p class=\"aw__sc-1qwuw0s-0 aw__sc-ngllmo-0 epAWpq fzYpjk yle__article__paragraph\">\u2013 Kes\u00e4riennot k\u00e4yv\u00e4t valitettavasti kalliimmiksi ja <a class=\"aw__sc-ngllmo-1 bTDnwX yle__article__link\" href=\"https:\/\/yle.fi\/a\/74-20237507\" role=\"link\" rel=\"nofollow noopener\" target=\"_blank\">museotkin ovat surutta nostaneet lipunhintoja<\/a>. Ty\u00f6v\u00e4enmuseo Werstas on maamme suurin vapaan sis\u00e4\u00e4np\u00e4\u00e4syn museo, jonka suosiota voi my\u00f6s selitt\u00e4\u00e4 syventynyt lapsiperhek\u00f6yhyys, Kallio sanoo tiedotteessa.<\/p>\n<p class=\"aw__sc-1qwuw0s-0 aw__sc-ngllmo-0 epAWpq fzYpjk yle__article__paragraph\">Werstaan toiminta jatkuu normaalisti liikekeskus Siperian remontin ajan, mutta museoon p\u00e4\u00e4see vain V\u00e4in\u00f6 Linnan aukiolta, ei sis\u00e4kautta.<\/p>\n<p class=\"aw__sc-1qwuw0s-0 aw__sc-ngllmo-0 epAWpq fzYpjk yle__article__paragraph\">Hein\u00e4kuu on ollut vilkas my\u00f6s <a class=\"aw__sc-ngllmo-1 bTDnwX yle__article__link\" href=\"https:\/\/yle.fi\/a\/74-20239204\" role=\"link\" rel=\"nofollow noopener\" target=\"_blank\">M\u00e4nt\u00e4n Serlachius-museoissa<\/a>, joka teki kuukauden k\u00e4vij\u00e4enn\u00e4tyksen.<\/p>\n","protected":false},"excerpt":{"rendered":"Hein\u00e4kuu on ollut vilkas Pirkanmaan museoissa. Vuonna 1993 perustettu ty\u00f6v\u00e4enmuseo on vuosi vuodelta kasvattanut suosiotaan. Avaa kuvien katselu&hellip;\n","protected":false},"author":2,"featured_media":316663,"comment_status":"","ping_status":"","sticky":false,"template":"","format":"standard","meta":{"footnotes":"","_share_on_mastodon":"0"},"categories":[130],"tags":[137,33,31,30,108,966,967,553,32,551,23308,109],"class_list":["post-316662","post","type-post","status-publish","format-standard","has-post-thumbnail","category-viihde","tag-entertainment","tag-fi","tag-finland","tag-finnish","tag-kulttuuri","tag-museot","tag-nayttelyt","tag-pirkanmaa","tag-suomi","tag-tampere","tag-tyovaenmuseo-werstas","tag-viihde"],"share_on_mastodon":{"url":"https:\/\/pubeurope.com\/@fi\/117035756959004728","error":""},"_links":{"self":[{"href":"https:\/\/www.europesays.com\/fi\/wp-json\/wp\/v2\/posts\/316662","targetHints":{"allow":["GET"]}}],"collection":[{"href":"https:\/\/www.europesays.com\/fi\/wp-json\/wp\/v2\/posts"}],"about":[{"href":"https:\/\/www.europesays.com\/fi\/wp-json\/wp\/v2\/types\/post"}],"author":[{"embeddable":true,"href":"https:\/\/www.europesays.com\/fi\/wp-json\/wp\/v2\/users\/2"}],"replies":[{"embeddable":true,"href":"https:\/\/www.europesays.com\/fi\/wp-json\/wp\/v2\/comments?post=316662"}],"version-history":[{"count":0,"href":"https:\/\/www.europesays.com\/fi\/wp-json\/wp\/v2\/posts\/316662\/revisions"}],"wp:featuredmedia":[{"embeddable":true,"href":"https:\/\/www.europesays.com\/fi\/wp-json\/wp\/v2\/media\/316663"}],"wp:attachment":[{"href":"https:\/\/www.europesays.com\/fi\/wp-json\/wp\/v2\/media?parent=316662"}],"wp:term":[{"taxonomy":"category","embeddable":true,"href":"https:\/\/www.europesays.com\/fi\/wp-json\/wp\/v2\/categories?post=316662"},{"taxonomy":"post_tag","embeddable":true,"href":"https:\/\/www.europesays.com\/fi\/wp-json\/wp\/v2\/tags?post=316662"}],"curies":[{"name":"wp","href":"https:\/\/api.w.org\/{rel}","templated":true}]}}