{"id":31669,"date":"2025-09-11T07:37:08","date_gmt":"2025-09-11T07:37:08","guid":{"rendered":"https:\/\/www.europesays.com\/fi\/31669\/"},"modified":"2025-09-11T07:37:08","modified_gmt":"2025-09-11T07:37:08","slug":"ansku-bergstrom-taytti-pyoreita-avautui-hiljattain-sokkidiagnoosista","status":"publish","type":"post","link":"https:\/\/www.europesays.com\/fi\/31669\/","title":{"rendered":"Ansku Bergstr\u00f6m t\u00e4ytti py\u00f6reit\u00e4 \u2013 Avautui hiljattain \u0161okkidiagnoosista"},"content":{"rendered":"<p>Ansku Bergstr\u00f6m t\u00e4ytti 40 vuotta.<\/p>\n<p><img decoding=\"async\" class=\"image image-show image-preview\" src=\"https:\/\/www.europesays.com\/fi\/wp-content\/uploads\/2025\/09\/7e6abf62662d97258114db8a62f77507d6b63860576d6c4aa302a1ba74dc3572.jpg\" alt=\"\"\/><img decoding=\"async\" class=\"image image-show\" src=\"https:\/\/www.europesays.com\/fi\/wp-content\/uploads\/2025\/09\/1757576228_5_7e6abf62662d97258114db8a62f77507d6b63860576d6c4aa302a1ba74dc3572.jpg\" alt=\"\"\/><\/p>\n<p>Ansku Bergstr\u00f6m viett\u00e4\u00e4 t\u00e4n\u00e4\u00e4n syntym\u00e4p\u00e4iv\u00e4\u00e4ns\u00e4. Pete Anikari<\/p>\n<p class=\"paragraph\">Tanssija ja koreografi <a href=\"https:\/\/www.iltalehti.fi\/henkilot\/Ansku Bergstr\u00f6m\" class=\"article-link-person-page\" rel=\"nofollow noopener\" target=\"_blank\">Ansku Bergstr\u00f6m<\/a> t\u00e4ytti eilen 40 vuotta. H\u00e4n jakoi Instagramissa ajatuksiaan ik\u00e4\u00e4ntymisest\u00e4.<\/p>\n<p class=\"paragraph\">\u2013 Mietin paljon, ett\u00e4 mit\u00e4 haluan kirjoittaa ja mit\u00e4 el\u00e4m\u00e4 on tuonut eteeni n\u00e4iden vuosien aikana. Mit\u00e4 olen oppinut ja kokenut. Onko minulla ik\u00e4kriisi\u00e4, h\u00e4n aloitti kirjoituksen.<\/p>\n<p class=\"paragraph\">Bergstr\u00f6m kertoi oppineensa el\u00e4m\u00e4\u00e4n tietoisesti ja nauttimaan hetkist\u00e4, arvostamaan saavutuksiaan ja kokemuksiaan, kuuntelemaan omaa jaksamistaan sek\u00e4 asettamaan terveyden ja hyvinvoinnin etusijalle.<\/p>\n<p class=\"paragraph\">\u2013 Treenaamisesta ja omista tavoitteista olen oppinut, ett\u00e4 tavoitteita voi olla, mutta kaikki eiv\u00e4t aina toteudu eik\u00e4 tarvitsekaan toteutua, h\u00e4n kirjoitti.<\/p>\n<p class=\"paragraph\">Jos julkaisu ei n\u00e4y, voit katsoa sen <a href=\"https:\/\/www.instagram.com\/p\/DOaIizUDB9X\/?img_index=3\" target=\"_blank\" rel=\"noopener nofollow\">t\u00e4st\u00e4<\/a>.<\/p>\n<p class=\"paragraph\">H\u00e4n iloitsi kokemuksistaan, joita h\u00e4n on saanut ty\u00f6st\u00e4, harrastuksista ja matkustamisesta. Samalla Bergstr\u00f6m koki olevansa etuoikeutettu saadessaan toimia esikuvana nuorille tanssijoille.<\/p>\n<p class=\"paragraph\">Ik\u00e4kriisi\u00e4 tanssija ei kuitenkaan tunnista.<\/p>\n<p class=\"paragraph\">\u2013 Ik\u00e4riisi\u00e4 minulla ei ole, ainakaan tiet\u00e4\u00e4kseni. Tykk\u00e4\u00e4n milt\u00e4 n\u00e4yt\u00e4n, voin fyysisesti hyvin ja muutenkin el\u00e4m\u00e4 hymyilee, h\u00e4n kertoi.<\/p>\n<p class=\"paragraph\">\u2013 Seuraavilta vuosikymmenilt\u00e4 toivon vahvaa ja hyvinvoivaa kehoa, viel\u00e4 enemm\u00e4n aikaa l\u00e4heisten kanssa ja paljon rakkautta, h\u00e4n lopetti kirjoituksen.<\/p>\n<p>Bergstr\u00f6m tuli alun perin tunnetuksi tanssinopettajana Tanssii t\u00e4htien kanssa -ohjelmassa. Maarit Pohjanpalo<\/p>\n<p class=\"paragraph\">Bergstr\u00f6m kertoi <a href=\"https:\/\/www.iltalehti.fi\/viihdeuutiset\/c7531bdb-2293-443e-96e7-8314be91dbcd\" rel=\"nofollow noopener\" target=\"_blank\">elokuussa<\/a> haastattelussa <a href=\"https:\/\/www.is.fi\/menaiset\/ihmiset-ja-suhteet\/art-2000011414091.html\" target=\"_blank\" rel=\"noopener nofollow\">Me Naisille<\/a>, k\u00e4rsineens\u00e4 vuonna 2024 lukuisista eri terveysvaikeuksista. H\u00e4n sairastui useita kertoja angiinaan, kuukautiset muuttuivat ep\u00e4s\u00e4\u00e4nn\u00f6llisiksi ja kuumat aallot valtasivat kehon.<\/p>\n<p class=\"paragraph\">\u2013 Kes\u00e4kuussa 2024 olin unettomuuden takia niin huonossa kunnossa, ett\u00e4 mieleeni alkoi tulla itsetuhoisia ajatuksia, Bergstr\u00f6m kertoi lehdelle.<\/p>\n<p class=\"paragraph\">L\u00e4\u00e4k\u00e4ri diagnosoi h\u00e4nelle esivaihdevuodet. Bergstr\u00f6m my\u00f6nsi, ett\u00e4 tulos oli \u0161okki.<\/p>\n<p class=\"paragraph\">\u2013 Piti kuitenkin saada viel\u00e4 toinen poikkeava arvo ennen hormonil\u00e4\u00e4kityksen aloittamista. K\u00e4yt\u00e4nn\u00f6ss\u00e4 se tarkoitti, ett\u00e4 minun piti k\u00e4rvistell\u00e4 koko kes\u00e4 oireiden kanssa, Bergstr\u00f6m avasi tilannetta Me Naisissa.<\/p>\n<p class=\"paragraph\">Gynekologi m \u00e4\u00e4r\u00e4si h\u00e4nelle estrogeenigeeli\u00e4 hormonitoiminnan ongelmiin. Bergstr\u00f6m kuvaili samaisessa haastattelussa, ett\u00e4 h\u00e4nen el\u00e4m\u00e4ss\u00e4\u00e4n on t\u00e4ll\u00e4 hetkell\u00e4 kaikki hyvin ja onnellisesti.<\/p>\n<p class=\"paragraph\">Bergstr\u00f6m on vihjaillut viime aikoina sosiaalisessa mediassa uudesta parisuhteesta. H\u00e4n ja TTK-kilpailijana n\u00e4hty nyrkkeilij\u00e4 <a href=\"https:\/\/www.iltalehti.fi\/henkilot\/Elina Gustafsson\" class=\"article-link-person-page\" rel=\"nofollow noopener\" target=\"_blank\">Elina Gustafsson<\/a> ilmoittivat eronneensa alkuvuodesta.<\/p>\n<p><script async src=\"\/\/www.instagram.com\/embed.js\"><\/script><\/p>\n","protected":false},"excerpt":{"rendered":"Ansku Bergstr\u00f6m t\u00e4ytti 40 vuotta. Ansku Bergstr\u00f6m viett\u00e4\u00e4 t\u00e4n\u00e4\u00e4n syntym\u00e4p\u00e4iv\u00e4\u00e4ns\u00e4. Pete Anikari Tanssija ja koreografi Ansku Bergstr\u00f6m t\u00e4ytti&hellip;\n","protected":false},"author":2,"featured_media":31670,"comment_status":"","ping_status":"","sticky":false,"template":"","format":"standard","meta":{"footnotes":""},"categories":[136],"tags":[35,407,137,33,31,30,408,2111,47,32,167,140,139,109],"class_list":{"0":"post-31669","1":"post","2":"type-post","3":"status-publish","4":"format-standard","5":"has-post-thumbnail","7":"category-julkkikset","8":"tag-24h","9":"tag-celebrities","10":"tag-entertainment","11":"tag-fi","12":"tag-finland","13":"tag-finnish","14":"tag-julkkikset","15":"tag-kuntourheilu","16":"tag-musiikki","17":"tag-suomi","18":"tag-terveys","19":"tag-tv-ja-elokuvat","20":"tag-tv-ohjelmat","21":"tag-viihde"},"share_on_mastodon":{"url":"","error":""},"_links":{"self":[{"href":"https:\/\/www.europesays.com\/fi\/wp-json\/wp\/v2\/posts\/31669","targetHints":{"allow":["GET"]}}],"collection":[{"href":"https:\/\/www.europesays.com\/fi\/wp-json\/wp\/v2\/posts"}],"about":[{"href":"https:\/\/www.europesays.com\/fi\/wp-json\/wp\/v2\/types\/post"}],"author":[{"embeddable":true,"href":"https:\/\/www.europesays.com\/fi\/wp-json\/wp\/v2\/users\/2"}],"replies":[{"embeddable":true,"href":"https:\/\/www.europesays.com\/fi\/wp-json\/wp\/v2\/comments?post=31669"}],"version-history":[{"count":0,"href":"https:\/\/www.europesays.com\/fi\/wp-json\/wp\/v2\/posts\/31669\/revisions"}],"wp:featuredmedia":[{"embeddable":true,"href":"https:\/\/www.europesays.com\/fi\/wp-json\/wp\/v2\/media\/31670"}],"wp:attachment":[{"href":"https:\/\/www.europesays.com\/fi\/wp-json\/wp\/v2\/media?parent=31669"}],"wp:term":[{"taxonomy":"category","embeddable":true,"href":"https:\/\/www.europesays.com\/fi\/wp-json\/wp\/v2\/categories?post=31669"},{"taxonomy":"post_tag","embeddable":true,"href":"https:\/\/www.europesays.com\/fi\/wp-json\/wp\/v2\/tags?post=31669"}],"curies":[{"name":"wp","href":"https:\/\/api.w.org\/{rel}","templated":true}]}}