{"id":316740,"date":"2026-08-04T08:49:13","date_gmt":"2026-08-04T08:49:13","guid":{"rendered":"https:\/\/www.europesays.com\/fi\/316740\/"},"modified":"2026-08-04T08:49:13","modified_gmt":"2026-08-04T08:49:13","slug":"yle-sipe-santapukin-yli-20-vuotta-tyon-alla-ollut-taloprojekti-etenee-paikalliset","status":"publish","type":"post","link":"https:\/\/www.europesays.com\/fi\/316740\/","title":{"rendered":"Yle: Sipe Santapukin yli 20 vuotta ty\u00f6n alla ollut taloprojekti etenee | Paikalliset"},"content":{"rendered":"<p>Apulanta-muusikko <strong>Sipe Santapukin<\/strong> pitk\u00e4aikainen taloprojekti etenee Heinolassa, kertoo ty\u00f6maalla vieraillut <a href=\"https:\/\/yle.fi\/a\/74-20233455\" rel=\"nofollow noopener\" target=\"_blank\">Yle<\/a>.<\/p>\n<p>Tontille valmistui vierastalo ja sauna 15 vuotta sitten. T\u00e4n\u00e4 kes\u00e4n\u00e4 p\u00e4\u00e4talo nousee harjakorkeuteen.<\/p>\n<p>Kes\u00e4kuussa Santapukki kertoi talolle omistetulla Instagram-tilill\u00e4, ett\u00e4 tavoite on saada katot ja ikkunat paikoilleen t\u00e4n\u00e4 kes\u00e4n\u00e4.<\/p>\n<p><strong class=\"diks-storyline__impact\">Santarannan <\/strong>rakennukset piirsi yhdysvaltalainen arkkitehti <strong>Eric Lloyd Wright <\/strong>20 vuotta sitten. Vuonna 2023 kuollut Wright oli orgaanisen tyylisuunnan taitaja. Santapukin talo on suunniteltu sopimaan ymp\u00e4rist\u00f6n muotoihin, ja sen arkkitehtuurista kertoo jotakin jo se, ett\u00e4 talossa ei ole 90 asteen kulmia.<\/p>\n<p>Santapukki kertoo Ylelle, ett\u00e4 taloa rakentaessaan h\u00e4n kokee tekev\u00e4ns\u00e4 paitsi kotia perheelleen my\u00f6s huolehtivansa siit\u00e4, ett\u00e4 taideteos pystytet\u00e4\u00e4n juuri niin kuin arkkitehti sen piirsi.<\/p>\n<p><strong class=\"diks-storyline__impact\">Santapukki <\/strong>kertoi ESS:lle kes\u00e4ll\u00e4 2024, ett\u00e4 rakennushanke oli Wrightille t\u00e4rke\u00e4.<\/p>\n<p>\u2013\u2009H\u00e4n oli onnekseni eritt\u00e4in tyytyv\u00e4inen vierastalon toteutukseen. En todenn\u00e4k\u00f6isesti olisi ikin\u00e4 rakentanut t\u00e4nne taloa ilman Ericin apua, Santapukki kuvaili.<\/p>\n<p>Tontilla n\u00e4hd\u00e4\u00e4n my\u00f6s Santapukin omaa k\u00e4denj\u00e4lke\u00e4.<\/p>\n<p>\u2013\u2009Oma bravuurini on julkisivujen ja muiden rakenteiden luonnonkivimuuraus, jonka olen varannut kokonaan itselleni. Sen aika on sitten my\u00f6hemmin. Kivit\u00f6ihin liittyv\u00e4 tekniikka ja tyyli on hallussa, koska toteutin sit\u00e4 jo vierasmajan yhteydess\u00e4, Santapukki kuvaili kaksi vuotta sitten.<\/p>\n<p>Santapukki ei ole asettanut talon valmistumiselle aikataulua, vaan sit\u00e4 tehd\u00e4\u00e4n ajan kanssa ja perhe- ja ty\u00f6el\u00e4m\u00e4n ehdoilla.<\/p>\n<p>\u2013 Kun ottaa huomioon sen perheajan ja lasten harrastukset, joissa ollaan puolison kanssa molemmat todella tiiviisti mukana, niin ei siin\u00e4 oikein ollut aikaa mietti\u00e4 rakentamista, Santapukki sanoo Ylen haastattelussa.<\/p>\n","protected":false},"excerpt":{"rendered":"Apulanta-muusikko Sipe Santapukin pitk\u00e4aikainen taloprojekti etenee Heinolassa, kertoo ty\u00f6maalla vieraillut Yle. Tontille valmistui vierastalo ja sauna 15 vuotta&hellip;\n","protected":false},"author":2,"featured_media":316741,"comment_status":"","ping_status":"","sticky":false,"template":"","format":"standard","meta":{"footnotes":"","_share_on_mastodon":"0"},"categories":[130],"tags":[542,137,33,31,30,3894,1233,108,47,1003,11290,32,109],"class_list":["post-316740","post","type-post","status-publish","format-standard","has-post-thumbnail","category-viihde","tag-asuminen","tag-entertainment","tag-fi","tag-finland","tag-finnish","tag-heinola","tag-koti","tag-kulttuuri","tag-musiikki","tag-rakentaminen","tag-sipe-santapukki","tag-suomi","tag-viihde"],"share_on_mastodon":{"url":"https:\/\/pubeurope.com\/@fi\/117036382141462382","error":""},"_links":{"self":[{"href":"https:\/\/www.europesays.com\/fi\/wp-json\/wp\/v2\/posts\/316740","targetHints":{"allow":["GET"]}}],"collection":[{"href":"https:\/\/www.europesays.com\/fi\/wp-json\/wp\/v2\/posts"}],"about":[{"href":"https:\/\/www.europesays.com\/fi\/wp-json\/wp\/v2\/types\/post"}],"author":[{"embeddable":true,"href":"https:\/\/www.europesays.com\/fi\/wp-json\/wp\/v2\/users\/2"}],"replies":[{"embeddable":true,"href":"https:\/\/www.europesays.com\/fi\/wp-json\/wp\/v2\/comments?post=316740"}],"version-history":[{"count":0,"href":"https:\/\/www.europesays.com\/fi\/wp-json\/wp\/v2\/posts\/316740\/revisions"}],"wp:featuredmedia":[{"embeddable":true,"href":"https:\/\/www.europesays.com\/fi\/wp-json\/wp\/v2\/media\/316741"}],"wp:attachment":[{"href":"https:\/\/www.europesays.com\/fi\/wp-json\/wp\/v2\/media?parent=316740"}],"wp:term":[{"taxonomy":"category","embeddable":true,"href":"https:\/\/www.europesays.com\/fi\/wp-json\/wp\/v2\/categories?post=316740"},{"taxonomy":"post_tag","embeddable":true,"href":"https:\/\/www.europesays.com\/fi\/wp-json\/wp\/v2\/tags?post=316740"}],"curies":[{"name":"wp","href":"https:\/\/api.w.org\/{rel}","templated":true}]}}