{"id":316903,"date":"2026-08-04T13:11:12","date_gmt":"2026-08-04T13:11:12","guid":{"rendered":"https:\/\/www.europesays.com\/fi\/316903\/"},"modified":"2026-08-04T13:11:12","modified_gmt":"2026-08-04T13:11:12","slug":"me-juoksija-josh-kerr-paatti-jattaa-em-kotikisat-valiin-myonsi-nyt-katuvansa-ratkaisuaan-yleisurheilun-em-2026","status":"publish","type":"post","link":"https:\/\/www.europesays.com\/fi\/316903\/","title":{"rendered":"ME-juoksija Josh Kerr p\u00e4\u00e4tti j\u00e4tt\u00e4\u00e4 EM-kotikisat v\u00e4liin \u2013 my\u00f6nsi nyt katuvansa ratkaisuaan | Yleisurheilun EM 2026"},"content":{"rendered":"<p class=\"aw__sc-1qwuw0s-0 aw__sc-1vg2sqm-0 epAWpq ecELkD yle__article__paragraph\">Miesten 1 500 metri\u00e4 on eurooppalaisjuoksijoiden osalta maailman kuumimpia yleisurheilulajeja. Kolme huippunime\u00e4 eiv\u00e4t juokse EM-kisoissa t\u00e4ll\u00e4 matkalla.<\/p>\n<p><img decoding=\"async\" alt=\"Kansainyhteis\u00f6n kisoissa mailin voittanut Josh Kerr ei kisaa EM-kisoissa. \" src=\"https:\/\/www.europesays.com\/fi\/wp-content\/uploads\/2026\/08\/1785835340.jpeg\" class=\"aw__sc-dklauk-0 LPzKX\"\/><\/p>\n<p>Avaa kuvien katselu<\/p>\n<p>Kansainyhteis\u00f6n kisoissa mailin voittanut Josh Kerr ei kisaa EM-kisoissa. Kuva: Getty Images<\/p>\n<p>12:32\u2022P\u00e4ivitetty 15:19<\/p>\n<p class=\"aw__sc-1qwuw0s-0 aw__sc-ngllmo-0 epAWpq fzYpjk yle__article__paragraph\">Brittijuoksija <strong class=\"aw__sc-ngllmo-2 gdRrun yle__article__strong\">Josh Kerr<\/strong> on yksi nimekk\u00e4immist\u00e4 yleisurheilijoista, joita ei n\u00e4hd\u00e4 maanantaina k\u00e4ynnistyviss\u00e4 yleisurheilun EM-kisoissa Birminghamissa. Samaan kategoriaan kuuluu muun muassa belgialaisottelija <strong class=\"aw__sc-ngllmo-2 gdRrun yle__article__strong\">Nafissatou Thiam<\/strong>.<\/p>\n<p class=\"aw__sc-1qwuw0s-0 aw__sc-ngllmo-0 epAWpq fzYpjk yle__article__paragraph\">Toisin kuin Kerr, kolminkertainen 7-ottelun olympiavoittaja vet\u00e4ytyi maanosan mestaruuskisoista loukkaantumisen takia. Kerr on terve ja kenties uransa parhaimmassa kunnossa, mutta h\u00e4nt\u00e4 ei siit\u00e4 huolimatta kotiarvokisoissaan n\u00e4hd\u00e4.<\/p>\n<p class=\"aw__sc-1qwuw0s-0 aw__sc-ngllmo-0 epAWpq fzYpjk yle__article__paragraph\">EM-kisojen sijaan miehen p\u00e4\u00e4tavoite t\u00e4n\u00e4 kes\u00e4n\u00e4 oli Kansainyhteis\u00f6n kisat Glasgow&#8217;ssa, jossa h\u00e4n voitti mestaruuden mailin matkalla.<\/p>\n<p class=\"aw__sc-1qwuw0s-0 aw__sc-ngllmo-0 epAWpq fzYpjk yle__article__paragraph\">Skotlannin lipun alla kisannut Kerr p\u00e4ihitti loppukiriss\u00e4 kakkoseksi j\u00e4\u00e4neen Kenian <strong class=\"aw__sc-ngllmo-2 gdRrun yle__article__strong\">Timothy Cheruiyotin<\/strong> ja Uuden-Seelannin <strong class=\"aw__sc-ngllmo-2 gdRrun yle__article__strong\">Samuel Tannerin<\/strong>. Kyseisell\u00e4 matkalla h\u00e4n rikkoi muutama viikko sitten Lontoon Timanttiliigassa 27 vuotta vanhan ME:n ajalla 3.42,66.<\/p>\n<p>Kansainyhteis\u00f6n kisat edelle<\/p>\n<p class=\"aw__sc-1qwuw0s-0 aw__sc-ngllmo-0 epAWpq fzYpjk yle__article__paragraph\">Kerr oli linjannut jo aikoja sitten, ett\u00e4 h\u00e4n panostaa isoista tapahtumista vain toiseen. Vuoden 2023 tonnivitosen maailmanmestari ja kaksinkertainen olympiamitalisti katuu hiukan p\u00e4\u00e4t\u00f6st\u00e4\u00e4n j\u00e4tt\u00e4\u00e4 EM-kotikisat v\u00e4liin.<\/p>\n<p class=\"aw__sc-1qwuw0s-0 aw__sc-ngllmo-0 epAWpq fzYpjk yle__article__paragraph\">\u2013 En ole sellainen, joka pystyy suorittamaan tuon kaiken. Sinun pit\u00e4\u00e4 valita kamppailusi. Jotkut t\u00e4hdet, eiv\u00e4t tulleet t\u00e4nne, vaan he halusivat menn\u00e4 mieluummin EM-kisoihin. Ymm\u00e4rr\u00e4n sen hyvin.<\/p>\n<p class=\"aw__sc-1qwuw0s-0 aw__sc-ngllmo-0 epAWpq fzYpjk yle__article__paragraph\">\u2013 Haluan kilpailla parhaita vastaan, ja Kansainyhteis\u00f6n kisat merkitsev\u00e4t minulle niin paljon, jotta minun piti valita, Kerr kommentoi <a class=\"aw__sc-ngllmo-1 bTDnwX yle__article__link\" href=\"https:\/\/athleticsweekly.com\/news\/opinion\/whats-next-for-josh-kerr-and-the-commonwealth-games-1040012277\/\" role=\"link\" rel=\"nofollow noopener\" target=\"_blank\">Athletics Weeklyn<\/a> mukaan.<\/p>\n<p class=\"aw__sc-1qwuw0s-0 aw__sc-ngllmo-0 epAWpq fzYpjk yle__article__paragraph\">28-vuotiaalla MM-voittajalla riitt\u00e4\u00e4 viel\u00e4 tavoitteita loppukes\u00e4\u00e4n. 1 500 metrin ME on vuodelta 1998.<\/p>\n<p class=\"aw__sc-1qwuw0s-0 aw__sc-ngllmo-0 epAWpq fzYpjk yle__article__paragraph\">Marokon kest\u00e4vyysjuoksulegenda <strong class=\"aw__sc-ngllmo-2 gdRrun yle__article__strong\">Hicham El Guerrouj<\/strong> paineli tuolloin hurjan ajan 3.26,00. Kerr osaa tunnustaa tosiasiat.<\/p>\n<p class=\"aw__sc-1qwuw0s-0 aw__sc-ngllmo-0 epAWpq fzYpjk yle__article__paragraph\">\u2013 Minun pit\u00e4\u00e4 hyv\u00e4ksy\u00e4 se, mit\u00e4 saan kropastani viel\u00e4 irti. P\u00e4iv\u00e4n p\u00e4\u00e4tteeksi olen lopulta ihminen.<\/p>\n<p><img decoding=\"async\" alt=\"Josh Kerr rikkoi mailin maailmanenn\u00e4tyksen.\" src=\"https:\/\/www.europesays.com\/fi\/wp-content\/uploads\/2026\/08\/1784387995.jpeg\" loading=\"lazy\" class=\"aw__sc-dklauk-0 LPzKX\"\/><\/p>\n<p>Avaa kuvien katselu<\/p>\n<p>Kerr on my\u00f6s ME-mies t\u00e4lt\u00e4 kes\u00e4lt\u00e4. Kuva: Getty ImagesKolme suurnime\u00e4 sivussa<\/p>\n<p class=\"aw__sc-1qwuw0s-0 aw__sc-ngllmo-0 epAWpq fzYpjk yle__article__paragraph\">Kerrin \u201dviholliseksikin\u201d kutsuttu Norjan <strong class=\"aw__sc-ngllmo-2 gdRrun yle__article__strong\">Jakob Ingebrigtsen<\/strong> sen sijaan osallistuu Birminghamin EM-kisoihin, vaikka h\u00e4nell\u00e4 on takanaan pitk\u00e4 kuntoutusjakso talven akillesj\u00e4nneleikkauksesta.<\/p>\n<p class=\"aw__sc-1qwuw0s-0 aw__sc-ngllmo-0 epAWpq fzYpjk yle__article__paragraph\">Tonnivitosella 25-vuotiasta norjalaista ei kuitenkaan n\u00e4hd\u00e4, sill\u00e4 h\u00e4n osallistuu ainoastaan 5 000 metrille.<\/p>\n<p class=\"aw__sc-1qwuw0s-0 aw__sc-ngllmo-0 epAWpq fzYpjk yle__article__paragraph\">Miesten kovatasoisella tonnivitosella pakka on totaalisesti auki, sill\u00e4 Kerrin ja Ingebrigtsenin lis\u00e4ksi my\u00f6s hollantilainen <strong class=\"aw__sc-ngllmo-2 gdRrun yle__article__strong\">Niels Laros<\/strong> on sivussa kisoista loukkaantumisen takia.<\/p>\n<p class=\"aw__sc-1qwuw0s-0 aw__sc-ngllmo-0 epAWpq fzYpjk yle__article__paragraph\">Kovimpia ennakkosuosikkeja ovat Ranskan <strong class=\"aw__sc-ngllmo-2 gdRrun yle__article__strong\">Azeddine Habz<\/strong>, nelj\u00e4n vuoden takainen MM-voittaja <strong class=\"aw__sc-ngllmo-2 gdRrun yle__article__strong\">Jake Wightman<\/strong> (GBR) sek\u00e4 viime vuonna maailmanmestaruuden voittanut Portugalin <strong class=\"aw__sc-ngllmo-2 gdRrun yle__article__strong\">Isaac Nader<\/strong>.<\/p>\n<p class=\"aw__sc-1qwuw0s-0 aw__sc-ngllmo-0 epAWpq fzYpjk yle__article__paragraph\">Parhaimmillaan 3.30,87 juossut 25-vuotias <strong class=\"aw__sc-ngllmo-2 gdRrun yle__article__strong\">Samuel Pihlstr\u00f6m<\/strong> on jokerikortti EM-mitaleille.<\/p>\n<p><img decoding=\"async\" alt=\"Samuel Pihlstr\u00f6m on jokerikortti EM-kisojen 1 500 metrill\u00e4. \" src=\"https:\/\/www.europesays.com\/fi\/wp-content\/uploads\/2026\/08\/1785835297.jpeg\" loading=\"lazy\" class=\"aw__sc-dklauk-0 LPzKX\"\/><\/p>\n<p>Avaa kuvien katselu<\/p>\n<p>Samuel Pihlstr\u00f6m on mitalitaiston jokerikortti. Viime vuonna h\u00e4n juoksi Tokion MM-finaalissa. Kuva: Getty Images<\/p>\n<p class=\"aw__sc-1qwuw0s-0 aw__sc-ngllmo-0 epAWpq fzYpjk yle__article__paragraph\">Korjaus 4.8.2026 klo 15.19: Samuel Pihlstr\u00f6min enn\u00e4tysaika 1500 metrill\u00e4 on 3.30,87. Jutussa oli aiemmin v\u00e4\u00e4r\u00e4 aika.<\/p>\n","protected":false},"excerpt":{"rendered":"Miesten 1 500 metri\u00e4 on eurooppalaisjuoksijoiden osalta maailman kuumimpia yleisurheilulajeja. Kolme huippunime\u00e4 eiv\u00e4t juokse EM-kisoissa t\u00e4ll\u00e4 matkalla. Avaa&hellip;\n","protected":false},"author":2,"featured_media":316904,"comment_status":"","ping_status":"","sticky":false,"template":"","format":"standard","meta":{"footnotes":"","_share_on_mastodon":"0"},"categories":[158],"tags":[33,31,30,9731,39586,26398,40445,159,32,160,162,40262,13615],"class_list":["post-316903","post","type-post","status-publish","format-standard","has-post-thumbnail","category-urheilu","tag-fi","tag-finland","tag-finnish","tag-jakob-ingebrigtsen","tag-josh-kerr","tag-mailin-juoksu","tag-samuel-pihlstrom","tag-sports","tag-suomi","tag-urheilu","tag-yleisurheilu","tag-yleisurheilun-em-2026","tag-yleisurheilun-em-kilpailut"],"share_on_mastodon":{"url":"https:\/\/pubeurope.com\/@fi\/117037412617798511","error":""},"_links":{"self":[{"href":"https:\/\/www.europesays.com\/fi\/wp-json\/wp\/v2\/posts\/316903","targetHints":{"allow":["GET"]}}],"collection":[{"href":"https:\/\/www.europesays.com\/fi\/wp-json\/wp\/v2\/posts"}],"about":[{"href":"https:\/\/www.europesays.com\/fi\/wp-json\/wp\/v2\/types\/post"}],"author":[{"embeddable":true,"href":"https:\/\/www.europesays.com\/fi\/wp-json\/wp\/v2\/users\/2"}],"replies":[{"embeddable":true,"href":"https:\/\/www.europesays.com\/fi\/wp-json\/wp\/v2\/comments?post=316903"}],"version-history":[{"count":0,"href":"https:\/\/www.europesays.com\/fi\/wp-json\/wp\/v2\/posts\/316903\/revisions"}],"wp:featuredmedia":[{"embeddable":true,"href":"https:\/\/www.europesays.com\/fi\/wp-json\/wp\/v2\/media\/316904"}],"wp:attachment":[{"href":"https:\/\/www.europesays.com\/fi\/wp-json\/wp\/v2\/media?parent=316903"}],"wp:term":[{"taxonomy":"category","embeddable":true,"href":"https:\/\/www.europesays.com\/fi\/wp-json\/wp\/v2\/categories?post=316903"},{"taxonomy":"post_tag","embeddable":true,"href":"https:\/\/www.europesays.com\/fi\/wp-json\/wp\/v2\/tags?post=316903"}],"curies":[{"name":"wp","href":"https:\/\/api.w.org\/{rel}","templated":true}]}}