{"id":316917,"date":"2026-08-04T13:38:13","date_gmt":"2026-08-04T13:38:13","guid":{"rendered":"https:\/\/www.europesays.com\/fi\/316917\/"},"modified":"2026-08-04T13:38:13","modified_gmt":"2026-08-04T13:38:13","slug":"sara-chafak-avautuu-uupumuksesta-seiska","status":"publish","type":"post","link":"https:\/\/www.europesays.com\/fi\/316917\/","title":{"rendered":"Sara Chafak avautuu uupumuksesta | Seiska"},"content":{"rendered":"<p>            Ninni Varsila\n        <\/p>\n<p class=\"subtitle \">Sara aikoo h\u00f6llent\u00e4\u00e4 otettaan.<\/p>\n<p class=\"article-content article-content-width !bg-background\">Julkkiskokki  jakoi <a href=\"https:\/\/www.instagram.com\/sarachafak\/\" target=\"_blank\" rel=\"nofollow noopener\">Instagramiin <\/a>maanantaina (3.8.) raskaan ulostulon omasta jaksamisestaan.<\/p>\n<p class=\"font-weight-bold m-font-weight-bold article-content article-content-width !bg-background\">Katso my\u00f6s! Sara Chafak Seiskan sokkomaisteluhaasteessa:<\/p>\n<p class=\"article-content article-content-width !bg-background\">Sara kertoo videolla turhautumisestaan yhteiskunnan asettamiin yksil\u00f6n paineisiin.<\/p>\n<p class=\"article-content article-content-width !bg-background\">Jatkuva kehitys ja kasvu ovat olleet Miss Suomesta ravintolayritt\u00e4j\u00e4ksi kavunneelle Saralle arkip\u00e4iv\u00e4\u00e4 jo vuosien ajan, mutta nyt\u00a0vastaavanlainen el\u00e4m\u00e4ntyyli ja ideologia ovat alkaneet v\u00e4sytt\u00e4\u00e4.<\/p>\n<p>&#8221;Olen v*tun kyll\u00e4stynyt!&#8221;<\/p>\n<p class=\"article-content article-content-width !bg-background\">Sara kertoo asian py\u00f6rineen h\u00e4nen mieless\u00e4\u00e4n viimeaikoina paljon.<\/p>\n<p class=\"article-content article-content-width !bg-background\"> \u2013 M\u00e4 olen v*tun kyll\u00e4stynyt olemaan paras versio itsest\u00e4ni, Sara laukoo videon aloitukseksi.<\/p>\n<p class=\"article-content article-content-width !bg-background\">Sara kertoo uskovansa edelleen kasvuun, mutta kokevansa ettei monta rautaa tulessa ole merkki menestyksest\u00e4 vaan toisinaan jopa tarpeesta pys\u00e4hty\u00e4.<\/p>\n<p>        <a itemprop=\"url\" href=\"https:\/\/www.seiska.fi\/terveys\/sara-chafakilta-loydettiin-kolme-kasvainta-paljastaa-seiskalle-mika-tilanne-on-nyt\/1243963\" rel=\"nofollow noopener\" target=\"_blank\"><\/p>\n<p class=\"section-date\">\n        <strong class=\"article-section\" data-section=\"terveys\"><br \/>\n            terveys<br \/>\n        <\/strong><br \/>\n        16.1.2024 13:31\n    <\/p>\n<p>Sara Chafakilta l\u00f6ydettiin kolme kasvainta \u2013 paljastaa Seiskalle, mik\u00e4 tilanne on nyt\n    <\/p>\n<p itemprop=\"description\" class=\"subtitle \">\n    Yleisesti Saran vointi on ollut hyv\u00e4, vaikkakin h\u00e4n my\u00f6nt\u00e4\u00e4 olevansa levon tarpeessa.\n<\/p>\n<p>        <\/a><\/p>\n<p class=\"article-content article-content-width !bg-background\"> \u2013 Tuntuu, et nyky\u00e4\u00e4n meit\u00e4 mitataan jatkuvasti sill\u00e4, kuinka paljon tehd\u00e4\u00e4n, kehityt\u00e4\u00e4n ja saavutetaan. Aina pit\u00e4isi olla seuraava tavoite, seuraava tapa tulla \u201cparemmaksi\u201d.<\/p>\n<p class=\"article-content article-content-width !bg-background\"> \u2013 Mut miss\u00e4 vaiheessa unohtu, et me ollaan my\u00f6s ihmisi\u00e4?, Sara haastaa.<\/p>\n<p>                <img decoding=\"async\" src=\"https:\/\/www.europesays.com\/fi\/wp-content\/uploads\/2026\/08\/2226398.webp\" width=\"576\" height=\"720\" alt=\"Sara avasi Biblos-nime\u00e4 kantavan ravintolan Helsingin Esplanadin kupeeseen loppuvuonna 2025.\" loading=\"lazy\" \/>            <\/p>\n<p>\n            Sara avasi Biblos-nime\u00e4 kantavan ravintolan Helsingin Esplanadin kupeeseen loppuvuonna 2025.<br \/>\n            Atte Kajova\n        <\/p>\n<p class=\"article-content article-content-width !bg-background\"> Nykyisin tarkkaa bisnessuunnitelmaa mielummin Sara tukeutuukin uskontoon. <\/p>\n<p class=\"article-content article-content-width !bg-background\"> \u2013 Haluan tulla ihmiseksi, joksi luoja on minut tarkoittanut. Haluan el\u00e4\u00e4 merkityksellist\u00e4 el\u00e4m\u00e4\u00e4, ja k\u00e4ytt\u00e4\u00e4 sen potentiaalin, mik\u00e4 minulle on annettu, Sara summaa. <\/p>\n<p>&#8221;Unelmani on olla kotivaimo&#8221;<\/p>\n<p class=\"article-content article-content-width !bg-background\">Sara kertoi aiemmin kes\u00e4ll\u00e4 Seiskalle, ettei yritt\u00e4jyys ja urakeskeisyys ole h\u00e4nelle luontaisia ominaisuuksia, vaan piirteet ovat nousseet h\u00e4ness\u00e4 esiin yhteiskunnan muovauksesta.<\/p>\n<p>        <a itemprop=\"url\" href=\"https:\/\/www.seiska.fi\/kotimaa\/sara-chafakin-rinnoista-loydettiin-lisaa-kasvaimia-paiva-kerrallaan\/1135141\" rel=\"nofollow noopener\" target=\"_blank\"><\/p>\n<p class=\"section-date\">\n        <strong class=\"article-section\" data-section=\"kotimaa\"><br \/>\n            kotimaa<br \/>\n        <\/strong><br \/>\n        11.9.2023 19:30\n    <\/p>\n<p>Sara Chafakin rinnoista l\u00f6ydettiin lis\u00e4\u00e4 kasvaimia: &#8221;P\u00e4iv\u00e4 kerrallaan&#8221;\n    <\/p>\n<p itemprop=\"description\" class=\"subtitle \">\n    Erosta toipuva Sara sai l\u00e4\u00e4k\u00e4rilt\u00e4 sek\u00e4 ik\u00e4vi\u00e4 ett\u00e4 hyvi\u00e4 uutisia.\n<\/p>\n<p>        <\/a><\/p>\n<p class=\"article-content article-content-width !bg-background\">\u2013 En koe olevani syntynyt bisnesnaiseksi, mutta sille uralle olen ajautunut.<\/p>\n<p class=\"article-content article-content-width !bg-background\"> \u2013 Unelmani on kuitenkin aina ollut olla kotivaimo, joka voisi pit\u00e4\u00e4 huolta miehest\u00e4, lapsista ja kodista, eik\u00e4 niink\u00e4\u00e4n huolehtia taloudesta, Sara kertoi. <\/p>\n<p>                <img decoding=\"async\" src=\"https:\/\/www.europesays.com\/fi\/wp-content\/uploads\/2026\/08\/2226402.webp\" width=\"576\" height=\"720\" alt=\"Sara ja ex-l\u00e4tk\u00e4t\u00e4hti Jeffrey Lawman ovat pit\u00e4neet yht\u00e4 jo useamman vuoden ajan. Kaksikko ilmoitti eronneensa vuonna 2023, mutta palasi yhteen vuonna 2024.\" loading=\"lazy\" \/>            <\/p>\n<p>\n            Sara ja ex-l\u00e4tk\u00e4t\u00e4hti Jeffrey Lawman ovat pit\u00e4neet yht\u00e4 jo useamman vuoden ajan. Kaksikko ilmoitti eronneensa vuonna 2023, mutta palasi yhteen vuonna 2024.<br \/>\n            Jani Korpela\n        <\/p>\n<p class=\"article-content article-content-width !bg-background\">Sara on kertonut avoimesti julkisuuteen haaveilevansa \u00e4itiydest\u00e4. T\u00e4t\u00e4 nyky\u00e4 p\u00e4\u00e4kaupunkiseudulla asuvan Saran perhe koostuu puoliso\u00a0 sek\u00e4 kaksikon koirista.<\/p>\n<p><script async src=\"\/\/www.instagram.com\/embed.js\"><\/script><\/p>\n","protected":false},"excerpt":{"rendered":"Ninni Varsila Sara aikoo h\u00f6llent\u00e4\u00e4 otettaan. Julkkiskokki jakoi Instagramiin maanantaina (3.8.) raskaan ulostulon omasta jaksamisestaan. Katso my\u00f6s! Sara&hellip;\n","protected":false},"author":2,"featured_media":316918,"comment_status":"","ping_status":"","sticky":false,"template":"","format":"standard","meta":{"footnotes":"","_share_on_mastodon":"0"},"categories":[130],"tags":[137,33,31,30,9863,212,2961,32,8613,1437,109,796],"class_list":["post-316917","post","type-post","status-publish","format-standard","has-post-thumbnail","category-viihde","tag-entertainment","tag-fi","tag-finland","tag-finnish","tag-jaksaminen","tag-lifestyle","tag-sara-chafak","tag-suomi","tag-unelmat","tag-uskonto","tag-viihde","tag-yhteiskunta"],"share_on_mastodon":{"url":"https:\/\/pubeurope.com\/@fi\/117037519116862499","error":""},"_links":{"self":[{"href":"https:\/\/www.europesays.com\/fi\/wp-json\/wp\/v2\/posts\/316917","targetHints":{"allow":["GET"]}}],"collection":[{"href":"https:\/\/www.europesays.com\/fi\/wp-json\/wp\/v2\/posts"}],"about":[{"href":"https:\/\/www.europesays.com\/fi\/wp-json\/wp\/v2\/types\/post"}],"author":[{"embeddable":true,"href":"https:\/\/www.europesays.com\/fi\/wp-json\/wp\/v2\/users\/2"}],"replies":[{"embeddable":true,"href":"https:\/\/www.europesays.com\/fi\/wp-json\/wp\/v2\/comments?post=316917"}],"version-history":[{"count":0,"href":"https:\/\/www.europesays.com\/fi\/wp-json\/wp\/v2\/posts\/316917\/revisions"}],"wp:featuredmedia":[{"embeddable":true,"href":"https:\/\/www.europesays.com\/fi\/wp-json\/wp\/v2\/media\/316918"}],"wp:attachment":[{"href":"https:\/\/www.europesays.com\/fi\/wp-json\/wp\/v2\/media?parent=316917"}],"wp:term":[{"taxonomy":"category","embeddable":true,"href":"https:\/\/www.europesays.com\/fi\/wp-json\/wp\/v2\/categories?post=316917"},{"taxonomy":"post_tag","embeddable":true,"href":"https:\/\/www.europesays.com\/fi\/wp-json\/wp\/v2\/tags?post=316917"}],"curies":[{"name":"wp","href":"https:\/\/api.w.org\/{rel}","templated":true}]}}