{"id":31695,"date":"2025-09-11T08:10:09","date_gmt":"2025-09-11T08:10:09","guid":{"rendered":"https:\/\/www.europesays.com\/fi\/31695\/"},"modified":"2025-09-11T08:10:09","modified_gmt":"2025-09-11T08:10:09","slug":"seiska-janni-hussi-puhui-jari-matti-latvalasta-suhde-syvenee","status":"publish","type":"post","link":"https:\/\/www.europesays.com\/fi\/31695\/","title":{"rendered":"Seiska: Janni Hussi puhui Jari-Matti Latvalasta \u2013 suhde syvenee"},"content":{"rendered":"<p>Rallikartturina toimiva <strong>Janni Hussi<\/strong> on tehnyt viime aikoina paljon yhteisty\u00f6t\u00e4 rallikonkari<strong> Jari-Matti Latvalan<\/strong> kanssa. Kaksikko osallistui juuri Kreikassa ajettuun ralliin, jossa he p\u00e4rj\u00e4siv\u00e4t erinomaisen hyvin. Janni on palannut Suomeen ja antanut Seiskalle haastattelun, jossa h\u00e4n kertoo yhteisty\u00f6st\u00e4 Jari-Matin kanssa.<\/p>\n<p>\u2013 Saavutimme siell\u00e4 kaikki luokkavoitot ja viel\u00e4 kokonaiskisan voitonkin. Kaikki, mihin osallistuttiin, my\u00f6s voitettiin, kertoo Janni Seiskalle, kuinka ylivoimaisia he olivat Jari-Matin kanssa kisassa.<\/p>\n<p>Janni kertoi kisan aikana vaivanneesta kuumuudesta.<\/p>\n<p>\u2013 Ohjaamossa oli rallin aikana sellaiset 50\u201360 astetta. Sitten istut siell\u00e4 paksussa ajopuvussa, jonka alla on viel\u00e4 pitk\u00e4t, palonkest\u00e4v\u00e4t aluskerrasto, kertoi Janni Seiskalle.<\/p>\n<p>Lue my\u00f6s: <a href=\"https:\/\/www.como.fi\/uutiset\/il-janni-hussi-kertoo-astrologin-selvittaneen-hanen-ja-jari-matin-yhteensopivuutta-toisilleen\/\" title=\"IL: Janni Hussi kertoo astrologin selvitt\u00e4neen h\u00e4nen ja Jari-Matin yhteensopivuutta toisilleen\" class=\"underline-custom !font-montserrat !font-bold !underline-offset-4 !decoration-4 !decoration-red-600 !text-md\" rel=\"nofollow noopener\" target=\"_blank\">IL: Janni Hussi kertoo astrologin selvitt\u00e4neen h\u00e4nen ja Jari-Matin yhteensopivuutta toisilleen<\/a><\/p>\n<p>Rallikaksikolla oli pit\u00e4nyt kisaviikon aikana kiirett\u00e4.<\/p>\n<p>\u2013 Majoituimme Jari-Matin kanssa viikon aikana viidess\u00e4, ellei per\u00e4ti kuudessa eri hotellissa. Siin\u00e4 sai kyll\u00e4 sykki\u00e4! totesi Janni haastattelussa.<\/p>\n<p>Janni ei ollut en\u00e4\u00e4 lopulta jaksanut purkaa rallivarustuksiaan hotellihuoneessa ja hikiset vaatteet olivat menneet kotona suoraan pesukoneeseen.<\/p>\n<p>Suhde syvenee vauhdin maailmassa<\/p>\n<p>Kiire ja kuumuus eiv\u00e4t olleet haitanneet rallikaksikon menoa. Se n\u00e4kyi murskaavana ylivoimana ralliviikolla. T\u00e4h\u00e4n liittyen Seiskan toimittaja kysyi heilt\u00e4 mielenkiintoisen kysymyksen:<\/p>\n<p>\u201dVoiko tuloksista p\u00e4\u00e4tell\u00e4, ett\u00e4 kaksikon ammatillinen suhde vain syvenee ja syvenee ralli toisensa j\u00e4lkeen?\u201d<\/p>\n<p>\u2013 Kyll\u00e4 n\u00e4inkin voisi sanoa. Alkaa olla aika hiottua tuo meid\u00e4n toimintamme. Ei en\u00e4\u00e4 paljon tarvitse mietti\u00e4, kumpi tekee mit\u00e4kin. Asiat vain tapahtuvat luonnostaan, oli Janni vastannut.<\/p>\n<p>Janni oli kertonut Seiskalle viel\u00e4 t\u00e4m\u00e4n kisan olleen \u201dkoko kauden raffein kisa\u201d. H\u00e4n kertoi siit\u00e4 tulleen hyv\u00e4\u00e4 palautetta. Yhteisty\u00f6 ja kalusto olivat pelanneet h\u00e4nen mukaansa hienosti.<\/p>\n<p>Jos upotus ei n\u00e4y, avaa se auki <a href=\"https:\/\/www.instagram.com\/p\/DOU_ORtCDb4\/?utm_source=ig_web_copy_link&amp;igsh=MzRlODBiNWFlZA==\" target=\"_blank\" rel=\"noreferrer noopener nofollow\">t\u00e4st\u00e4<\/a>. <\/p>\n<p>N\u00e4in Jannin ralliura alkoi<\/p>\n<p>Janni on ollut mukana rallimaailmassa vuodesta 2022 l\u00e4htien. H\u00e4n toimi ensin <strong>Sami Pajarin<\/strong> kartanlukijana Lahti Historic Rallyssa sek\u00e4 Liettuassa j\u00e4rjestetyss\u00e4 rallissa, joista j\u00e4lkimm\u00e4isest\u00e4 tuli voitto.<\/p>\n<p>Lue my\u00f6s: <a href=\"https:\/\/www.como.fi\/uutiset\/janni-hussin-ja-joel-harkimon-oudot-kuviot-puhuttavat\/\" title=\"Janni Hussin ja Joel Harkimon oudot kuviot puhuttavat\" class=\"underline-custom !font-montserrat !font-bold !underline-offset-4 !decoration-4 !decoration-red-600 !text-md\" rel=\"nofollow noopener\" target=\"_blank\">Janni Hussin ja Joel Harkimon oudot kuviot puhuttavat<\/a><\/p>\n<p>Janni on toiminut my\u00f6s muun muassa <strong>Matias Henkolan<\/strong> ja <strong>Heikki Kovalaisen<\/strong> kartanlukijana. H\u00e4n aloitti Jari-Matti Latvalan kartanlukijana Lahti Historic Rallyssa kaudella 2024. H\u00e4n on jatkanut Latvalan kanssa nyt my\u00f6s vuonna 2025 Euroopan historic-rallisarjassa. <\/p>\n<p>Seuraava kisa on edess\u00e4 sarjan EM-osakilpailun merkeiss\u00e4 syyskuun lopulla ja paikkana on Italian Elba.<\/p>\n<p>L\u00e4hde: <a href=\"https:\/\/www.seiska.fi\/urheilu\/janni-hussi-jari-matti-latvala-suhde-syvenee-nain-voisi-sanoa\/1926412\" target=\"_blank\" rel=\"noreferrer noopener nofollow\">Seiska<\/a><\/p>\n<p>Lue my\u00f6s: <a href=\"https:\/\/www.como.fi\/tilaa-comon-uutiskirje\/\" title=\"Tilaa Comon uutiskirje ja tied\u00e4t mist\u00e4 kahvitauolla puhutaan! Nappaa kotimaan tv-vinkit ja puheenaiheet suoraan s\u00e4hk\u00f6postiin t\u00e4st\u00e4.\" class=\"underline-custom !font-montserrat !font-bold !underline-offset-4 !decoration-4 !decoration-red-600 !text-md\" rel=\"nofollow noopener\" target=\"_blank\">Tilaa Comon uutiskirje ja tied\u00e4t mist\u00e4 kahvitauolla puhutaan! Nappaa kotimaan tv-vinkit ja puheenaiheet suoraan s\u00e4hk\u00f6postiin t\u00e4st\u00e4.<\/a><\/p>\n<p>\t\t\t\t<script async src=\"\/\/www.instagram.com\/embed.js\"><\/script><\/p>\n","protected":false},"excerpt":{"rendered":"Rallikartturina toimiva Janni Hussi on tehnyt viime aikoina paljon yhteisty\u00f6t\u00e4 rallikonkari Jari-Matti Latvalan kanssa. Kaksikko osallistui juuri Kreikassa&hellip;\n","protected":false},"author":2,"featured_media":31696,"comment_status":"","ping_status":"","sticky":false,"template":"","format":"standard","meta":{"footnotes":""},"categories":[158],"tags":[33,31,30,2597,3631,159,32,160],"class_list":{"0":"post-31695","1":"post","2":"type-post","3":"status-publish","4":"format-standard","5":"has-post-thumbnail","7":"category-urheilu","8":"tag-fi","9":"tag-finland","10":"tag-finnish","11":"tag-janni-hussi","12":"tag-jari-matti-latvala","13":"tag-sports","14":"tag-suomi","15":"tag-urheilu"},"share_on_mastodon":{"url":"","error":""},"_links":{"self":[{"href":"https:\/\/www.europesays.com\/fi\/wp-json\/wp\/v2\/posts\/31695","targetHints":{"allow":["GET"]}}],"collection":[{"href":"https:\/\/www.europesays.com\/fi\/wp-json\/wp\/v2\/posts"}],"about":[{"href":"https:\/\/www.europesays.com\/fi\/wp-json\/wp\/v2\/types\/post"}],"author":[{"embeddable":true,"href":"https:\/\/www.europesays.com\/fi\/wp-json\/wp\/v2\/users\/2"}],"replies":[{"embeddable":true,"href":"https:\/\/www.europesays.com\/fi\/wp-json\/wp\/v2\/comments?post=31695"}],"version-history":[{"count":0,"href":"https:\/\/www.europesays.com\/fi\/wp-json\/wp\/v2\/posts\/31695\/revisions"}],"wp:featuredmedia":[{"embeddable":true,"href":"https:\/\/www.europesays.com\/fi\/wp-json\/wp\/v2\/media\/31696"}],"wp:attachment":[{"href":"https:\/\/www.europesays.com\/fi\/wp-json\/wp\/v2\/media?parent=31695"}],"wp:term":[{"taxonomy":"category","embeddable":true,"href":"https:\/\/www.europesays.com\/fi\/wp-json\/wp\/v2\/categories?post=31695"},{"taxonomy":"post_tag","embeddable":true,"href":"https:\/\/www.europesays.com\/fi\/wp-json\/wp\/v2\/tags?post=31695"}],"curies":[{"name":"wp","href":"https:\/\/api.w.org\/{rel}","templated":true}]}}