{"id":316959,"date":"2026-08-04T14:55:14","date_gmt":"2026-08-04T14:55:14","guid":{"rendered":"https:\/\/www.europesays.com\/fi\/316959\/"},"modified":"2026-08-04T14:55:14","modified_gmt":"2026-08-04T14:55:14","slug":"huhut-sjkn-kuolemasta-ovat-vahvasti-liioiteltuja-seurapomo-kuittaa-kauden-pelaajamyyntien-tulot-ovat-ennatystasolla-urheilu","status":"publish","type":"post","link":"https:\/\/www.europesays.com\/fi\/316959\/","title":{"rendered":"Huhut SJK:n kuolemasta ovat vahvasti liioiteltuja, seurapomo kuittaa \u2013 kauden pelaajamyyntien tulot ovat enn\u00e4tystasolla | Urheilu"},"content":{"rendered":"<ul class=\"aw__sc-1yb43iq-0 gFXHv yle__article__list yle__article__list--ul\">\n<li class=\"aw__sc-1yb43iq-1 gVAzbt\">Alakanttiin pelannut jalkapalloseura SJK voitti HJK:n 3-0 ja nousi pois karsijapaikalta.<\/li>\n<li class=\"aw__sc-1yb43iq-1 gVAzbt\">Joukkueessa on pelannut t\u00e4ll\u00e4 kaudella jo 34 pelaajaa. Suuri vaihtuvuus on tuonut haasteita.<\/li>\n<li class=\"aw__sc-1yb43iq-1 gVAzbt\">Taloudellisesti SJK tekee kuitenkin hyv\u00e4\u00e4 tulosta. Toteutuessaan pelaajakaupat tuovat noin 2,5\u20133 miljoonaa euroa.<\/li>\n<li class=\"aw__sc-1yb43iq-1 gVAzbt\">Seurapomo Raimo Saraj\u00e4rvi sanoo, ett\u00e4 huolet seuran tulevaisuudesta ovat turhia.<\/li>\n<\/ul>\n<p class=\"aw__sc-1qwuw0s-0 aw__sc-ngllmo-0 epAWpq fzYpjk yle__article__paragraph\">Sein\u00e4joen jalkapallostadion huokui maanantai-iltana jonkinlaista helpotusta.<\/p>\n<p class=\"aw__sc-1qwuw0s-0 aw__sc-ngllmo-0 epAWpq fzYpjk yle__article__paragraph\">L\u00e4pi kauden alakanttiin pelannut SJK kaatoi Veikkausliigan j\u00e4ttil\u00e4isen HJK:n selv\u00e4sti maalein 3\u20130.<\/p>\n<p class=\"aw__sc-1qwuw0s-0 aw__sc-ngllmo-0 epAWpq fzYpjk yle__article__paragraph\">Voitto nosti mustapaidat samalla pois sarjataulukon toiseksi viimeiselt\u00e4 sijalta eli karsijan paikalta.<\/p>\n<p><img decoding=\"async\" alt=\"Pelaajia kamppailemassa pallosta.\" src=\"https:\/\/www.europesays.com\/fi\/wp-content\/uploads\/2026\/08\/1785826499.jpeg\" loading=\"lazy\" class=\"aw__sc-dklauk-0 LPzKX\"\/><\/p>\n<p>Avaa kuvien katselu<\/p>\n<p>SJK:n entinen kapteeni Ville Tikkanen joutui pettym\u00e4\u00e4n HJK:n raitapaidassa Sein\u00e4joella. Kuva: Pasi Takkunen \/ Yle<\/p>\n<p class=\"aw__sc-1qwuw0s-0 aw__sc-ngllmo-0 epAWpq fzYpjk yle__article__paragraph\">My\u00f6s kotijoukkueen p\u00e4\u00e4valmentaja <strong class=\"aw__sc-ngllmo-2 gdRrun yle__article__strong\">Jarkko Wissinkin<\/strong> olemus oli silminn\u00e4hden huojentunut.<\/p>\n<p class=\"aw__sc-1qwuw0s-0 aw__sc-ngllmo-0 epAWpq fzYpjk yle__article__paragraph\">\u2013 Kyll\u00e4h\u00e4n t\u00e4m\u00e4 helpottaa hetkeksi, mutta aika pian jo mietit\u00e4\u00e4n seuraavaa ottelua. Gnistan saapuu t\u00e4nne jo perjantaina, Wiss huokaa.<\/p>\n<p class=\"aw__sc-1qwuw0s-0 aw__sc-ngllmo-0 epAWpq fzYpjk yle__article__paragraph\">Wiss tunsi eniten iloa siit\u00e4, ett\u00e4 pelaajat saivat voiton j\u00e4lkeen hetkens\u00e4 kannattajien edess\u00e4.<\/p>\n<p class=\"aw__sc-1qwuw0s-0 aw__sc-ngllmo-0 epAWpq fzYpjk yle__article__paragraph\">\u2013 Pelaajilla on varmasti ollut tuskaa, kun tulosta ei ole tullut. Usko ei ole kuitenkaan loppunut miss\u00e4\u00e4n vaiheessa, vaan t\u00f6it\u00e4 on tehty hyv\u00e4ll\u00e4 asenteella. Onneksi nyt tuli palkinto.<\/p>\n<p class=\"aw__sc-1qwuw0s-0 aw__sc-ngllmo-0 epAWpq fzYpjk yle__article__paragraph\">SJK:n puolustaja <strong class=\"aw__sc-ngllmo-2 gdRrun yle__article__strong\">Oskari V\u00e4ist\u00f6<\/strong> vahvistaa palkinnon tulleen juuri oikeaan hetkeen.<\/p>\n<p class=\"aw__sc-1qwuw0s-0 aw__sc-ngllmo-0 epAWpq fzYpjk yle__article__paragraph\">\u2013 Peli kulki ja asiat, joita haimme, toimivat juuri oikein. Ja sitten viel\u00e4 3\u20130 ja vastassa HJK, niin kyll\u00e4 tuntuu erityisen hyv\u00e4lt\u00e4, SJK-kasvatti hymyilee.<\/p>\n<p class=\"aw__sc-1qwuw0s-0 aw__sc-ngllmo-0 epAWpq fzYpjk yle__article__paragraph\"><strong class=\"aw__sc-ngllmo-2 gdRrun yle__article__strong\">Oskari V\u00e4ist\u00f6 kertoo, ett\u00e4 joukkue on keskittynyt aloittamaan puoliajat hyvin:<\/strong><\/p>\n<p>Video: Pasi Takkunen \/ YleVaihtuvuutta runsaasti<\/p>\n<p class=\"aw__sc-1qwuw0s-0 aw__sc-ngllmo-0 epAWpq fzYpjk yle__article__paragraph\">SJK:n kokoonpanossa on ollut runsaasti vaihtuvuutta.<\/p>\n<p class=\"aw__sc-1qwuw0s-0 aw__sc-ngllmo-0 epAWpq fzYpjk yle__article__paragraph\">Maanantaina ottelun loppuhetkill\u00e4 kent\u00e4lle vaihdetusta ruotsalaispuolustaja <strong class=\"aw__sc-ngllmo-2 gdRrun yle__article__strong\">Karlson Nwanegesta<\/strong> tuli jo t\u00e4m\u00e4n kauden 34. kent\u00e4lle p\u00e4\u00e4ssyt SJK-pelaaja.<\/p>\n<p class=\"aw__sc-1qwuw0s-0 aw__sc-ngllmo-0 epAWpq fzYpjk yle__article__paragraph\">\u2013 Varmasti kova vaihtuvuus on asettanut meille haasteita. Toisaalta sen voi n\u00e4hd\u00e4 my\u00f6s mahdollisuutena, Wiss pomputtelee.<\/p>\n<p class=\"aw__sc-1qwuw0s-0 aw__sc-ngllmo-0 epAWpq fzYpjk yle__article__paragraph\">Kes\u00e4n siirtoikkuna menee kiinni 24. elokuuta.<\/p>\n<p class=\"aw__sc-1qwuw0s-0 aw__sc-ngllmo-0 epAWpq fzYpjk yle__article__paragraph\"><strong class=\"aw__sc-ngllmo-2 gdRrun yle__article__strong\">SJK:n p\u00e4\u00e4valmentaja Jarkko Wiss siirtoikkunasta:<\/strong><\/p>\n<p>Video: Pasi Takkunen \/ YleSeura ei ole katoamassa minnek\u00e4\u00e4n<\/p>\n<p class=\"aw__sc-1qwuw0s-0 aw__sc-ngllmo-0 epAWpq fzYpjk yle__article__paragraph\">Voitto HJK:sta ei poista sit\u00e4, ett\u00e4 sein\u00e4jokelaisten kausi ei ole sujunut odotetusti.<\/p>\n<p class=\"aw__sc-1qwuw0s-0 aw__sc-ngllmo-0 epAWpq fzYpjk yle__article__paragraph\">Samaan aikaan my\u00f6s Ykk\u00f6sliigassa pelaava SJK Akatemia on juuttunut sarjataulukon viimeiseksi.<\/p>\n<p class=\"aw__sc-1qwuw0s-0 aw__sc-ngllmo-0 epAWpq fzYpjk yle__article__paragraph\">Vaikeudet kent\u00e4ll\u00e4 ovat saaneet pahat kielet jo huhuilemaan SJK:n tulevaisuuden olevan vaarassa.<\/p>\n<p class=\"aw__sc-1qwuw0s-0 aw__sc-ngllmo-0 epAWpq fzYpjk yle__article__paragraph\">Seurapomo <strong class=\"aw__sc-ngllmo-2 gdRrun yle__article__strong\">Raimo Saraj\u00e4rvi<\/strong> tyrm\u00e4\u00e4 moiset huolet h\u00f6lynp\u00f6lyn\u00e4.<\/p>\n<p class=\"aw__sc-1qwuw0s-0 aw__sc-ngllmo-0 epAWpq fzYpjk yle__article__paragraph\">\u2013 T\u00e4llaisia huolia levitt\u00e4v\u00e4t he, jotka eiv\u00e4t asioista tied\u00e4, Saraj\u00e4rvi lataa.<\/p>\n<p class=\"aw__sc-1qwuw0s-0 aw__sc-ngllmo-0 epAWpq fzYpjk yle__article__paragraph\">Vilkkaan pelaajaliikenteen Saraj\u00e4rvi kuittaa pikemminkin onnistumisena kuin osoituksena kaaoksesta.<\/p>\n<p class=\"aw__sc-1qwuw0s-0 aw__sc-ngllmo-0 epAWpq fzYpjk yle__article__paragraph\">\u2013 SJK on l\u00e4ht\u00f6terminaali. Moni tulee t\u00e4nne p\u00e4\u00e4st\u00e4kseen ulkomaille. Se on luonnollista, se on bisnest\u00e4, Saraj\u00e4rvi kuvaa.<\/p>\n<p class=\"aw__sc-1qwuw0s-0 aw__sc-ngllmo-0 epAWpq fzYpjk yle__article__paragraph\">Saraj\u00e4rven mukaan jokainen Veikkausliiga-joukkue pyrkii myym\u00e4\u00e4n pelaajia niin paljon kuin mahdollista.<\/p>\n<p class=\"aw__sc-1qwuw0s-0 aw__sc-ngllmo-0 epAWpq fzYpjk yle__article__paragraph\">Taloudellisesti SJK onkin seurapomon mukaan tekem\u00e4ss\u00e4 parasta tulostaan pitkiin aikoihin.<\/p>\n<p class=\"aw__sc-1qwuw0s-0 aw__sc-ngllmo-0 epAWpq fzYpjk yle__article__paragraph\">\u2013 Olemme onnistuneet myym\u00e4\u00e4n t\u00e4n\u00e4 vuonna kuusi pelaajaa. Olemme siis onnistuneet strategiassa.<\/p>\n<p class=\"aw__sc-1qwuw0s-0 aw__sc-ngllmo-0 epAWpq fzYpjk yle__article__paragraph\">Suunnitelmissa on viel\u00e4 v\u00e4hint\u00e4\u00e4n kolmen pelaajan myynti t\u00e4m\u00e4n vuoden aikana.<\/p>\n<p class=\"aw__sc-1qwuw0s-0 aw__sc-ngllmo-0 epAWpq fzYpjk yle__article__paragraph\">\u2013 Jos suunnitellut kaupat toteutuvat, nousee t\u00e4m\u00e4n vuoden pelaajakaupoista saadut tulot enn\u00e4tyksellisiin summiin, noin 2,5\u20133 miljoonaan euroon, Saraj\u00e4rvi laskee.<\/p>\n<p><img decoding=\"async\" alt=\"Mies katsoo suoraan kameraan. Kaulassa henkil\u00f6kortti.\" src=\"https:\/\/www.europesays.com\/fi\/wp-content\/uploads\/2026\/08\/1785826498.jpeg\" loading=\"lazy\" class=\"aw__sc-dklauk-0 LPzKX\"\/><\/p>\n<p>Avaa kuvien katselu<\/p>\n<p>SJK:n p\u00e4\u00e4omistaja Raimo Saraj\u00e4rvi ei ole huolissaan seuransa tulevaisuudesta.  Kuva: Pasi Takkunen \/ YleKent\u00e4ll\u00e4 ei ole kulkenut<\/p>\n<p class=\"aw__sc-1qwuw0s-0 aw__sc-ngllmo-0 epAWpq fzYpjk yle__article__paragraph\">Saraj\u00e4rven mukaan asia, joka ei ole t\u00e4ll\u00e4 kaudella onnistunut, on joukkueen menestys kent\u00e4ll\u00e4.<\/p>\n<p class=\"aw__sc-1qwuw0s-0 aw__sc-ngllmo-0 epAWpq fzYpjk yle__article__paragraph\">\u2013 Ehk\u00e4 talvella olisi pit\u00e4nyt myyd\u00e4 enemm\u00e4nkin pelaajia eik\u00e4 j\u00e4\u00e4d\u00e4 odottamaan kes\u00e4\u00e4. Liian moni j\u00e4i odottamaan lentolippua muualle ja ehk\u00e4 sen takia t\u00e4m\u00e4 joukko ei ole ollut tarpeeksi yhten\u00e4inen.<\/p>\n<p class=\"aw__sc-1qwuw0s-0 aw__sc-ngllmo-0 epAWpq fzYpjk yle__article__paragraph\">Vaikka kausi p\u00e4\u00e4ttyisi painajaismaisesti ja SJK tippuisi Veikkausliigasta, se ei seuran tulevaisuutta hetkauttaisi.<\/p>\n<p class=\"aw__sc-1qwuw0s-0 aw__sc-ngllmo-0 epAWpq fzYpjk yle__article__paragraph\"><strong class=\"aw__sc-ngllmo-2 gdRrun yle__article__strong\">Raimo Saraj\u00e4rven mukaan SJK ei ole katoamassa Sein\u00e4joelta mihink\u00e4\u00e4n:<\/strong><\/p>\n<p>Video: Pasi Takkunen \/ Yle<\/p>\n<p class=\"aw__sc-1qwuw0s-0 aw__sc-ngllmo-0 epAWpq fzYpjk yle__article__paragraph\">Loppukauteen Saraj\u00e4rvell\u00e4 on selke\u00e4t toiveet.<\/p>\n<p class=\"aw__sc-1qwuw0s-0 aw__sc-ngllmo-0 epAWpq fzYpjk yle__article__paragraph\">\u2013 Taloudellisesti toivon, ett\u00e4 suunnitellut pelaajasiirrot menev\u00e4t maaliin. Kent\u00e4ll\u00e4 toivon, ett\u00e4 saamme tarvittavat voitot sarjapaikan varmistamiseksi kasaan, jotta p\u00e4\u00e4sisimme rakentamaan jo voimakkaasti ensi kautta.<\/p>\n<p class=\"aw__sc-1qwuw0s-0 aw__sc-ngllmo-0 epAWpq fzYpjk yle__article__paragraph\">Saraj\u00e4rvi paljastaa, ettei ensi kaudesta tule myyntimieless\u00e4 n\u00e4in isoa vuotta, vaan tavoitteena on menesty\u00e4 ennen kaikkea kent\u00e4ll\u00e4.<\/p>\n<p class=\"aw__sc-1qwuw0s-0 aw__sc-ngllmo-0 epAWpq fzYpjk yle__article__paragraph\">\u2013 Ensi vuonna olemme selke\u00e4sti vahvempia, Saraj\u00e4rvi vinkkaa salamyhk\u00e4isesti.<\/p>\n<p>Kannattajien kanssa keskusteltu<\/p>\n<p class=\"aw__sc-1qwuw0s-0 aw__sc-ngllmo-0 epAWpq fzYpjk yle__article__paragraph\">Haastavan kauden aikana my\u00f6s kannattajilla on ollut huoli seuran menosta.<\/p>\n<p class=\"aw__sc-1qwuw0s-0 aw__sc-ngllmo-0 epAWpq fzYpjk yle__article__paragraph\">Kannattajayhdistys Meid\u00e4n Kerho ry:n yhteyshenkil\u00f6 <strong class=\"aw__sc-ngllmo-2 gdRrun yle__article__strong\">Tuomas Puro<\/strong> sanoo, ett\u00e4 kannattajille j\u00e4rjestettiin pari viikkoa sitten my\u00f6s luottamuksellinen keskustelu seurajohdon kanssa.<\/p>\n<p class=\"aw__sc-1qwuw0s-0 aw__sc-ngllmo-0 epAWpq fzYpjk yle__article__paragraph\">\u2013 Kannattajina meit\u00e4 on huolestuttanut se, mihin suuntaan seura on menossa ja mitk\u00e4 ovat askelmerkit tulevaisuuteen \u2013 ei niink\u00e4\u00e4n pelilliset tulokset, Puro kertoo.<\/p>\n<p><img decoding=\"async\" alt=\"Jalkapallokannattajia katsomossa.\" src=\"https:\/\/www.europesays.com\/fi\/wp-content\/uploads\/2026\/08\/1785826488.jpeg\" loading=\"lazy\" class=\"aw__sc-dklauk-0 LPzKX\"\/><\/p>\n<p>Avaa kuvien katselu<\/p>\n<p>SJK:n kannattajayhdistys Meid\u00e4n Kerho ry:ss\u00e4 on mukana yli sata j\u00e4sent\u00e4.  Kuva: Pasi Takkunen \/ Yle<\/p>\n<p class=\"aw__sc-1qwuw0s-0 aw__sc-ngllmo-0 epAWpq fzYpjk yle__article__paragraph\">Puron mukaan kannattajien ja seuran dialogista on j\u00e4\u00e4nyt tunne, ettei seurasta tarvitse olla taloudellisesti huolissaan.<\/p>\n<p class=\"aw__sc-1qwuw0s-0 aw__sc-ngllmo-0 epAWpq fzYpjk yle__article__paragraph\">\u2013 Jos nyt sarjataso vaihtuisi, niin totta kai se olisi iso lovi toiminnalle. T\u00e4rkeint\u00e4 kannattajille on kuitenkin tiet\u00e4\u00e4, ett\u00e4 toiminnalla on jatkuvuutta. Loppujen lopuksi sarjatasokin on sivuseikka, kunhan seura ja yhteis\u00f6 s\u00e4ilyv\u00e4t, Puro summaa kannattajien tuntoja.<\/p>\n","protected":false},"excerpt":{"rendered":"Alakanttiin pelannut jalkapalloseura SJK voitti HJK:n 3-0 ja nousi pois karsijapaikalta. Joukkueessa on pelannut t\u00e4ll\u00e4 kaudella jo 34&hellip;\n","protected":false},"author":2,"featured_media":316960,"comment_status":"","ping_status":"","sticky":false,"template":"","format":"standard","meta":{"footnotes":"","_share_on_mastodon":"0"},"categories":[158],"tags":[1377,33,31,30,43,17281,3300,37067,16738,680,159,32,160,45],"class_list":["post-316959","post","type-post","status-publish","format-standard","has-post-thumbnail","category-urheilu","tag-etela-pohjanmaa","tag-fi","tag-finland","tag-finnish","tag-jalkapallo","tag-jarkko-wiss","tag-kotimaan-jalkapallo","tag-raimo-sarajarvi","tag-seinajoen-jalkapallokerho","tag-seinajoki","tag-sports","tag-suomi","tag-urheilu","tag-veikkausliiga"],"share_on_mastodon":{"url":"https:\/\/pubeurope.com\/@fi\/117037821734446664","error":""},"_links":{"self":[{"href":"https:\/\/www.europesays.com\/fi\/wp-json\/wp\/v2\/posts\/316959","targetHints":{"allow":["GET"]}}],"collection":[{"href":"https:\/\/www.europesays.com\/fi\/wp-json\/wp\/v2\/posts"}],"about":[{"href":"https:\/\/www.europesays.com\/fi\/wp-json\/wp\/v2\/types\/post"}],"author":[{"embeddable":true,"href":"https:\/\/www.europesays.com\/fi\/wp-json\/wp\/v2\/users\/2"}],"replies":[{"embeddable":true,"href":"https:\/\/www.europesays.com\/fi\/wp-json\/wp\/v2\/comments?post=316959"}],"version-history":[{"count":0,"href":"https:\/\/www.europesays.com\/fi\/wp-json\/wp\/v2\/posts\/316959\/revisions"}],"wp:featuredmedia":[{"embeddable":true,"href":"https:\/\/www.europesays.com\/fi\/wp-json\/wp\/v2\/media\/316960"}],"wp:attachment":[{"href":"https:\/\/www.europesays.com\/fi\/wp-json\/wp\/v2\/media?parent=316959"}],"wp:term":[{"taxonomy":"category","embeddable":true,"href":"https:\/\/www.europesays.com\/fi\/wp-json\/wp\/v2\/categories?post=316959"},{"taxonomy":"post_tag","embeddable":true,"href":"https:\/\/www.europesays.com\/fi\/wp-json\/wp\/v2\/tags?post=316959"}],"curies":[{"name":"wp","href":"https:\/\/api.w.org\/{rel}","templated":true}]}}