{"id":317067,"date":"2026-08-04T18:11:11","date_gmt":"2026-08-04T18:11:11","guid":{"rendered":"https:\/\/www.europesays.com\/fi\/317067\/"},"modified":"2026-08-04T18:11:11","modified_gmt":"2026-08-04T18:11:11","slug":"suomessa-sijaitseva-maailman-ensimmainen-ydinjatteen-loppusijoitustila-sai-hyvaksynnan-sateilyturvakeskukselta-talous","status":"publish","type":"post","link":"https:\/\/www.europesays.com\/fi\/317067\/","title":{"rendered":"Suomessa sijaitseva maailman ensimm\u00e4inen ydinj\u00e4tteen loppu\u00adsijoitustila sai hyv\u00e4ksynn\u00e4n S\u00e4teily\u00adturvakeskukselta | Talous"},"content":{"rendered":"<p class=\"aw__sc-1qwuw0s-0 aw__sc-1vg2sqm-0 epAWpq ecELkD yle__article__paragraph\">Kaikki maailman k\u00e4ytetty ydinpolttoaine on parhaillaan v\u00e4livarastoissa, mutta Suomessa se olisi tarkoitus haudata kapseleissa satojen metrien syvyyteen.<\/p>\n<p><img decoding=\"async\" alt=\"Turvavaatteisiin pukeunut mies k\u00e4velee maanalaisessa Onkalossa kohti kameraa.\" src=\"https:\/\/www.europesays.com\/fi\/wp-content\/uploads\/2026\/08\/1719313511.jpeg\" class=\"aw__sc-dklauk-0 LPzKX\"\/><\/p>\n<p>Avaa kuvien katselu<\/p>\n<p>Posivan Onkalossa ydinpolttoaine sijoitetaan syv\u00e4lle kallioper\u00e4\u00e4n turvallisuuden varmistamiseksi pitkiksi ajoiksi. Kuva: Anna-Mari Vuollet \/ Yle<\/p>\n<p>10:32\u2022P\u00e4ivitetty 14:56<\/p>\n<ul class=\"aw__sc-1yb43iq-0 gFXHv yle__article__list yle__article__list--ul\">\n<li class=\"aw__sc-1yb43iq-1 gVAzbt\">S\u00e4teilyturvakeskus (STUK) antoi tiistaina puoltavan lausunnon Onkalon k\u00e4ytt\u00f6luvasta. Onkalo on ydinj\u00e4tteen loppusijoitustila Olkiluodossa.<\/li>\n<li class=\"aw__sc-1yb43iq-1 gVAzbt\">Suomi olisi ensimm\u00e4inen maa, joka loppusijoittaa ydinj\u00e4tteen kallioper\u00e4\u00e4n 400-450 metrin syvyyteen.<\/li>\n<li class=\"aw__sc-1yb43iq-1 gVAzbt\">Koska STUK antoi puoltavan lausunnon, valtioneuvosto voi my\u00f6nt\u00e4\u00e4 k\u00e4ytt\u00f6luvan laitokselle.<\/li>\n<li class=\"aw__sc-1yb43iq-1 gVAzbt\">Onkaloon sijoitetaan Loviisan ja Olkiluodon k\u00e4ytetty\u00e4 ydinpolttoainetta.<\/li>\n<\/ul>\n<p class=\"aw__sc-1qwuw0s-0 aw__sc-ngllmo-0 epAWpq fzYpjk yle__article__paragraph\">Suomi on edell\u00e4k\u00e4vij\u00e4n asemassa, sill\u00e4 sen on tarkoitus olla ensimm\u00e4inen maailmassa, joka loppusijoittaa ydinj\u00e4tett\u00e4 kallioper\u00e4n uumeniin.<\/p>\n<p class=\"aw__sc-1qwuw0s-0 aw__sc-ngllmo-0 epAWpq fzYpjk yle__article__paragraph\">S\u00e4teilyturvakeskus (STUK) <a class=\"aw__sc-ngllmo-1 bTDnwX yle__article__link\" href=\"https:\/\/stuk.fi\/-\/sateilyturvakeskus-puoltaa-kayttolupaa-kaytetyn-ydinpolttoaineen-loppusijoituslaitokselle\" role=\"link\" rel=\"nofollow noopener\" target=\"_blank\">puoltaa<\/a> k\u00e4ytt\u00f6lupaa ydinj\u00e4tteen loppusijoituslaitos Posivan Onkalolle. K\u00e4ytt\u00f6luvan my\u00f6nt\u00e4misen edellytykset t\u00e4yttyiv\u00e4t.<\/p>\n<p class=\"aw__sc-1qwuw0s-0 aw__sc-ngllmo-0 epAWpq fzYpjk yle__article__paragraph\">Laitoksen k\u00e4ytt\u00f6\u00f6notto on viel\u00e4 osittain kesken. STUKin puoltava lausunto on edellytys sille, ett\u00e4 seuraavaksi ty\u00f6- ja elinkeinoministeri\u00f6 (TEM) sek\u00e4 valtioneuvosto voivat vied\u00e4 k\u00e4ytt\u00f6\u00f6nottoa eteenp\u00e4in. TEM on lupaviranomainen ja esittelee k\u00e4ytt\u00f6lupap\u00e4\u00e4t\u00f6ksen, valtioneuvosto p\u00e4\u00e4tt\u00e4\u00e4 k\u00e4ytt\u00f6luvan my\u00f6nt\u00e4misest\u00e4. Mik\u00e4li valtioneuvosto my\u00f6nt\u00e4\u00e4 luvan, STUKin tulee antaa toiminnan aloittamisesta viel\u00e4 erillinen p\u00e4\u00e4t\u00f6s.<\/p>\n<p class=\"aw__sc-1qwuw0s-0 aw__sc-ngllmo-0 epAWpq fzYpjk yle__article__paragraph\">Eurajoen Olkiluodon ydinvoimala-alueella sijaitseva Onkalo on maailman ensimm\u00e4inen ja toistaiseksi ainoa korkea-aktiiviselle ydinj\u00e4tteelle tarkoitettu loppusijoitustila.<\/p>\n<p><img decoding=\"async\" alt=\"Kartta Olkiluodon, TVO:n ydinvoimaloiden sek\u00e4 Posivan Onkalon sijainnista.\" src=\"https:\/\/www.europesays.com\/fi\/wp-content\/uploads\/2026\/08\/1737468034.jpeg\" loading=\"lazy\" class=\"aw__sc-dklauk-0 LPzKX\"\/><\/p>\n<p>Avaa kuvien katselu<\/p>\n<p>Korkea-aktiivisen ydinj\u00e4tteen loppusijoitustila sijaitsee Olkiluodon ydinvoimaloiden l\u00e4heisyydess\u00e4 Eurajoella. Kuva: Jouni Koutonen \/ Yle, MapCreator, OpenStreetMapSijoitettavaksi 6\u00a0500 tonnia uraania<\/p>\n<p class=\"aw__sc-1qwuw0s-0 aw__sc-ngllmo-0 epAWpq fzYpjk yle__article__paragraph\">Yle kirjoitti <a class=\"aw__sc-ngllmo-1 bTDnwX yle__article__link\" href=\"https:\/\/yle.fi\/a\/74-20203987\" role=\"link\" rel=\"nofollow noopener\" target=\"_blank\">tammikuussa<\/a>, ett\u00e4 STUKin piti antaa lausunto luvasta jo vuoden 2023 loppuun menness\u00e4. M\u00e4\u00e4r\u00e4aikaa on siirretty kolmesti ja viimeisin tavoite oli asetettu kes\u00e4kuun loppuun.<\/p>\n<p class=\"aw__sc-1qwuw0s-0 aw__sc-ngllmo-0 epAWpq fzYpjk yle__article__paragraph\">STUKin mukaan viiv\u00e4stykset johtuvat osittain ydinj\u00e4tteen loppusijoituksesta vastaavan Posivan k\u00e4ytt\u00f6lupahakemuksen aikana tekemist\u00e4 muutoksista loppusijoitusj\u00e4rjestelmiss\u00e4. Posivan on pit\u00e4nyt my\u00f6s perustella muutosten vaikutukset ja osoittaa, ett\u00e4 turvallisuusvaatimukset t\u00e4yttyv\u00e4t.<\/p>\n<p class=\"aw__sc-1qwuw0s-0 aw__sc-ngllmo-0 epAWpq fzYpjk yle__article__paragraph\">Ydinpolttoaineen loppusijoituksen taustalla on hyvin pitk\u00e4j\u00e4nteinen yli 40 vuoden ty\u00f6, kertoo STUKin p\u00e4\u00e4johtaja <strong class=\"aw__sc-ngllmo-2 gdRrun yle__article__strong\">Petteri Tiippana<\/strong>.<\/p>\n<p class=\"aw__sc-1qwuw0s-0 aw__sc-ngllmo-0 epAWpq fzYpjk yle__article__paragraph\">Kaikki alkoi vuonna 1983, kun valtioneuvosto teki p\u00e4\u00e4t\u00f6ksen, jossa varauduttiin ydinj\u00e4tteen loppusijoitukseen Suomessa. Onkalon rakentaminen k\u00e4ynnistyi vuonna 2004.<\/p>\n<p class=\"aw__sc-1qwuw0s-0 aw__sc-ngllmo-0 epAWpq fzYpjk yle__article__paragraph\">K\u00e4ytt\u00f6lupahakemus j\u00e4tettiin valtioneuvostolle vuoden 2021 lopussa ja Posiva on hakenut k\u00e4ytt\u00f6lupaa vuoteen 2070 asti.<\/p>\n<p class=\"aw__sc-1qwuw0s-0 aw__sc-ngllmo-0 epAWpq fzYpjk yle__article__paragraph\">Onkaloon on tarkoitus loppusijoittaa Loviisan ja Olkiluodon voimalaitosten k\u00e4ytetty\u00e4 ydinpolttoainetta. Posiva on hakenut lupaa sijoittaa k\u00e4ytetty\u00e4 polttoainetta, enint\u00e4\u00e4n 6\u00a0500 tonnia uraania. Sen pakkaamisen tarvitaan noin 3\u00a0300 loppusijoituskapselia. Kuparikapselit ovat viisi metri\u00e4 korkeita ja halkaisijaltaan noin metrin pituisia.<\/p>\n<p class=\"aw__sc-1qwuw0s-0 aw__sc-ngllmo-0 epAWpq fzYpjk yle__article__paragraph\">Laitoksen k\u00e4yt\u00f6n on tarkoitus kest\u00e4\u00e4 noin sata vuotta.<\/p>\n<p class=\"aw__sc-1qwuw0s-0 aw__sc-ngllmo-0 epAWpq fzYpjk yle__article__paragraph\"><strong class=\"aw__sc-ngllmo-2 gdRrun yle__article__strong\">Ydinvoimatekniikan professori Juhani Hyv\u00e4rinen LUT-yliopistosta kertoi tarkemmin ydinpolttoaineen loppusijoittamisesta Ylen aamussa:<\/strong><\/p>\n<p>Loppusijoitus Suomen kallioper\u00e4\u00e4n<\/p>\n<p class=\"aw__sc-1qwuw0s-0 aw__sc-ngllmo-0 epAWpq fzYpjk yle__article__paragraph\">Loppusijoituksen tarkoitus on suojella ihmisi\u00e4 ja ymp\u00e4rist\u00f6\u00e4 pitk\u00e4aikaisesti radioaktiiviselta s\u00e4teilylt\u00e4. Tarkoituksena on my\u00f6s varmistaa, ettei tulevien sukupolvien tarvitse jatkuvasti huolehtia ydinj\u00e4tteist\u00e4.<\/p>\n<p class=\"aw__sc-1qwuw0s-0 aw__sc-ngllmo-0 epAWpq fzYpjk yle__article__paragraph\">T\u00e4ll\u00e4 hetkell\u00e4 kaikki k\u00e4ytetty ydinpolttoaine on v\u00e4livarastossa voimalaitoksilla. Suomessa syntynyt ydinj\u00e4te sijoitetaan 400-450 metrin syvyyteen maanpinnan alle.<\/p>\n<p class=\"aw__sc-1qwuw0s-0 aw__sc-ngllmo-0 epAWpq fzYpjk yle__article__paragraph\">Kapselointilaitoksen automaatio ja et\u00e4ohjaus v\u00e4hent\u00e4v\u00e4t tehokkaasti ty\u00f6ntekij\u00f6iden s\u00e4teilyaltistusta.<\/p>\n<p class=\"aw__sc-1qwuw0s-0 aw__sc-ngllmo-0 epAWpq fzYpjk yle__article__paragraph\">Tiedotustilaisuudessa paikalla ollut Ylen toimittaja <strong class=\"aw__sc-ngllmo-2 gdRrun yle__article__strong\">Jarmo Koponen<\/strong> kysyi, olisiko ydinj\u00e4teluolaan mahdollista sijoittaa ulkomailta tuotua ydinj\u00e4tett\u00e4. Nykyinen laki ei kuitenkaan salli t\u00e4t\u00e4, joten se ei olisi mahdollista.<\/p>\n<p class=\"aw__sc-1qwuw0s-0 aw__sc-ngllmo-0 epAWpq fzYpjk yle__article__paragraph\">Korjaus 4.8.2026 klo 10.56: Jutun otsikosta saattoi aikaisemmin saada virheellisesti kuvan, ett\u00e4 Onkalo sai lopullisen k\u00e4ytt\u00f6luvan. Lopullinen lupa edellytt\u00e4\u00e4 viel\u00e4 ty\u00f6- ja elinkeinoministeri\u00f6n ja valtioneuvoston hyv\u00e4ksynt\u00e4\u00e4.<\/p>\n<p class=\"aw__sc-1qwuw0s-0 aw__sc-ngllmo-0 epAWpq fzYpjk yle__article__paragraph\">Korjaus 4.8.2026 klo 14:57: T\u00e4smennetty, ett\u00e4 STUK puoltaa Onkalon k\u00e4ytt\u00f6lupaa ydinj\u00e4tteen sijoittamisille. Aikaisemmin jutusta saattoi saada k\u00e4sityksen, ett\u00e4 STUK olisi p\u00e4\u00e4tt\u00e4m\u00e4ss\u00e4 lopullisesta k\u00e4ytt\u00f6luvasta, jonka tekee valtioneuvosto.<\/p>\n","protected":false},"excerpt":{"rendered":"Kaikki maailman k\u00e4ytetty ydinpolttoaine on parhaillaan v\u00e4livarastoissa, mutta Suomessa se olisi tarkoitus haudata kapseleissa satojen metrien syvyyteen. Avaa&hellip;\n","protected":false},"author":2,"featured_media":317068,"comment_status":"","ping_status":"","sticky":false,"template":"","format":"standard","meta":{"footnotes":"","_share_on_mastodon":"0"},"categories":[113],"tags":[2038,446,33,31,30,9576,968,19840,7969,40454,118,32,78,119,40455,40453,447],"class_list":["post-317067","post","type-post","status-publish","format-standard","has-post-thumbnail","category-ymparisto","tag-energia","tag-environment","tag-fi","tag-finland","tag-finnish","tag-olkiluodon-ydinvoimalaitos","tag-satakunta","tag-sateily","tag-sateilyturvakeskus","tag-sateilyturvallisuus","tag-science","tag-suomi","tag-talous","tag-tiede","tag-ydinjatteet","tag-ydinpolttoaineet","tag-ymparisto"],"share_on_mastodon":{"url":"https:\/\/pubeurope.com\/@fi\/117038592405333705","error":""},"_links":{"self":[{"href":"https:\/\/www.europesays.com\/fi\/wp-json\/wp\/v2\/posts\/317067","targetHints":{"allow":["GET"]}}],"collection":[{"href":"https:\/\/www.europesays.com\/fi\/wp-json\/wp\/v2\/posts"}],"about":[{"href":"https:\/\/www.europesays.com\/fi\/wp-json\/wp\/v2\/types\/post"}],"author":[{"embeddable":true,"href":"https:\/\/www.europesays.com\/fi\/wp-json\/wp\/v2\/users\/2"}],"replies":[{"embeddable":true,"href":"https:\/\/www.europesays.com\/fi\/wp-json\/wp\/v2\/comments?post=317067"}],"version-history":[{"count":0,"href":"https:\/\/www.europesays.com\/fi\/wp-json\/wp\/v2\/posts\/317067\/revisions"}],"wp:featuredmedia":[{"embeddable":true,"href":"https:\/\/www.europesays.com\/fi\/wp-json\/wp\/v2\/media\/317068"}],"wp:attachment":[{"href":"https:\/\/www.europesays.com\/fi\/wp-json\/wp\/v2\/media?parent=317067"}],"wp:term":[{"taxonomy":"category","embeddable":true,"href":"https:\/\/www.europesays.com\/fi\/wp-json\/wp\/v2\/categories?post=317067"},{"taxonomy":"post_tag","embeddable":true,"href":"https:\/\/www.europesays.com\/fi\/wp-json\/wp\/v2\/tags?post=317067"}],"curies":[{"name":"wp","href":"https:\/\/api.w.org\/{rel}","templated":true}]}}