{"id":317157,"date":"2026-08-04T20:53:07","date_gmt":"2026-08-04T20:53:07","guid":{"rendered":"https:\/\/www.europesays.com\/fi\/317157\/"},"modified":"2026-08-04T20:53:07","modified_gmt":"2026-08-04T20:53:07","slug":"eu-pakottaa-applen-avaamaan-iphonen-leikepoydan-windowsille","status":"publish","type":"post","link":"https:\/\/www.europesays.com\/fi\/317157\/","title":{"rendered":"EU pakottaa Applen avaamaan iPhonen leikep\u00f6yd\u00e4n Windowsille"},"content":{"rendered":"<p>Euroopan unionin digimarkkinas\u00e4\u00e4d\u00f6s (DMA) pakottaa Applen laajentamaan iPhonen ja Windows-tietokoneiden v\u00e4list\u00e4 yhteensopivuutta.<\/p>\n<p>Apple kehitt\u00e4\u00e4 parhaillaan uutta ominaisuutta, jonka avulla teksti\u00e4 voi kopioida ja liitt\u00e4\u00e4 saumattomasti iPhonen ja Windows-PC v\u00e4lill\u00e4, <a href=\"https:\/\/winfuture.de\/news,160388.html\" target=\"_blank\" rel=\"noreferrer noopener nofollow\">kertoo Winfuture<\/a>.<\/p>\n<p>T\u00e4ll\u00e4 hetkell\u00e4 iOS rajoittaa kolmansien osapuolten sovellusten p\u00e4\u00e4sy\u00e4 leikep\u00f6yt\u00e4\u00e4n. K\u00e4ytt\u00e4j\u00e4n on hyv\u00e4ksytt\u00e4v\u00e4 jokainen kopiointi- ja liitt\u00e4mistoiminto erikseen, mik\u00e4 on tehnyt vastaavista ratkaisuista k\u00f6mpel\u00f6it\u00e4.<\/p>\n<p>Applen kehitteill\u00e4 oleva ratkaisu perustuu AccessorySetupKit-kehykseen. Kun k\u00e4ytt\u00e4j\u00e4 on hyv\u00e4ksynyt Windows-tietokoneen kerran, leikep\u00f6yd\u00e4n sis\u00e4lt\u00f6 siirtyy laitteiden v\u00e4lill\u00e4 automaattisesti taustalla ilman uusia vahvistuksia. Vastaava Universal Clipboard -toiminto on ollut jo pitk\u00e4\u00e4n k\u00e4yt\u00f6ss\u00e4 Applen omien laitteiden, kuten iPhonen ja Macin, v\u00e4lill\u00e4.<\/p>\n<p>Apple arvioi muutoksen olevan merkitt\u00e4v\u00e4 tekninen projekti, eik\u00e4 ominaisuuden odoteta valmistuvan ennen syksy\u00e4 2027. Kehitt\u00e4jille tarkoitettu testiversio julkaistaisiin nykyisten suunnitelmien mukaan loppuvuonna 2027, joten tavalliset k\u00e4ytt\u00e4j\u00e4t saattavat saada ominaisuuden k\u00e4ytt\u00f6\u00f6ns\u00e4 vasta vuoden 2028 alkupuolella.<\/p>\n<p>Kyseess\u00e4 on j\u00e4lleen yksi EU digimarkkinas\u00e4\u00e4d\u00f6ksen vauhdittama muutos. Aiemmin sama s\u00e4\u00e4ntely johti muun muassa siihen, ett\u00e4 Apple siirtyi iPhoneissa Lightning-liittimest\u00e4 USB-C-liit\u00e4nt\u00e4\u00e4n.<\/p>\n","protected":false},"excerpt":{"rendered":"Euroopan unionin digimarkkinas\u00e4\u00e4d\u00f6s (DMA) pakottaa Applen laajentamaan iPhonen ja Windows-tietokoneiden v\u00e4list\u00e4 yhteensopivuutta. Apple kehitt\u00e4\u00e4 parhaillaan uutta ominaisuutta, jonka&hellip;\n","protected":false},"author":2,"featured_media":317158,"comment_status":"","ping_status":"","sticky":false,"template":"","format":"standard","meta":{"footnotes":"","_share_on_mastodon":"0"},"categories":[85],"tags":[1029,33,31,30,419,418,32,91,92],"class_list":["post-317157","post","type-post","status-publish","format-standard","has-post-thumbnail","category-mobiili","tag-apple","tag-fi","tag-finland","tag-finnish","tag-mobiili","tag-mobile","tag-suomi","tag-technology","tag-teknologia"],"share_on_mastodon":{"url":"https:\/\/pubeurope.com\/@fi\/117039228854633753","error":""},"_links":{"self":[{"href":"https:\/\/www.europesays.com\/fi\/wp-json\/wp\/v2\/posts\/317157","targetHints":{"allow":["GET"]}}],"collection":[{"href":"https:\/\/www.europesays.com\/fi\/wp-json\/wp\/v2\/posts"}],"about":[{"href":"https:\/\/www.europesays.com\/fi\/wp-json\/wp\/v2\/types\/post"}],"author":[{"embeddable":true,"href":"https:\/\/www.europesays.com\/fi\/wp-json\/wp\/v2\/users\/2"}],"replies":[{"embeddable":true,"href":"https:\/\/www.europesays.com\/fi\/wp-json\/wp\/v2\/comments?post=317157"}],"version-history":[{"count":0,"href":"https:\/\/www.europesays.com\/fi\/wp-json\/wp\/v2\/posts\/317157\/revisions"}],"wp:featuredmedia":[{"embeddable":true,"href":"https:\/\/www.europesays.com\/fi\/wp-json\/wp\/v2\/media\/317158"}],"wp:attachment":[{"href":"https:\/\/www.europesays.com\/fi\/wp-json\/wp\/v2\/media?parent=317157"}],"wp:term":[{"taxonomy":"category","embeddable":true,"href":"https:\/\/www.europesays.com\/fi\/wp-json\/wp\/v2\/categories?post=317157"},{"taxonomy":"post_tag","embeddable":true,"href":"https:\/\/www.europesays.com\/fi\/wp-json\/wp\/v2\/tags?post=317157"}],"curies":[{"name":"wp","href":"https:\/\/api.w.org\/{rel}","templated":true}]}}