{"id":31718,"date":"2025-09-11T08:41:08","date_gmt":"2025-09-11T08:41:08","guid":{"rendered":"https:\/\/www.europesays.com\/fi\/31718\/"},"modified":"2025-09-11T08:41:08","modified_gmt":"2025-09-11T08:41:08","slug":"etiopia-otti-kayttoon-afrikan-suurimman-padon-egypti-hermostui-heti-ulkomaat","status":"publish","type":"post","link":"https:\/\/www.europesays.com\/fi\/31718\/","title":{"rendered":"Etiopia otti k\u00e4ytt\u00f6\u00f6n Afrikan suurimman padon \u2013 Egypti hermostui heti | Ulkomaat"},"content":{"rendered":"<p>Juttu tiivistettyn\u00e4<\/p>\n<ul class=\"aw-1jjocuh iJTSwP yle__article__list yle__article__list--ul\">\n<li class=\"aw-1j7gwms kUeLji\">Etiopia vihki k\u00e4ytt\u00f6\u00f6ns\u00e4 Etiopian suuren renessanssipadon, joka aloitti toimintansa vuonna 2022.<\/li>\n<li class=\"aw-1j7gwms kUeLji\">Pato tuottaa s\u00e4hk\u00f6\u00e4, mutta siit\u00e4 hy\u00f6tyy eniten kryptovaluuttalouhinta, eiv\u00e4t kotitaloudet.<\/li>\n<li class=\"aw-1j7gwms kUeLji\">Etiopian s\u00e4hk\u00f6verkko tarvitsisi isoja investointeja, jotta maan s\u00e4hk\u00f6istys etenisi.<\/li>\n<li class=\"aw-1j7gwms kUeLji\">Padon rakentaminen on kirist\u00e4nyt suhteita Egyptiin, joka pelk\u00e4\u00e4 vesivarojen v\u00e4henemist\u00e4.<\/li>\n<\/ul>\n<p class=\"aw-1gybjub aw-1p7kakr cmIuaG fmSRng yle__article__paragraph\">T\u00e4m\u00e4 on teko\u00e4lyn avulla tuotettu, toimittajan tarkistama tiivistelm\u00e4.<\/p>\n<p class=\"aw-1gybjub aw-1p7kakr cmIuaG fmSRng yle__article__paragraph\"><strong class=\"aw-ak79eh KyCXm yle__article__strong\">NAIROBI<\/strong> T\u00e4m\u00e4n viikon tiistai oli It\u00e4-Afrikan Etiopialle t\u00e4rke\u00e4 p\u00e4iv\u00e4. Etiopia vihki virallisesti k\u00e4ytt\u00f6\u00f6n j\u00e4ttim\u00e4isen padon, jolla on juhlava nimi, Etiopian suuri renessanssipato.<\/p>\n<p class=\"aw-1gybjub aw-1p7kakr cmIuaG fmSRng yle__article__paragraph\">Renessanssi tarkoittaa uudelleen syntymist\u00e4.<\/p>\n<p class=\"aw-1gybjub aw-1p7kakr cmIuaG fmSRng yle__article__paragraph\">Pato pantiin alulle vuonna 2011. Hallinto esitteli idean kansalle ajatuksella s\u00e4hk\u00f6st\u00e4 ja kehityksest\u00e4. Kun Afrikan suurin vesivoimapato toimii t\u00e4ydell\u00e4 kapasiteetilla, sen tuotannon pit\u00e4isi olla kaksinkertainen Etiopian patoa edelt\u00e4v\u00e4\u00e4n s\u00e4hk\u00f6ntuotantoon verraten.<\/p>\n<p class=\"aw-1gybjub aw-1p7kakr cmIuaG fmSRng yle__article__paragraph\">Maan s\u00e4hk\u00f6ongelmat eiv\u00e4t silti ole viel\u00e4 ratkenneet.<\/p>\n<p class=\"aw-1gybjub aw-1p7kakr cmIuaG fmSRng yle__article__paragraph\">Etiopian noin 130 miljoonasta asukkaasta <a class=\"aw-iao6s4 iHOxEa yle__article__link\" href=\"https:\/\/www.worldbank.org\/en\/news\/feature\/2025\/01\/24\/lighting-up-eastern-africa-access-to-energy-afe-rural-ethiopia\" role=\"link\" rel=\"nofollow noopener\" target=\"_blank\">60 miljoonalla<\/a> ei ole s\u00e4hk\u00f6\u00e4, arvioi Maailmanpankki. S\u00e4hk\u00f6katkot piinaavat yrityksi\u00e4 jopa p\u00e4\u00e4kaupunki Addis Abebassa.<\/p>\n<p class=\"aw-1gybjub aw-1p7kakr cmIuaG fmSRng yle__article__paragraph\">Padon tuottama ylim\u00e4\u00e4r\u00e4inen s\u00e4hk\u00f6 hy\u00f6dytt\u00e4\u00e4 sen sijaan eniten kryptovaluuttalouhoksia, talouslehti <a class=\"aw-iao6s4 iHOxEa yle__article__link\" href=\"https:\/\/www.economist.com\/middle-east-and-africa\/2025\/09\/08\/the-promise-and-peril-of-ethiopias-new-mega-dam\" role=\"link\" rel=\"nofollow noopener\" target=\"_blank\">The Economist<\/a> kertoo.<\/p>\n<p>S\u00e4hk\u00f6\u00e4 p\u00e4\u00e4tyy naapurimaihin ja kryptolouhintaan<\/p>\n<p class=\"aw-1gybjub aw-1p7kakr cmIuaG fmSRng yle__article__paragraph\">Konsulttiyhti\u00f6 Oxford Economics arvioi, ett\u00e4 pato vahvistaa Etiopian taloutta, koska se luo ylim\u00e4\u00e4r\u00e4ist\u00e4 s\u00e4hk\u00f6\u00e4, mik\u00e4 voidaan myyd\u00e4 naapurimaille.<\/p>\n<p class=\"aw-1gybjub aw-1p7kakr cmIuaG fmSRng yle__article__paragraph\">Etiopialla on rujosti velkaa ja se kaipaa kipe\u00e4sti ulkomaanvaluuttaa. Pato on tahkonnut s\u00e4hk\u00f6\u00e4 vuodesta 2022 l\u00e4htien. Etiopia <a class=\"aw-iao6s4 iHOxEa yle__article__link\" href=\"https:\/\/www.economist.com\/middle-east-and-africa\/2025\/09\/08\/the-promise-and-peril-of-ethiopias-new-mega-dam\" role=\"link\" rel=\"nofollow noopener\" target=\"_blank\">tienaa<\/a> jo nyt noin 100 miljoonaa dollaria vuodessa myym\u00e4ll\u00e4 s\u00e4hk\u00f6\u00e4 Sudaniin, Keniaan ja Dijiboutiin.<\/p>\n<p class=\"aw-1gybjub aw-1p7kakr cmIuaG fmSRng yle__article__paragraph\">Etiopian p\u00e4\u00e4ministerin mukaan pato voisi my\u00f6hemmin tuoda jopa miljardin dollarin vuositulot. Se kuitenkin edellytt\u00e4isi investointeja siirtolinjoihin. Maan s\u00e4hk\u00f6istymisen etenemisen vaatisi sekin investointeja s\u00e4hk\u00f6verkkoon.<\/p>\n<p class=\"aw-1gybjub aw-1p7kakr cmIuaG fmSRng yle__article__paragraph\">Yleisesti vakaamman s\u00e4hk\u00f6ntarjonnan pit\u00e4isi auttaa ulkomaisten investointien houkuttelemisessa. Viime vuosina Etiopiaan on tullut <a class=\"aw-iao6s4 iHOxEa yle__article__link\" href=\"https:\/\/www.economist.com\/middle-east-and-africa\/2024\/03\/07\/why-africa-is-cryptos-next-frontier\" role=\"link\" rel=\"nofollow noopener\" target=\"_blank\">etenkin<\/a> kiinalaisia ja ven\u00e4l\u00e4isi\u00e4 kryptovaluuttojen louhijoita.<\/p>\n<p class=\"aw-1gybjub aw-1p7kakr cmIuaG fmSRng yle__article__paragraph\">Kryptolouhijoilla on omat voimalinjat, ja Economistin mukaan niiden datakeskusten ennakoidaan kuluttavan liki kolmanneksen Etiopian s\u00e4hk\u00f6st\u00e4 t\u00e4n\u00e4 vuonna.<\/p>\n<p class=\"aw-1gybjub aw-1p7kakr cmIuaG fmSRng yle__article__paragraph\">\u2013 Patoa ei rakennettu alun perin t\u00e4t\u00e4 varten. Sen tarkoitus oli vastata kotitalouksien tarpeisiin, vanhempi tutkija <strong class=\"aw-ak79eh KyCXm yle__article__strong\">Jonah Wedekind<\/strong> saksalaisesta Arnold-Bergstraesser-Institutesta sanoo Ylelle.<\/p>\n<p class=\"aw-1gybjub aw-1p7kakr cmIuaG fmSRng yle__article__paragraph\"><strong class=\"aw-ak79eh KyCXm yle__article__strong\">Alla oleva video n\u00e4ytt\u00e4\u00e4, miten suuri pato on ja millaista vihkimistilaisuudessa oli.<\/strong><\/p>\n<p class=\"aw-1gybjub aw-1p7kakr cmIuaG fmSRng yle__article__paragraph\">Tilanne her\u00e4tt\u00e4\u00e4 Etiopiassa pohdintaa siit\u00e4, miten patoa hy\u00f6dynnet\u00e4\u00e4n.<\/p>\n<p>Kansa innostui rahoittamaan patoa<\/p>\n<p class=\"aw-1gybjub aw-1p7kakr cmIuaG fmSRng yle__article__paragraph\">Oxford Economicsin mukaan patoprojekti osoitti, ett\u00e4 Afrikassa voidaan tehd\u00e4 valtavia infrastruktuuriprojekteja, jotka rahoitetaan kotimaisin voimin ja ilman riippuvuutta kiinalaisesta tai l\u00e4nsimaisesta p\u00e4\u00e4omasta.<\/p>\n<p class=\"aw-1gybjub aw-1p7kakr cmIuaG fmSRng yle__article__paragraph\">Kansa l\u00e4hti innolla mukaan patoprojektiin. Paikallismedian mukaan etiopialaiset rahoittivat liki kymmenesosan padosta lahjoituksilla ja ostamalla velkakirjoja, <a class=\"aw-iao6s4 iHOxEa yle__article__link\" href=\"https:\/\/www.reuters.com\/sustainability\/boards-policy-regulation\/ethiopia-launches-africas-largest-hydroelectric-dam-2025-09-09\/\" role=\"link\" rel=\"nofollow noopener\" target=\"_blank\">Reuters<\/a> kertoo.<\/p>\n<p class=\"aw-1gybjub aw-1p7kakr cmIuaG fmSRng yle__article__paragraph\">\u2013 Lupasin itselleni, ett\u00e4 teen kaikkeni auttaakseni padon valmistumisessa, sanoi sairaanhoitaja <strong class=\"aw-ak79eh KyCXm yle__article__strong\">Kiros Asfar<\/strong> Britannian yleisradioyhti\u00f6 <a class=\"aw-iao6s4 iHOxEa yle__article__link\" href=\"https:\/\/www.bbc.com\/news\/articles\/cr4qx6377qgo\" role=\"link\" rel=\"nofollow noopener\" target=\"_blank\">BBC:lle<\/a>.<\/p>\n<p class=\"aw-1gybjub aw-1p7kakr cmIuaG fmSRng yle__article__paragraph\">Asfar kertoi ostaneensa valtion velkakirjoja yli sata kertaa.<\/p>\n<p class=\"aw-1gybjub aw-1p7kakr cmIuaG fmSRng yle__article__paragraph\">Se, ett\u00e4 kansalaiset rahoittivat patoa, antoi Etiopialle mahdollisuuden esitt\u00e4\u00e4 sen ik\u00e4\u00e4nkuin kaikkien etiopialaisten yhteisen\u00e4 kehityshankkeena.<\/p>\n<p class=\"aw-1gybjub aw-1p7kakr cmIuaG fmSRng yle__article__paragraph\">\u2013 Kyseess\u00e4 oli siis kansakunnanrakentamisprojekti, tutkija Wedekind sanoo.<\/p>\n<p><img decoding=\"async\" alt=\"Pato Etiopiassa.\" src=\"https:\/\/www.europesays.com\/fi\/wp-content\/uploads\/2025\/09\/39-151967368c011dc69d54.jpeg\" loading=\"lazy\" class=\"aw-1l9m598 hKVVvP\"\/><\/p>\n<p>Avaa kuvien katselu<\/p>\n<p>Patovalli on 145 metri\u00e4 korkea. Kuva: EPAPato on kirist\u00e4nyt v\u00e4lej\u00e4 naapureihin<\/p>\n<p class=\"aw-1gybjub aw-1p7kakr cmIuaG fmSRng yle__article__paragraph\">Etiopian patoprojekti on lis\u00e4nnyt j\u00e4nnitteit\u00e4 muutenkin ep\u00e4vakaalla alueella.<\/p>\n<p class=\"aw-1gybjub aw-1p7kakr cmIuaG fmSRng yle__article__paragraph\">Naapurimaa Egypti on vastustanut patoa alusta asti. Se saa yli 90 prosenttia vedest\u00e4\u00e4n Niilist\u00e4. Egypti pelk\u00e4\u00e4, ett\u00e4 pato v\u00e4hent\u00e4\u00e4 virtausta Niilin alajuoksulla.<\/p>\n<p class=\"aw-1gybjub aw-1p7kakr cmIuaG fmSRng yle__article__paragraph\">Pato on rakennettu Siniselle-Niilille, joka tuo <a class=\"aw-iao6s4 iHOxEa yle__article__link\" href=\"https:\/\/www.ft.com\/content\/eebbf2c5-9168-423b-9b01-7c6ec33e9091\" role=\"link\" rel=\"nofollow noopener\" target=\"_blank\">85 prosenttia<\/a> Niilin vesim\u00e4\u00e4r\u00e4st\u00e4. Sininen-Niili ja Valkoinen-Niili yhdistyv\u00e4t Niiliksi Sudanissa.<\/p>\n<p class=\"aw-1gybjub aw-1p7kakr cmIuaG fmSRng yle__article__paragraph\"><strong class=\"aw-ak79eh KyCXm yle__article__strong\">Alla oleva karttaa n\u00e4ytt\u00e4\u00e4 padon sijainnin.<\/strong><\/p>\n<p><img decoding=\"async\" alt=\"Kartalla Niilin vesist\u00f6\u00e4 Etiopiasta Sudanin kautta Egyptiin ja suuren padon sijainti Etiopiassa.\" src=\"https:\/\/www.europesays.com\/fi\/wp-content\/uploads\/2025\/09\/39-151898468bec3e5a37e6.png\" loading=\"lazy\" class=\"aw-1l9m598 hKVVvP\"\/><\/p>\n<p>Avaa kuvien katselu<\/p>\n<p>Kuva: Harri V\u00e4h\u00e4kangas \/ Yle, MapCreator, OpenStreetMap<\/p>\n<p class=\"aw-1gybjub aw-1p7kakr cmIuaG fmSRng yle__article__paragraph\">My\u00f6s Sudan on padosta huolissaan, mutta se voi my\u00f6s hy\u00f6ty\u00e4 siit\u00e4. Neuvottelut maiden v\u00e4lill\u00e4 eiv\u00e4t ole tuoneet tulosta.<\/p>\n<p class=\"aw-1gybjub aw-1p7kakr cmIuaG fmSRng yle__article__paragraph\">Egypti reagoi padon viralliseen vihkimiseen l\u00e4hett\u00e4m\u00e4ll\u00e4 YK:n turvallisuusneuvostolle protestikirjeen, miss\u00e4 se kuvaa sit\u00e4 \u201dyksipuoliseksi toimeksi, joka rikkoo kansainv\u00e4list\u00e4 lakia\u201d.<\/p>\n<p class=\"aw-1gybjub aw-1p7kakr cmIuaG fmSRng yle__article__paragraph\">Lis\u00e4ksi Egypti sanoi pit\u00e4v\u00e4ns\u00e4 oikeutenaan k\u00e4ytt\u00e4\u00e4 \u201dkaikkia kansainv\u00e4lisen lain ja YK:n peruskirjan sallimia keinoja\u201d puolustaakseen etujaan.<\/p>\n<p>Egypti uhkasi pommittaa patoa<\/p>\n<p class=\"aw-1gybjub aw-1p7kakr cmIuaG fmSRng yle__article__paragraph\">Aikanaan Egypti on jopa uhannut pommittaa patoa. Yhdysvaltain presidentti <strong class=\"aw-ak79eh KyCXm yle__article__strong\">Donald Trump<\/strong> <a class=\"aw-iao6s4 iHOxEa yle__article__link\" href=\"https:\/\/www.bbc.com\/news\/world-africa-54674313\" role=\"link\" rel=\"nofollow noopener\" target=\"_blank\">kommentoi<\/a> ensimm\u00e4isell\u00e4 kaudellaan, ettei Egypti p\u00e4rj\u00e4\u00e4 padon kanssa ja saattaa \u201dr\u00e4j\u00e4ytt\u00e4\u00e4\u201d sen.<\/p>\n<p class=\"aw-1gybjub aw-1p7kakr cmIuaG fmSRng yle__article__paragraph\">\u2013 Se olisi rajua eskalointia, enk\u00e4 usko sellaista nyt tapahtuvan, tutkija Wedekind sanoo.<\/p>\n<p class=\"aw-1gybjub aw-1p7kakr cmIuaG fmSRng yle__article__paragraph\">Jotain Egypti on kuitenkin tehnyt. Sen on kerrottu \u00e4skett\u00e4in aloittaneen aseiden l\u00e4hett\u00e4misen etiopialaiselle kapinallisjoukolle, joka taistelee hallintoa vastaan. Lis\u00e4ksi se on vahvistanut siteit\u00e4\u00e4n Eritreaan, jolla on Etiopian kanssa vaikeat v\u00e4lit.<\/p>\n<p class=\"aw-1gybjub aw-1p7kakr cmIuaG fmSRng yle__article__paragraph\">Asiantuntijat ovat <a class=\"aw-iao6s4 iHOxEa yle__article__link\" href=\"https:\/\/www.economist.com\/middle-east-and-africa\/2025\/09\/08\/the-promise-and-peril-of-ethiopias-new-mega-dam\" role=\"link\" rel=\"nofollow noopener\" target=\"_blank\">The Economistin<\/a> mukaan erimielisi\u00e4 siit\u00e4, millaisen uhan pato Egyptille aiheuttaa.<\/p>\n<p class=\"aw-1gybjub aw-1p7kakr cmIuaG fmSRng yle__article__paragraph\">T\u00e4h\u00e4n menness\u00e4 pato ei n\u00e4yt\u00e4 v\u00e4hent\u00e4neen vesim\u00e4\u00e4ri\u00e4 alajuoksulla selv\u00e4sti. T\u00e4m\u00e4 johtuu osin suotuisista sadem\u00e4\u00e4rist\u00e4 ja siit\u00e4, ett\u00e4 patoa on t\u00e4ytetty harkiten viiden vuoden ajan, <a class=\"aw-iao6s4 iHOxEa yle__article__link\" href=\"https:\/\/www.reuters.com\/sustainability\/boards-policy-regulation\/ethiopia-launches-africas-largest-hydroelectric-dam-2025-09-09\/\" role=\"link\" rel=\"nofollow noopener\" target=\"_blank\">Reuters kertoo<\/a>.<\/p>\n<p class=\"aw-1gybjub aw-1p7kakr cmIuaG fmSRng yle__article__paragraph\">Tilanne voi olla toinen pitkittyneen kuivuuden aikana.<\/p>\n<p>Etiopia vakuuttelee, ett\u00e4 pato on harmiton<\/p>\n<p class=\"aw-1gybjub aw-1p7kakr cmIuaG fmSRng yle__article__paragraph\">Etiopian mukaan sen naapureiden huolet ovat turhia.<\/p>\n<p class=\"aw-1gybjub aw-1p7kakr cmIuaG fmSRng yle__article__paragraph\">\u2013 Etiopia rakensi t\u00e4m\u00e4n padon vaurastuttaakseen ja s\u00e4hk\u00f6ist\u00e4\u00e4kseen koko alueen ja muuttaakseen mustien historian, Etiopian p\u00e4\u00e4ministeri <strong class=\"aw-ak79eh KyCXm yle__article__strong\">Abiy Ahmed<\/strong> sanoi patojuhlallisuuksissa uutistoimisto Reutersin mukaan.<\/p>\n<p class=\"aw-1gybjub aw-1p7kakr cmIuaG fmSRng yle__article__paragraph\">\u2013 Sen ei miss\u00e4\u00e4n nimess\u00e4 ole tarkoitus vahingoittaa velji\u00e4mme, p\u00e4\u00e4ministeri jatkoi viitaten veljill\u00e4 sudanilaisiin ja egyptil\u00e4isiin.<\/p>\n<p class=\"aw-1gybjub aw-1p7kakr cmIuaG fmSRng yle__article__paragraph\">Juhlallisuuksien j\u00e4lkeen maiden pit\u00e4\u00e4 palata neuvottelup\u00f6yt\u00e4\u00e4n. Tutkija Jonah Wedekindin mukaan niiden pit\u00e4\u00e4 nyt keskustella esimerkiksi siit\u00e4, kuinka paljon vett\u00e4 padosta alavirtaan lasketaan.<\/p>\n<p><img decoding=\"async\" alt=\"Mies pit\u00e4\u00e4 lavalla puhetta.\" src=\"https:\/\/www.europesays.com\/fi\/wp-content\/uploads\/2025\/09\/39-151955768c001d1a9efa.jpeg\" loading=\"lazy\" class=\"aw-1l9m598 hKVVvP\"\/><\/p>\n<p>Avaa kuvien katselu<\/p>\n<p>Etiopian p\u00e4\u00e4ministeri Abiy Ahmed sanoi avajaisissa, ettei pato vaikuta alajuoksun maiden kehitykseen. Kuva: EPA<\/p>\n","protected":false},"excerpt":{"rendered":"Juttu tiivistettyn\u00e4 Etiopia vihki k\u00e4ytt\u00f6\u00f6ns\u00e4 Etiopian suuren renessanssipadon, joka aloitti toimintansa vuonna 2022. Pato tuottaa s\u00e4hk\u00f6\u00e4, mutta siit\u00e4&hellip;\n","protected":false},"author":2,"featured_media":31719,"comment_status":"","ping_status":"","sticky":false,"template":"","format":"standard","meta":{"footnotes":""},"categories":[14],"tags":[9353,8630,22,23,9350,2038,9349,26,27,33,31,30,17,8631,24,25,28,29,15,18,21,9352,2007,7497,32,19,20,56,16,2555,9351,59,60,61],"class_list":{"0":"post-31718","1":"post","2":"type-post","3":"status-publish","4":"format-standard","5":"has-post-thumbnail","7":"category-ulkomaat","8":"tag-abiy-ahmed","9":"tag-afrikka","10":"tag-breaking-news","11":"tag-breakingnews","12":"tag-egypti","13":"tag-energia","14":"tag-etiopia","15":"tag-featured-news","16":"tag-featurednews","17":"tag-fi","18":"tag-finland","19":"tag-finnish","20":"tag-headlines","21":"tag-ita-afrikka","22":"tag-latest-news","23":"tag-latestnews","24":"tag-main-news","25":"tag-mainnews","26":"tag-news","27":"tag-otsikot","28":"tag-paauutiset","29":"tag-patorakennelma","30":"tag-sahko","31":"tag-sahkontuotanto","32":"tag-suomi","33":"tag-top-stories","34":"tag-topstories","35":"tag-ulkomaat","36":"tag-uutiset","37":"tag-valtiontalous","38":"tag-vesivoima","39":"tag-world","40":"tag-world-news","41":"tag-worldnews"},"share_on_mastodon":{"url":"","error":""},"_links":{"self":[{"href":"https:\/\/www.europesays.com\/fi\/wp-json\/wp\/v2\/posts\/31718","targetHints":{"allow":["GET"]}}],"collection":[{"href":"https:\/\/www.europesays.com\/fi\/wp-json\/wp\/v2\/posts"}],"about":[{"href":"https:\/\/www.europesays.com\/fi\/wp-json\/wp\/v2\/types\/post"}],"author":[{"embeddable":true,"href":"https:\/\/www.europesays.com\/fi\/wp-json\/wp\/v2\/users\/2"}],"replies":[{"embeddable":true,"href":"https:\/\/www.europesays.com\/fi\/wp-json\/wp\/v2\/comments?post=31718"}],"version-history":[{"count":0,"href":"https:\/\/www.europesays.com\/fi\/wp-json\/wp\/v2\/posts\/31718\/revisions"}],"wp:featuredmedia":[{"embeddable":true,"href":"https:\/\/www.europesays.com\/fi\/wp-json\/wp\/v2\/media\/31719"}],"wp:attachment":[{"href":"https:\/\/www.europesays.com\/fi\/wp-json\/wp\/v2\/media?parent=31718"}],"wp:term":[{"taxonomy":"category","embeddable":true,"href":"https:\/\/www.europesays.com\/fi\/wp-json\/wp\/v2\/categories?post=31718"},{"taxonomy":"post_tag","embeddable":true,"href":"https:\/\/www.europesays.com\/fi\/wp-json\/wp\/v2\/tags?post=31718"}],"curies":[{"name":"wp","href":"https:\/\/api.w.org\/{rel}","templated":true}]}}