{"id":317225,"date":"2026-08-04T22:51:13","date_gmt":"2026-08-04T22:51:13","guid":{"rendered":"https:\/\/www.europesays.com\/fi\/317225\/"},"modified":"2026-08-04T22:51:13","modified_gmt":"2026-08-04T22:51:13","slug":"tahkolla-jarjestetaan-loylyjen-tayteinen-teemaviikko-savo","status":"publish","type":"post","link":"https:\/\/www.europesays.com\/fi\/317225\/","title":{"rendered":"Tahkolla j\u00e4rjestet\u00e4\u00e4n l\u00f6ylyjen t\u00e4yteinen teemaviikko | Savo"},"content":{"rendered":"<p>Tahkolla j\u00e4rjestet\u00e4\u00e4n perisuomalainen teemaviikko 12.\u201316. elokuuta, kun Saunafest kokoaa ensimm\u00e4ist\u00e4 kertaa yhteen alueen saunakohteet.<\/p>\n<p>Teemaviikon aikana vierailijat voivat suunnitella oman saunareittins\u00e4 erilaisten saunakokemuksien ymp\u00e4rille. Saunomista voi harrastaa esimerkiksi j\u00e4rven rannalla sijaitsevassa l\u00f6ylykontissa, saunalautalla ja kylpyl\u00f6iden saunamaailmoissa.<\/p>\n<p>Viikon aikana voi kiert\u00e4\u00e4 yli 15 saunakohdetta ja osallistua saunojen lis\u00e4ksi muun muassa \u00e4\u00e4nimaljarentoutukseen ja Tahkon tuunatuin vihta -kilpailuun.<\/p>\n<p>Tiedotteessa kerrotaan, ett\u00e4 hyvinvointi- ja luontoel\u00e4myksi\u00e4 etsivien matkailijoiden m\u00e4\u00e4r\u00e4n kasvaessa my\u00f6s kiinnostus suomalaista saunakulttuuria kohtaan vahvistuu. Tahko Saunafest on alueen matkailuyritysten yhteinen panostus ymp\u00e4rivuotisen matkailun kehitt\u00e4miseen. Teemaviikosta on tarkoitus rakentaa vuosittainen tapahtuma.<\/p>\n","protected":false},"excerpt":{"rendered":"Tahkolla j\u00e4rjestet\u00e4\u00e4n perisuomalainen teemaviikko 12.\u201316. elokuuta, kun Saunafest kokoaa ensimm\u00e4ist\u00e4 kertaa yhteen alueen saunakohteet. Teemaviikon aikana vierailijat voivat&hellip;\n","protected":false},"author":2,"featured_media":317226,"comment_status":"","ping_status":"","sticky":false,"template":"","format":"standard","meta":{"footnotes":"","_share_on_mastodon":"0"},"categories":[12],"tags":[22,23,2110,26,27,33,31,30,17,2373,24,25,28,29,923,15,18,21,32,19,20,16,2107],"class_list":["post-317225","post","type-post","status-publish","format-standard","has-post-thumbnail","category-suomi","tag-breaking-news","tag-breakingnews","tag-elamantapa-ja-vapaa-aika","tag-featured-news","tag-featurednews","tag-fi","tag-finland","tag-finnish","tag-headlines","tag-kylpeminen-ja-saunominen","tag-latest-news","tag-latestnews","tag-main-news","tag-mainnews","tag-matkustaminen","tag-news","tag-otsikot","tag-paauutiset","tag-suomi","tag-top-stories","tag-topstories","tag-uutiset","tag-vapaa-aika"],"share_on_mastodon":{"url":"https:\/\/pubeurope.com\/@fi\/117039692941170730","error":""},"_links":{"self":[{"href":"https:\/\/www.europesays.com\/fi\/wp-json\/wp\/v2\/posts\/317225","targetHints":{"allow":["GET"]}}],"collection":[{"href":"https:\/\/www.europesays.com\/fi\/wp-json\/wp\/v2\/posts"}],"about":[{"href":"https:\/\/www.europesays.com\/fi\/wp-json\/wp\/v2\/types\/post"}],"author":[{"embeddable":true,"href":"https:\/\/www.europesays.com\/fi\/wp-json\/wp\/v2\/users\/2"}],"replies":[{"embeddable":true,"href":"https:\/\/www.europesays.com\/fi\/wp-json\/wp\/v2\/comments?post=317225"}],"version-history":[{"count":0,"href":"https:\/\/www.europesays.com\/fi\/wp-json\/wp\/v2\/posts\/317225\/revisions"}],"wp:featuredmedia":[{"embeddable":true,"href":"https:\/\/www.europesays.com\/fi\/wp-json\/wp\/v2\/media\/317226"}],"wp:attachment":[{"href":"https:\/\/www.europesays.com\/fi\/wp-json\/wp\/v2\/media?parent=317225"}],"wp:term":[{"taxonomy":"category","embeddable":true,"href":"https:\/\/www.europesays.com\/fi\/wp-json\/wp\/v2\/categories?post=317225"},{"taxonomy":"post_tag","embeddable":true,"href":"https:\/\/www.europesays.com\/fi\/wp-json\/wp\/v2\/tags?post=317225"}],"curies":[{"name":"wp","href":"https:\/\/api.w.org\/{rel}","templated":true}]}}