{"id":31730,"date":"2025-09-11T08:59:16","date_gmt":"2025-09-11T08:59:16","guid":{"rendered":"https:\/\/www.europesays.com\/fi\/31730\/"},"modified":"2025-09-11T08:59:16","modified_gmt":"2025-09-11T08:59:16","slug":"progemetallia-kansalle-leprous-saapuu-suomeen-kolmelle-keikalle","status":"publish","type":"post","link":"https:\/\/www.europesays.com\/fi\/31730\/","title":{"rendered":"Progemetallia kansalle &#8211; Leprous saapuu Suomeen kolmelle keikalle"},"content":{"rendered":"<p>Leprous kiert\u00e4\u00e4 alkuvuodesta Eurooppaa Melodies of Atonement -albuminsa tiimoilta ja saapuu kiertueen merkeiss\u00e4 my\u00f6s Suomeen.<\/p>\n<p>Progemetalliyhtye n\u00e4hd\u00e4\u00e4n meill\u00e4 12. helmikuuta Tavara-asemalla Tampereella, seuraavana p\u00e4iv\u00e4n\u00e4 Helsingin Vanhalla ylioppilastalolla, ja kolmen keikan vierailu p\u00e4\u00e4ttyy Sein\u00e4joen Rytmikorjaamolle yst\u00e4v\u00e4np\u00e4iv\u00e4n\u00e4 14. helmikuuta. Kaikkien keikkojen liput tulevat myyntiin perjantaina 12. syyskuuta kello 11.<\/p>\n<p><img loading=\"lazy\" decoding=\"async\" alt=\"YouTube video\" width=\"480\" height=\"360\" data-pin-nopin=\"true\" nopin=\"nopin\" class=\"perfmatters-lazy\" src=\"https:\/\/www.europesays.com\/fi\/wp-content\/uploads\/2025\/09\/1757581156_372_hqdefault.jpg\"\/><\/p>\n","protected":false},"excerpt":{"rendered":"Leprous kiert\u00e4\u00e4 alkuvuodesta Eurooppaa Melodies of Atonement -albuminsa tiimoilta ja saapuu kiertueen merkeiss\u00e4 my\u00f6s Suomeen. Progemetalliyhtye n\u00e4hd\u00e4\u00e4n meill\u00e4&hellip;\n","protected":false},"author":2,"featured_media":30841,"comment_status":"","ping_status":"","sticky":false,"template":"","format":"standard","meta":{"footnotes":""},"categories":[132],"tags":[137,33,31,30,195,47,32,109],"class_list":{"0":"post-31730","1":"post","2":"type-post","3":"status-publish","4":"format-standard","5":"has-post-thumbnail","7":"category-musiikki","8":"tag-entertainment","9":"tag-fi","10":"tag-finland","11":"tag-finnish","12":"tag-music","13":"tag-musiikki","14":"tag-suomi","15":"tag-viihde"},"share_on_mastodon":{"url":"","error":""},"_links":{"self":[{"href":"https:\/\/www.europesays.com\/fi\/wp-json\/wp\/v2\/posts\/31730","targetHints":{"allow":["GET"]}}],"collection":[{"href":"https:\/\/www.europesays.com\/fi\/wp-json\/wp\/v2\/posts"}],"about":[{"href":"https:\/\/www.europesays.com\/fi\/wp-json\/wp\/v2\/types\/post"}],"author":[{"embeddable":true,"href":"https:\/\/www.europesays.com\/fi\/wp-json\/wp\/v2\/users\/2"}],"replies":[{"embeddable":true,"href":"https:\/\/www.europesays.com\/fi\/wp-json\/wp\/v2\/comments?post=31730"}],"version-history":[{"count":0,"href":"https:\/\/www.europesays.com\/fi\/wp-json\/wp\/v2\/posts\/31730\/revisions"}],"wp:featuredmedia":[{"embeddable":true,"href":"https:\/\/www.europesays.com\/fi\/wp-json\/wp\/v2\/media\/30841"}],"wp:attachment":[{"href":"https:\/\/www.europesays.com\/fi\/wp-json\/wp\/v2\/media?parent=31730"}],"wp:term":[{"taxonomy":"category","embeddable":true,"href":"https:\/\/www.europesays.com\/fi\/wp-json\/wp\/v2\/categories?post=31730"},{"taxonomy":"post_tag","embeddable":true,"href":"https:\/\/www.europesays.com\/fi\/wp-json\/wp\/v2\/tags?post=31730"}],"curies":[{"name":"wp","href":"https:\/\/api.w.org\/{rel}","templated":true}]}}