{"id":317453,"date":"2026-08-05T05:49:17","date_gmt":"2026-08-05T05:49:17","guid":{"rendered":"https:\/\/www.europesays.com\/fi\/317453\/"},"modified":"2026-08-05T05:49:17","modified_gmt":"2026-08-05T05:49:17","slug":"seinajoki-ottaa-vastuun-paukanevan-retkeilyreitista-metsahallituksen-saastopaineiden-alla-etela-pohjanmaa","status":"publish","type":"post","link":"https:\/\/www.europesays.com\/fi\/317453\/","title":{"rendered":"Sein\u00e4joki ottaa vastuun Paukanevan retkeilyreitist\u00e4 Mets\u00e4hallituksen s\u00e4\u00e4st\u00f6paineiden alla | Etel\u00e4-Pohjanmaa"},"content":{"rendered":"<p class=\"aw__sc-1qwuw0s-0 aw__sc-1vg2sqm-0 epAWpq ecELkD yle__article__paragraph\">Alle 10 kilometrin p\u00e4\u00e4ss\u00e4 kaupungin keskustasta sijaitseva suoalue on yksi Sein\u00e4joen alueen Natura 2000 -suojelukohteista.<\/p>\n<p><img decoding=\"async\" alt=\"Sein\u00e4joella Paukanevan esteet\u00f6nt\u00e4 reitti\u00e4 kunnostetaan. \" src=\"https:\/\/www.europesays.com\/fi\/wp-content\/uploads\/2026\/08\/1686481557.jpeg\" class=\"aw__sc-dklauk-0 LPzKX\"\/><\/p>\n<p>Avaa kuvien katselu<\/p>\n<p>Paukanevan pitkospuiden uusintaty\u00f6t alkoivat vuonna 2023 esteett\u00f6m\u00e4st\u00e4 reitist\u00e4. Arkistokuva. Kuva: Birgitta Vuorela \/ Yle<\/p>\n<ul class=\"aw__sc-1yb43iq-0 gFXHv yle__article__list yle__article__list--ul\">\n<li class=\"aw__sc-1yb43iq-1 gVAzbt\">Sein\u00e4joen kaupunki vuokraa Paukanevan retkeilyreitin Mets\u00e4hallitukselta vuoteen 2035 asti. Hallinta ja yll\u00e4pito siirtyv\u00e4t kaupungille.<\/li>\n<li class=\"aw__sc-1yb43iq-1 gVAzbt\">Mets\u00e4hallitus linjasi kes\u00e4kuussa, ett\u00e4 kunnat tarvitaan yll\u00e4pit\u00e4m\u00e4\u00e4n omien alueidensa retkeilyalueita s\u00e4\u00e4st\u00f6jen takia.<\/li>\n<li class=\"aw__sc-1yb43iq-1 gVAzbt\">Paukanevalle ei ole suunnitteilla pitkospuiden uusimisen j\u00e4lkeen suurempia investointeja, vaan alueen kulut koostuvat p\u00e4\u00e4osin yll\u00e4pitokustannuksista.<\/li>\n<\/ul>\n<p class=\"aw__sc-1qwuw0s-0 aw__sc-ngllmo-0 epAWpq fzYpjk yle__article__paragraph\">Sein\u00e4joen kaupunki on vuokrannut Paukanevan retkeilyreitin haltijuuden Mets\u00e4hallitukselta.<\/p>\n<p class=\"aw__sc-1qwuw0s-0 aw__sc-ngllmo-0 epAWpq fzYpjk yle__article__paragraph\">Sopimuksella Paukanevan reitit, rakenteet ja rakennelmien hallinta sek\u00e4 yll\u00e4pito siirtyv\u00e4t kaupungin vastuulle. Sopimus on voimassa vuoteen 2035 asti.<\/p>\n<p class=\"aw__sc-1qwuw0s-0 aw__sc-ngllmo-0 epAWpq fzYpjk yle__article__paragraph\">T\u00e4h\u00e4n asti kaupunki on kunnostanut retkeilyreitti\u00e4 yhteisty\u00f6ss\u00e4 Mets\u00e4hallituksen kanssa.<\/p>\n<p>Taustalla valtakunnalliset s\u00e4\u00e4st\u00f6talkoot<\/p>\n<p class=\"aw__sc-1qwuw0s-0 aw__sc-ngllmo-0 epAWpq fzYpjk yle__article__paragraph\">Mets\u00e4hallitus linjasi kes\u00e4kuun alussa, ett\u00e4 kaupunkeja ja kuntia tarvitaan yll\u00e4pit\u00e4m\u00e4\u00e4n omien alueidensa retkeilyalueita Mets\u00e4hallituksen s\u00e4\u00e4st\u00f6paineiden takia.<\/p>\n<p class=\"aw__sc-1qwuw0s-0 aw__sc-ngllmo-0 epAWpq fzYpjk yle__article__paragraph\">Kansallispuistot ja valtion omistamat retkeilyalueet ovat <a class=\"aw__sc-ngllmo-1 bTDnwX yle__article__link\" href=\"https:\/\/yle.fi\/a\/74-20232991\" role=\"link\" rel=\"nofollow noopener\" target=\"_blank\">s\u00e4ilytett\u00e4vien kohteiden listalla<\/a>, muuten Mets\u00e4hallitus etsii alueille uusia yll\u00e4pit\u00e4ji\u00e4. Jos yll\u00e4pit\u00e4j\u00e4\u00e4 ei l\u00f6ydy, yll\u00e4pito loppuu.<\/p>\n<p class=\"aw__sc-1qwuw0s-0 aw__sc-ngllmo-0 epAWpq fzYpjk yle__article__paragraph\">Sein\u00e4joella Paukanevan hallinnan siirt\u00e4misest\u00e4 on k\u00e4yty neuvotteluja jo pidemm\u00e4n aikaa, kertoo Sein\u00e4joen kaupungin liikuntatoimenjohtaja <strong class=\"aw__sc-ngllmo-2 gdRrun yle__article__strong\">Jari M\u00e4kel\u00e4<\/strong>.<\/p>\n<p class=\"aw__sc-1qwuw0s-0 aw__sc-ngllmo-0 epAWpq fzYpjk yle__article__paragraph\">Kaupungin liikuntapalvelut ovat kunnostaneet ja uudistaneet reitist\u00f6\u00e4 vuosien mittaan Mets\u00e4hallituksen luvalla ja yhteisty\u00f6ll\u00e4.<\/p>\n<p>L\u00e4hitulevaisuudessa yll\u00e4pitoa<\/p>\n<p class=\"aw__sc-1qwuw0s-0 aw__sc-ngllmo-0 epAWpq fzYpjk yle__article__paragraph\">Paukanevan alueen yll\u00e4pit\u00e4misen kokonaiskustannukset tulevat olemaan maltilliset, M\u00e4kel\u00e4 kertoo.<\/p>\n<p class=\"aw__sc-1qwuw0s-0 aw__sc-ngllmo-0 epAWpq fzYpjk yle__article__paragraph\">Eniten rahaa viime vuosina on kulunut pitkospuiden uusimiseen. Reitin uudet pitkospuut on valmistettu kuusesta ja niiden uusimiseen tehtiin ty\u00f6m\u00e4\u00e4r\u00e4llisesti ja taloudellisesti iso investointi.<\/p>\n<p class=\"aw__sc-1qwuw0s-0 aw__sc-ngllmo-0 epAWpq fzYpjk yle__article__paragraph\">Pitkospuita on uusittu vuodesta 2023 vuodesta alkaen, esteett\u00f6m\u00e4st\u00e4 reitist\u00e4 l\u00e4htien.<\/p>\n<p class=\"aw__sc-1qwuw0s-0 aw__sc-ngllmo-0 epAWpq fzYpjk yle__article__paragraph\">\u2013 Nyt alkaa olla valmista, M\u00e4kel\u00e4 kertoo.<\/p>\n<p class=\"aw__sc-1qwuw0s-0 aw__sc-ngllmo-0 epAWpq fzYpjk yle__article__paragraph\">Uusimisty\u00f6h\u00f6n investoitiin yhteens\u00e4 noin 150 tuhatta euroa, johon saatiin kolmannes eli noin 50 000 euroa Suomi liikkeelle -hankeavustusta.<\/p>\n<p class=\"aw__sc-1qwuw0s-0 aw__sc-ngllmo-0 epAWpq fzYpjk yle__article__paragraph\">Paukanevalle ei ole t\u00e4ll\u00e4 hetkell\u00e4 suunnitteilla muita suurempia hankkeita hallinnan siirtymisen ja pitkospuiden uusimisurakan p\u00e4\u00e4ttymisen j\u00e4lkeen, vaan alueen kulut koostuvat p\u00e4\u00e4osin yll\u00e4pitokustannuksista.<\/p>\n<p class=\"aw__sc-1qwuw0s-0 aw__sc-ngllmo-0 epAWpq fzYpjk yle__article__paragraph\">Alueelta l\u00f6ytyv\u00e4t pitkospuiden lis\u00e4ksi muun muassa nuotiopaikka ja n\u00e4k\u00f6alapaikka.<\/p>\n<p class=\"aw__sc-1qwuw0s-0 aw__sc-ngllmo-0 epAWpq fzYpjk yle__article__paragraph\">M\u00e4kel\u00e4 kertoo, ett\u00e4 Paukaneva on t\u00e4ll\u00e4 hetkell\u00e4 hyv\u00e4ss\u00e4 kunnossa. Kohteella on muiden ulkoliikuntapaikkojen, reitist\u00f6jen ja kuntoratojen tavoin iso arvo kaupungille.<\/p>\n<p class=\"aw__sc-1qwuw0s-0 aw__sc-ngllmo-0 epAWpq fzYpjk yle__article__paragraph\">\u2013 Me tehd\u00e4\u00e4n n\u00e4ihin pitk\u00e4j\u00e4nteisesti kehitysty\u00f6t\u00e4. Alueet antavat mahdollisuuden liikkua jokaiselle ja nyt kun ollaan tehty n\u00e4it\u00e4 uudistuksia ja investointeja Paukanevalle, toivotaan, ett\u00e4 ihmiset l\u00f6yt\u00e4isiv\u00e4t viel\u00e4 paremmin paikalle.<\/p>\n","protected":false},"excerpt":{"rendered":"Alle 10 kilometrin p\u00e4\u00e4ss\u00e4 kaupungin keskustasta sijaitseva suoalue on yksi Sein\u00e4joen alueen Natura 2000 -suojelukohteista. Avaa kuvien katselu&hellip;\n","protected":false},"author":2,"featured_media":317454,"comment_status":"","ping_status":"","sticky":false,"template":"","format":"standard","meta":{"footnotes":"","_share_on_mastodon":"0"},"categories":[117],"tags":[1377,33,31,30,72,476,40466,14539,118,680,32,119,17697,477],"class_list":["post-317453","post","type-post","status-publish","format-standard","has-post-thumbnail","category-luonto","tag-etela-pohjanmaa","tag-fi","tag-finland","tag-finnish","tag-luonto","tag-nature","tag-paukaneva","tag-retkeilyalueet","tag-science","tag-seinajoki","tag-suomi","tag-tiede","tag-ulkoilualueet","tag-wildlife"],"share_on_mastodon":{"url":"https:\/\/pubeurope.com\/@fi\/117041336858595707","error":""},"_links":{"self":[{"href":"https:\/\/www.europesays.com\/fi\/wp-json\/wp\/v2\/posts\/317453","targetHints":{"allow":["GET"]}}],"collection":[{"href":"https:\/\/www.europesays.com\/fi\/wp-json\/wp\/v2\/posts"}],"about":[{"href":"https:\/\/www.europesays.com\/fi\/wp-json\/wp\/v2\/types\/post"}],"author":[{"embeddable":true,"href":"https:\/\/www.europesays.com\/fi\/wp-json\/wp\/v2\/users\/2"}],"replies":[{"embeddable":true,"href":"https:\/\/www.europesays.com\/fi\/wp-json\/wp\/v2\/comments?post=317453"}],"version-history":[{"count":0,"href":"https:\/\/www.europesays.com\/fi\/wp-json\/wp\/v2\/posts\/317453\/revisions"}],"wp:featuredmedia":[{"embeddable":true,"href":"https:\/\/www.europesays.com\/fi\/wp-json\/wp\/v2\/media\/317454"}],"wp:attachment":[{"href":"https:\/\/www.europesays.com\/fi\/wp-json\/wp\/v2\/media?parent=317453"}],"wp:term":[{"taxonomy":"category","embeddable":true,"href":"https:\/\/www.europesays.com\/fi\/wp-json\/wp\/v2\/categories?post=317453"},{"taxonomy":"post_tag","embeddable":true,"href":"https:\/\/www.europesays.com\/fi\/wp-json\/wp\/v2\/tags?post=317453"}],"curies":[{"name":"wp","href":"https:\/\/api.w.org\/{rel}","templated":true}]}}