{"id":31749,"date":"2025-09-11T09:24:09","date_gmt":"2025-09-11T09:24:09","guid":{"rendered":"https:\/\/www.europesays.com\/fi\/31749\/"},"modified":"2025-09-11T09:24:09","modified_gmt":"2025-09-11T09:24:09","slug":"petolliset-alkaa-shokki-ilmoituksella","status":"publish","type":"post","link":"https:\/\/www.europesays.com\/fi\/31749\/","title":{"rendered":"Petolliset alkaa shokki-ilmoituksella"},"content":{"rendered":"<p>\n            Petolliset, Christoffer Strandberg<br \/>\n            Saku Tiainen\/Sanoma\n        <\/p>\n<p class=\"subtitle \">Uusi Petolliset-kausi alkaa, ja heti alussa on luvassa ennenn\u00e4kem\u00e4t\u00f6n k\u00e4\u00e4nne.<\/p>\n<p class=\"article-content article-content-width !bg-background\">Petollisten uusi kausi alkaa Nelosella ja Ruudussa lauantaina 13.9.\u00a0Ensimm\u00e4isess\u00e4 jaksossa Vanajanlinnaan saapuu 20 pelaajaa, ja edess\u00e4 on petollisten valitseminen, jonka suorittaa tuttuun tapaan linnanherra .\u00a0<\/p>\n<p class=\"article-content article-content-width !bg-background\">Kesken valintatilanteen kilpailijoille valkenee, ett\u00e4 petollisten valinta poikkeaa t\u00e4ll\u00e4 kaudella aikaisemmasta. Christoffer valitsee silm\u00e4t kiinni odottavien uskollisten joukosta ensin kaksi petollista koskettamalla heit\u00e4 olkap\u00e4\u00e4lle ja pyyt\u00e4\u00e4 heit\u00e4 sen j\u00e4lkeen avaamaan silm\u00e4ns\u00e4. Kaksi petollista katsoo toisiaan py\u00f6re\u00e4n p\u00f6yd\u00e4n yli hieman p\u00f6ll\u00e4mystynein\u00e4.<\/p>\n<p class=\"article-content article-content-width !bg-background\"> \u2013 M\u00e4 n\u00e4in h\u00e4net siell\u00e4, mut sit m\u00e4 koitin katsoa ymp\u00e4rilleni silleen, etten liiku hirve\u00e4sti, koska m\u00e4 ajattelin, et jos m\u00e4 rupeen liikkumaan hirve\u00e4sti, niin joku huomaa. Mut m\u00e4 en n\u00e4hnyt ket\u00e4\u00e4n muuta,\u00a0toinen petollisista sanoo jaksossa.<\/p>\n<p class=\"article-content article-content-width !bg-background\">T\u00e4m\u00e4n j\u00e4lkeen Christoffer pyyt\u00e4\u00e4 juuri valittuja petollisia sulkemaan j\u00e4lleen silm\u00e4ns\u00e4 ja ilmoittaa kaikille ettei valinta olekaan viel\u00e4 ohi. T\u00e4m\u00e4n j\u00e4lkeen h\u00e4n valitsee viel\u00e4 yhden petollisen.<\/p>\n<p>        <a itemprop=\"url\" href=\"https:\/\/www.seiska.fi\/katso\/nain-susanna-penttila-hyodynsi-onlyfansia-petollisissa\/1909567\" rel=\"nofollow noopener\" target=\"_blank\"><\/p>\n<p>\nSusanna Penttil\u00e4\n<\/p>\n<p class=\"section-date\">\n        <strong class=\"article-section\" data-section=\"katso\"><br \/>\n            katso<br \/>\n        <\/strong><br \/>\n        26.8. 06:15\n    <\/p>\n<p>    N\u00e4in Susanna Penttil\u00e4 hy\u00f6dynsi Onlyfansia Petollisissa<\/p>\n<p itemprop=\"description\" class=\"subtitle \">\n    Eroottisen sis\u00e4ll\u00f6n tuottamisesta oli Susanna Penttil\u00e4n mukaan yll\u00e4tt\u00e4v\u00e4\u00e4 etua reality-kuvauksissa.\n<\/p>\n<p>        <\/a><\/p>\n<p>                <img decoding=\"async\" src=\"https:\/\/www.europesays.com\/fi\/wp-content\/uploads\/2025\/09\/1927977.webp\" width=\"576\" height=\"274\" alt=\"Petollisten valitseminen on kuumottava tilanne.\" loading=\"lazy\" \/>            <\/p>\n<p>\n            Petollisten valitseminen on kuumottava tilanne.<br \/>\n            Saku Tiainen\/Sanoma\n        <\/p>\n<p>Petollisen nimi l\u00f6ytyy rasiasta<\/p>\n<p class=\"article-content article-content-width !bg-background\">My\u00f6hemmin kilpailijat yritt\u00e4v\u00e4t arvailla, mit\u00e4 kaksivaiheinen petollisen valinta tarkoittaa. Totuus selvi\u00e4\u00e4 kahdelle ensin valitulle petolliselle y\u00f6n h\u00e4m\u00e4riss\u00e4 petollisten kammiossa.<\/p>\n<p class=\"article-content article-content-width !bg-background\"> \u2013 Saatoitte ehk\u00e4 huomatakin, ett\u00e4 ette ole teht\u00e4v\u00e4nne kanssa yksin. Muiden vieraiden joukossa on viel\u00e4 yksi petollinen, jonka nimi on minulla t\u00e4ss\u00e4 rasiassa,\u00a0Christoffer kertoo petollisille pidellen lukollista rasiaa.<\/p>\n<p class=\"article-content article-content-width !bg-background\"> \u2013\u00a0Saadaksenne selville kuka h\u00e4n on, tulee teid\u00e4n l\u00f6yt\u00e4\u00e4 linnani sy\u00f6vereist\u00e4 avain, h\u00e4n juonittelee.<\/p>\n<p class=\"article-content article-content-width !bg-background\">Christoffer paljastaa my\u00f6s, ett\u00e4 niin kauan kuin kolmas petollinen on l\u00f6yt\u00e4m\u00e4tt\u00e4, on kahdella petollisella vain osittainen valta murhatun valitsemisessa.<\/p>\n<p>        <a itemprop=\"url\" href=\"https:\/\/www.seiska.fi\/katso\/pernilla-bockerman-myontaa-panikoineensa-petollisissa-paljastaa-isoimman-haasteen\/1907920\" rel=\"nofollow noopener\" target=\"_blank\"><\/p>\n<p>\nPernilla B\u00f6ckerman\n<\/p>\n<p class=\"section-date\">\n        <strong class=\"article-section\" data-section=\"katso\"><br \/>\n            katso<br \/>\n        <\/strong><br \/>\n        23.8. 09:15\n    <\/p>\n<p>    Pernilla B\u00f6ckerman my\u00f6nt\u00e4\u00e4 panikoineensa Petollisissa &#8211; paljastaa isoimman haasteen<\/p>\n<p itemprop=\"description\" class=\"subtitle \">\n    Urheilija my\u00f6nt\u00e4\u00e4, ett\u00e4 ennakkoluulot kanssakisaajasta Sergey Hilmanista murenivat kuvauksissa.\n<\/p>\n<p>        <\/a><\/p>\n<p>                <img decoding=\"async\" src=\"https:\/\/www.europesays.com\/fi\/wp-content\/uploads\/2025\/09\/1928003.webp\" width=\"576\" height=\"274\" alt=\"Kilpailijat ovat h\u00e4mill\u00e4\u00e4n uudesta k\u00e4\u00e4nteest\u00e4.\" loading=\"lazy\" \/>            <\/p>\n<p>\n            Kilpailijat ovat h\u00e4mill\u00e4\u00e4n uudesta k\u00e4\u00e4nteest\u00e4.<br \/>\n            Saku Tiainen\/Sanoma\n        <\/p>\n<p class=\"article-content article-content-width !bg-background\">T\u00e4lla kaudella mukana kilpailemassa ovat:<\/p>\n<p class=\"article-content article-content-width !bg-background\">Aitajuoksija, tubettaja  urheilija\u00a0, muusikko , Indica-yhtyeest\u00e4 tuttu , supernanny\u00a0, podcast-juontaja\u00a0, ex-vapaaottelija\u00a0, n\u00e4yttelij\u00e4\u00a0, ex-pituushypp\u00e4\u00e4j\u00e4\u00a0, vatsastapuhuja\u00a0, artisti\u00a0, mediapersoona, taiteilija\u00a0, yritt\u00e4j\u00e4\u00a0,\u00a0Biisonimafiasta tuttu\u00a0, tubettaja, kansanedustaja\u00a0\u00a0ja mediapersoona\u00a0\u00a0ja tietokirjailija\u00a0,<\/p>\n<p class=\"article-content article-content-width !bg-background\">Petolliset alkaa Ruudussa ja Nelosella lauantaina 13.9.\u00a0<\/p>\n<p>        <a itemprop=\"url\" href=\"https:\/\/www.seiska.fi\/katso\/mita-petollisten-kulisseissa-tapahtuu-christoffer-strandberg-paljastaa\/1904244\" rel=\"nofollow noopener\" target=\"_blank\"><\/p>\n<p>\nMit\u00e4 Petollisten kulisseissa tapahtuu?\n<\/p>\n<p class=\"section-date\">\n        <strong class=\"article-section\" data-section=\"katso\"><br \/>\n            katso<br \/>\n        <\/strong><br \/>\n        21.8. 06:15\n    <\/p>\n<p>    Mit\u00e4 Petollisten kulisseissa tapahtuu? Christoffer Strandberg paljastaa<\/p>\n<p itemprop=\"description\" class=\"subtitle \">\n    Petollisten uusi kausi starttaa 13. syyskuuta.\n<\/p>\n<p>        <\/a><\/p>\n","protected":false},"excerpt":{"rendered":"Petolliset, Christoffer Strandberg Saku Tiainen\/Sanoma Uusi Petolliset-kausi alkaa, ja heti alussa on luvassa ennenn\u00e4kem\u00e4t\u00f6n k\u00e4\u00e4nne. Petollisten uusi kausi&hellip;\n","protected":false},"author":2,"featured_media":31750,"comment_status":"","ping_status":"","sticky":false,"template":"","format":"standard","meta":{"footnotes":""},"categories":[133],"tags":[1427,137,33,31,30,1758,3395,9356,9355,2385,2158,32,206,156,109],"class_list":{"0":"post-31749","1":"post","2":"type-post","3":"status-publish","4":"format-standard","5":"has-post-thumbnail","7":"category-televisiot","8":"tag-christoffer-strandberg","9":"tag-entertainment","10":"tag-fi","11":"tag-finland","12":"tag-finnish","13":"tag-nelonen","14":"tag-petolliset","15":"tag-petolliset-2025","16":"tag-petolliset-kausi-4","17":"tag-reality","18":"tag-ruutu","19":"tag-suomi","20":"tag-televisiot","21":"tag-tv","22":"tag-viihde"},"share_on_mastodon":{"url":"","error":""},"_links":{"self":[{"href":"https:\/\/www.europesays.com\/fi\/wp-json\/wp\/v2\/posts\/31749","targetHints":{"allow":["GET"]}}],"collection":[{"href":"https:\/\/www.europesays.com\/fi\/wp-json\/wp\/v2\/posts"}],"about":[{"href":"https:\/\/www.europesays.com\/fi\/wp-json\/wp\/v2\/types\/post"}],"author":[{"embeddable":true,"href":"https:\/\/www.europesays.com\/fi\/wp-json\/wp\/v2\/users\/2"}],"replies":[{"embeddable":true,"href":"https:\/\/www.europesays.com\/fi\/wp-json\/wp\/v2\/comments?post=31749"}],"version-history":[{"count":0,"href":"https:\/\/www.europesays.com\/fi\/wp-json\/wp\/v2\/posts\/31749\/revisions"}],"wp:featuredmedia":[{"embeddable":true,"href":"https:\/\/www.europesays.com\/fi\/wp-json\/wp\/v2\/media\/31750"}],"wp:attachment":[{"href":"https:\/\/www.europesays.com\/fi\/wp-json\/wp\/v2\/media?parent=31749"}],"wp:term":[{"taxonomy":"category","embeddable":true,"href":"https:\/\/www.europesays.com\/fi\/wp-json\/wp\/v2\/categories?post=31749"},{"taxonomy":"post_tag","embeddable":true,"href":"https:\/\/www.europesays.com\/fi\/wp-json\/wp\/v2\/tags?post=31749"}],"curies":[{"name":"wp","href":"https:\/\/api.w.org\/{rel}","templated":true}]}}