{"id":317499,"date":"2026-08-05T07:26:14","date_gmt":"2026-08-05T07:26:14","guid":{"rendered":"https:\/\/www.europesays.com\/fi\/317499\/"},"modified":"2026-08-05T07:26:14","modified_gmt":"2026-08-05T07:26:14","slug":"immu-ja-panu-horkko-se-oli-siina","status":"publish","type":"post","link":"https:\/\/www.europesays.com\/fi\/317499\/","title":{"rendered":"Immu ja Panu H\u00f6rkk\u00f6: Se oli siin\u00e4"},"content":{"rendered":"<p>Panu H\u00f6rkk\u00f6 perusti oman kamppailupromootionsa. Mukana on useita urheilumaailmasta tuttuja nimi\u00e4.<\/p>\n<p><img decoding=\"async\" class=\"image image-show image-preview\" src=\"https:\/\/www.europesays.com\/fi\/wp-content\/uploads\/2026\/08\/ab641ba0f15767c83ba8c337dcaf84bed56f21504586c6ccb5646d153b6026dd.jpg\" alt=\"\"\/><img decoding=\"async\" class=\"image image-show\" src=\"https:\/\/www.europesays.com\/fi\/wp-content\/uploads\/2026\/08\/1785914774_463_ab641ba0f15767c83ba8c337dcaf84bed56f21504586c6ccb5646d153b6026dd.jpg\" alt=\"\"\/><\/p>\n<p>Panu H\u00f6rkk\u00f6 perusti oman kamppailupromootionsa. Tuomas Kujansuu<\/p>\n<p class=\"paragraph\">Paparazzina tunnettu <strong>Panu H\u00f6rkk\u00f6<\/strong> on perustanut uuden kamppailupromootion.<\/p>\n<p class=\"paragraph\">Kaupparekisteriss\u00e4 on Crash Fight oy -niminen yritys, jonka toimitusjohtajaksi H\u00f6rkk\u00f6 on merkitty. Kyseess\u00e4 on eritt\u00e4in tuore yritys, sill\u00e4 se on rekister\u00f6ity 22. hein\u00e4kuuta.<\/p>\n<p class=\"paragraph\">H\u00f6rkk\u00f6 kertoi tiistaina Iltalehdelle, ett\u00e4 Crash Fight alkaa j\u00e4rjest\u00e4\u00e4 kamppailu- ja urheilutapahtumia. Ensimm\u00e4isen tapahtuman ajankohta on jo kalenterissa.<\/p>\n<p class=\"paragraph\">\u2013 J\u00e4rjest\u00e4mme 12. joulukuuta 2026 Vaasan j\u00e4\u00e4hallissa Suomen kaikkien aikojen siisteimm\u00e4n kamppailutapahtuman. Siell\u00e4 tullaan n\u00e4kem\u00e4\u00e4n pari todella kuohuttavaa somematsia, sek\u00e4 UFC-tason vapaaottelumatseja, H\u00f6rkk\u00f6 kommentoi s\u00e4hk\u00f6postitse.<\/p>\n<p class=\"paragraph\">Crash Fightissa on mukana useita urheilusta tuttuja nimi\u00e4.<\/p>\n<p class=\"paragraph\">Kamppailuyrityksen puheenjohtaja on j\u00e4\u00e4kiekkoseura Vaasan Sportin hallitukseen kuuluva <strong>Tuomas Saikkonen<\/strong>. Yritt\u00e4j\u00e4 tunnetaan my\u00f6s kattorakenteita valmistavasta yrityksest\u00e4\u00e4n Vilpest\u00e4, jonka liikevaihto oli viime vuonna yli 20 miljoonaa euroa.<\/p>\n<p class=\"paragraph\">Crash Fightin hallituksessa istuu lis\u00e4ksi Vaasan Sportin toimitusjohtaja ja pes\u00e4pallon Suomen mestari <strong>Jonne Kemppainen<\/strong>. Kolmas nimi on <strong>Tuomas Kujansuu<\/strong>, Havu Gamingin br\u00e4ndijohtaja.<\/p>\n<p class=\"paragraph\">H\u00f6rk\u00f6n mukaan ryhm\u00e4 saatiin kasaan sattumien kautta.<\/p>\n<p class=\"paragraph\">\u2013 Min\u00e4 varmaan p\u00e4\u00e4dyin mukaan sen vuoksi, kun annoin mielest\u00e4ni ihan kelpo n\u00e4yt\u00f6t tapahtuman j\u00e4rjest\u00e4misest\u00e4 maaliskuun IFC-illan my\u00f6t\u00e4, h\u00e4n sanoi viitaten <strong>Mika \u201dImmu\u201d Ilm\u00e9nin<\/strong> kanssa maaliskuussa j\u00e4rjestettyyn kamppailutapahtumaan.<\/p>\n<p>IFC j\u00e4i taakse<\/p>\n<p>Crash Fight j\u00e4rjest\u00e4\u00e4 ensimm\u00e4isen tapahtumansa Vaasassa. Havainnekuva. Crash Fight<\/p>\n<p class=\"paragraph\">H\u00f6rk\u00f6ll\u00e4 oli aiemmin yhteinen kamppailupromootio Ilm\u00e9nin kanssa. Immu Fight Club (IFC) -nime\u00e4 kantanut promootio j\u00e4rjesti otteluillan maaliskuussa, mutta sen j\u00e4lkeen tilanne muuttui.<\/p>\n<p class=\"paragraph\">Iltalehti <a href=\"https:\/\/www.iltalehti.fi\/kamppailulajit\/520e67e7-2847-4371-ac3b-ae2c218d5127\" rel=\"nofollow noopener\" target=\"_blank\">uutisoi toukokuun lopulla<\/a> huhujen viittaavan siihen, ett\u00e4 kaksikko ei aio jatkaa tapahtumien j\u00e4rjest\u00e4mist\u00e4 yhdess\u00e4. IL:n tietojen mukaan syyskuussa edess\u00e4 olevaa Ilm\u00e9nin otteluiltaa ei my\u00f6sk\u00e4\u00e4n j\u00e4rjestett\u00e4isi IFC-nimell\u00e4.<\/p>\n<p class=\"paragraph\">H\u00f6rkk\u00f6 vahvisti tiistaina, ett\u00e4 IFC on j\u00e4\u00e4nyt taakse.<\/p>\n<p class=\"paragraph\">\u2013 IFC-br\u00e4ndi on historiaa, eik\u00e4 sit\u00e4 tulla en\u00e4\u00e4 k\u00e4ytt\u00e4m\u00e4\u00e4n miss\u00e4\u00e4n.<\/p>\n<p class=\"paragraph\">Ilm\u00e9n j\u00e4rjest\u00e4\u00e4 syyskuussa oman tapahtumansa nimell\u00e4 Immu Fight Night.<\/p>\n<p>Estoon somessa<\/p>\n<p>Mika \u201dImmu\u201d Ilm\u00e9n j\u00e4rjest\u00e4\u00e4 uuden kamppailutapahtuman syyskuussa. Jenni G\u00e4stgivar<\/p>\n<p class=\"paragraph\">H\u00f6rk\u00f6n ja Ilm\u00e9nin keskustelu sosiaalisessa mediassa her\u00e4tti hein\u00e4kuussa huomiota.<\/p>\n<p class=\"paragraph\">IFC:n sosiaalisen median tilill\u00e4 julkaistiin kuva alkoholijuoman reseptist\u00e4. Kommenteissa H\u00f6rkk\u00f6 muun muassa syytti Ilm\u00e9ni\u00e4 valehtelusta ja Ilm\u00e9n paparazzia alkoholisis\u00e4ll\u00f6n julkaisemisesta ilman lupaa.<\/p>\n<p class=\"paragraph\">Kiivasta keskustelua k\u00e4ytiin hyvin avoimesti.<\/p>\n<p class=\"paragraph\">\u2013 P\u00e4ivityksest\u00e4 oli muutama tunti aikaisemmin sovittu Immun kanssa, mutta h\u00e4n jostain syyst\u00e4 alkoi v\u00e4itt\u00e4\u00e4, ettei tied\u00e4 asiasta mit\u00e4\u00e4n. En ole juonut alkoholia 15 vuoteen, joten alkoholilaki ei ole tuttu. Kuulin vasta my\u00f6hemmin, ettei tuollaisia p\u00e4ivityksi\u00e4 saisi laittaa someen.<\/p>\n<p class=\"paragraph\">\u2013 Yritin k\u00e4yd\u00e4 aiheesta Immun kanssa keskustelua, mutta h\u00e4n laittoi minut estoon somessa.<\/p>\n<p class=\"paragraph\">Ilm\u00e9n vahvistaa est\u00e4neens\u00e4 entisen bisneskumppaninsa.<\/p>\n<p class=\"paragraph\">H\u00f6rk\u00f6n mukaan alkoholip\u00e4ivitys ja koko tili poistettiin muutaman p\u00e4iv\u00e4n p\u00e4\u00e4st\u00e4 julkaisusta.<\/p>\n<p class=\"paragraph\">H\u00f6rkk\u00f6 ty\u00f6skenteli pitk\u00e4\u00e4n Seiskassa, mutta vaihtoi ty\u00f6paikkaa alkuvuodesta. H\u00e4n perusti Uuno.fi-sivuston <strong>Juha-Petteri Kukkosen<\/strong> ja Seiskan entisen p\u00e4\u00e4toimittajan <strong>Jari Peltom\u00e4en<\/strong> kanssa.<\/p>\n","protected":false},"excerpt":{"rendered":"Panu H\u00f6rkk\u00f6 perusti oman kamppailupromootionsa. Mukana on useita urheilumaailmasta tuttuja nimi\u00e4. Panu H\u00f6rkk\u00f6 perusti oman kamppailupromootionsa. Tuomas Kujansuu&hellip;\n","protected":false},"author":2,"featured_media":317500,"comment_status":"","ping_status":"","sticky":false,"template":"","format":"standard","meta":{"footnotes":"","_share_on_mastodon":"0"},"categories":[158],"tags":[35,33,31,30,695,700,41,694,151,159,32,160],"class_list":["post-317499","post","type-post","status-publish","format-standard","has-post-thumbnail","category-urheilu","tag-24h","tag-fi","tag-finland","tag-finnish","tag-juomat","tag-laakkeet-ja-paihteet","tag-liikunta-ja-urheilu","tag-paihteet","tag-sosiaalinen-media-ja-verkostoituminen","tag-sports","tag-suomi","tag-urheilu"],"share_on_mastodon":{"url":"https:\/\/pubeurope.com\/@fi\/117041718833273178","error":""},"_links":{"self":[{"href":"https:\/\/www.europesays.com\/fi\/wp-json\/wp\/v2\/posts\/317499","targetHints":{"allow":["GET"]}}],"collection":[{"href":"https:\/\/www.europesays.com\/fi\/wp-json\/wp\/v2\/posts"}],"about":[{"href":"https:\/\/www.europesays.com\/fi\/wp-json\/wp\/v2\/types\/post"}],"author":[{"embeddable":true,"href":"https:\/\/www.europesays.com\/fi\/wp-json\/wp\/v2\/users\/2"}],"replies":[{"embeddable":true,"href":"https:\/\/www.europesays.com\/fi\/wp-json\/wp\/v2\/comments?post=317499"}],"version-history":[{"count":0,"href":"https:\/\/www.europesays.com\/fi\/wp-json\/wp\/v2\/posts\/317499\/revisions"}],"wp:featuredmedia":[{"embeddable":true,"href":"https:\/\/www.europesays.com\/fi\/wp-json\/wp\/v2\/media\/317500"}],"wp:attachment":[{"href":"https:\/\/www.europesays.com\/fi\/wp-json\/wp\/v2\/media?parent=317499"}],"wp:term":[{"taxonomy":"category","embeddable":true,"href":"https:\/\/www.europesays.com\/fi\/wp-json\/wp\/v2\/categories?post=317499"},{"taxonomy":"post_tag","embeddable":true,"href":"https:\/\/www.europesays.com\/fi\/wp-json\/wp\/v2\/tags?post=317499"}],"curies":[{"name":"wp","href":"https:\/\/api.w.org\/{rel}","templated":true}]}}