{"id":31751,"date":"2025-09-11T09:26:11","date_gmt":"2025-09-11T09:26:11","guid":{"rendered":"https:\/\/www.europesays.com\/fi\/31751\/"},"modified":"2025-09-11T09:26:11","modified_gmt":"2025-09-11T09:26:11","slug":"muistatko-viela-2000-luvun-alun-hittielokuvan-amelieta-ei-voi-katsoa-nyt-suomessa-mistaan-mutta-pian-taas-voi","status":"publish","type":"post","link":"https:\/\/www.europesays.com\/fi\/31751\/","title":{"rendered":"Muistatko viel\u00e4 2000-luvun alun hittielokuvan? Am\u00e9lieta ei voi katsoa nyt Suomessa mist\u00e4\u00e4n, mutta pian taas voi"},"content":{"rendered":"<p>\n    <a href=\"https:\/\/www.europesays.com\/fi\/wp-content\/uploads\/2025\/09\/amelie-audery-tautou.jpg\"><img fetchpriority=\"high\" decoding=\"async\" aria-describedby=\"caption-attachment-891851\" class=\"size-full wp-image-891851 awpo-lazy\" alt=\"Am\u00e9lie\" width=\"1280\" height=\"705\"  data- src=\"https:\/\/www.europesays.com\/fi\/wp-content\/uploads\/2025\/09\/amelie-audery-tautou.jpg\"\/><\/a><\/p>\n<p id=\"caption-attachment-891851\" class=\"wp-caption-text\">Kuva: Cinema Mondo<\/p>\n<p><strong>Vuonna 2001 ensi-iltansa saaneesta Am\u00e9liesta (Le Fabuleux Destin d\u2019Am\u00e9lie Poulain) muodostui kansainv\u00e4linen yll\u00e4tyshitti ja varsinainen kulttuuri-ilmi\u00f6. Ranskalaiskomedia ker\u00e4si my\u00f6s Suomessa yli 200 000 katsojaa.<\/strong><\/p>\n<p>Ottaen huomioon Am\u00e9lien suuren suosion ja elokuvan tunnettuuden, on aika yll\u00e4tt\u00e4v\u00e4\u00e4, ettei Audrey Tautoun t\u00e4hditt\u00e4m\u00e4\u00e4 hitti\u00e4 ole Suomessa voinut katsoa hyv\u00e4\u00e4n aikaan kuin vanhoilta dvd-levyilt\u00e4. Parhaillaan Am\u00e9lieta ei l\u00f6ydy edes digitaalisista vod-palveluista.<\/p>\n<p>Tilanteeseen on kuitenkin tulossa muutos, <a href=\"https:\/\/www.sfanytime.com\/fi\/movie\/amelie-fran-montmartre\" target=\"_blank\" rel=\"noopener nofollow\">SF Anytime<\/a> kertoo.<\/p>\n<p>Am\u00e9lie tulee keskiviikkona 1. lokakuuta taas saataville vuokra- ja myyntiversioina.<\/p>\n<p>Jean-Pierre Jeunet\u2019n ohjaaman elokuvan juonikuvaus kuuluu seuraavasti:<\/p>\n<p>\u201dKuulessaan prinsessa Dianan kuolemasta Am\u00e9lie pudottaa pullon. Etsiess\u00e4\u00e4n sit\u00e4 h\u00e4n l\u00f6yt\u00e4\u00e4 rasian t\u00e4ynn\u00e4 lapsuusmuistoja, ja h\u00e4n p\u00e4\u00e4tt\u00e4\u00e4 etsi\u00e4 rasian omistajan. Kun h\u00e4n salaa palauttaa rasian sen omistajalle, keski-ik\u00e4iselle miehelle, h\u00e4n n\u00e4kee sen tuovan iloa. Ilahtuneen aikaansaannoksestaan Am\u00e9lie p\u00e4\u00e4tt\u00e4\u00e4 ryhty\u00e4 parantamaan my\u00f6s naapureittensa el\u00e4m\u00e4\u00e4\u2026\u201d<\/p>\n","protected":false},"excerpt":{"rendered":"Kuva: Cinema Mondo Vuonna 2001 ensi-iltansa saaneesta Am\u00e9liesta (Le Fabuleux Destin d\u2019Am\u00e9lie Poulain) muodostui kansainv\u00e4linen yll\u00e4tyshitti ja varsinainen&hellip;\n","protected":false},"author":2,"featured_media":31752,"comment_status":"","ping_status":"","sticky":false,"template":"","format":"standard","meta":{"footnotes":""},"categories":[131],"tags":[155,137,33,173,31,30,172,32,109],"class_list":{"0":"post-31751","1":"post","2":"type-post","3":"status-publish","4":"format-standard","5":"has-post-thumbnail","7":"category-elokuvat","8":"tag-elokuvat","9":"tag-entertainment","10":"tag-fi","11":"tag-film","12":"tag-finland","13":"tag-finnish","14":"tag-movies","15":"tag-suomi","16":"tag-viihde"},"share_on_mastodon":{"url":"","error":""},"_links":{"self":[{"href":"https:\/\/www.europesays.com\/fi\/wp-json\/wp\/v2\/posts\/31751","targetHints":{"allow":["GET"]}}],"collection":[{"href":"https:\/\/www.europesays.com\/fi\/wp-json\/wp\/v2\/posts"}],"about":[{"href":"https:\/\/www.europesays.com\/fi\/wp-json\/wp\/v2\/types\/post"}],"author":[{"embeddable":true,"href":"https:\/\/www.europesays.com\/fi\/wp-json\/wp\/v2\/users\/2"}],"replies":[{"embeddable":true,"href":"https:\/\/www.europesays.com\/fi\/wp-json\/wp\/v2\/comments?post=31751"}],"version-history":[{"count":0,"href":"https:\/\/www.europesays.com\/fi\/wp-json\/wp\/v2\/posts\/31751\/revisions"}],"wp:featuredmedia":[{"embeddable":true,"href":"https:\/\/www.europesays.com\/fi\/wp-json\/wp\/v2\/media\/31752"}],"wp:attachment":[{"href":"https:\/\/www.europesays.com\/fi\/wp-json\/wp\/v2\/media?parent=31751"}],"wp:term":[{"taxonomy":"category","embeddable":true,"href":"https:\/\/www.europesays.com\/fi\/wp-json\/wp\/v2\/categories?post=31751"},{"taxonomy":"post_tag","embeddable":true,"href":"https:\/\/www.europesays.com\/fi\/wp-json\/wp\/v2\/tags?post=31751"}],"curies":[{"name":"wp","href":"https:\/\/api.w.org\/{rel}","templated":true}]}}