{"id":317635,"date":"2026-08-05T11:28:21","date_gmt":"2026-08-05T11:28:21","guid":{"rendered":"https:\/\/www.europesays.com\/fi\/317635\/"},"modified":"2026-08-05T11:28:21","modified_gmt":"2026-08-05T11:28:21","slug":"lappeenrannasta-loydetty-kuollut-villisika-kotimaa","status":"publish","type":"post","link":"https:\/\/www.europesays.com\/fi\/317635\/","title":{"rendered":"Lappeenrannasta l\u00f6ydetty kuollut villisika | Kotimaa"},"content":{"rendered":"<p class=\"aw__sc-1qwuw0s-0 aw__sc-1vg2sqm-0 epAWpq ecELkD yle__article__paragraph\">Ruokavirasto ei ole viel\u00e4 tutkinut villisikaa afrikkalaisen sikaruton varalta.<\/p>\n<p><img decoding=\"async\" alt=\"Kartta Kaakkois-Suomesta, jossa on korostettuna Lappeenrannan Yl\u00e4maa, Miehikk\u00e4l\u00e4 ja Virolahti. Merkittyn\u00e4 on my\u00f6s Joutseno.\" src=\"https:\/\/www.europesays.com\/fi\/wp-content\/uploads\/2026\/08\/1785928677.jpeg\" class=\"aw__sc-dklauk-0 LPzKX\"\/><\/p>\n<p>Avaa kuvien katselu<\/p>\n<p>Joutseno ei kuulu t\u00e4ll\u00e4 hetkell\u00e4 m\u00e4\u00e4riteltyyn tartunta-alueeseen. Kuollut villisian porsas l\u00f6ydettiin  Etel\u00e4-Saimaan mukaan Joutsenon Kuurmanpohjasta. Kuva: Pyry Sarkiola \/ Yle, Mapcreator, Openstreetmap<\/p>\n<p>13:39\u2022P\u00e4ivitetty 14:25<\/p>\n<p class=\"aw__sc-1qwuw0s-0 aw__sc-ngllmo-0 epAWpq fzYpjk yle__article__paragraph\">Lappeenrannan Joutsenosta l\u00f6ydettiin kuollut villisika sunnuntaina. Asiasta kertoi ensimm\u00e4isen\u00e4 <a class=\"aw__sc-ngllmo-1 bTDnwX yle__article__link\" href=\"https:\/\/www.esaimaa.fi\/paikalliset\/9673608\" role=\"link\" rel=\"nofollow noopener\" target=\"_blank\">Etel\u00e4-Saimaa<\/a>.<\/p>\n<p class=\"aw__sc-1qwuw0s-0 aw__sc-ngllmo-0 epAWpq fzYpjk yle__article__paragraph\">Etel\u00e4-Saimaan mukaan Ruokavirasto ei ole viel\u00e4 tutkinut villisikaa afrikkalaisen sikaruton varalta. Lehden mukaan tulos tulee mahdollisesti huomenna. Mik\u00e4li n\u00e4yte on positiivinen Ruokavirasto laajentaa tartuntavy\u00f6hykett\u00e4.<\/p>\n<p class=\"aw__sc-1qwuw0s-0 aw__sc-ngllmo-0 epAWpq fzYpjk yle__article__paragraph\">Etel\u00e4-Saimaan riistanhoitoyhdistyksen puheenjohtaja <strong class=\"aw__sc-ngllmo-2 gdRrun yle__article__strong\">Kari Taurama<\/strong> kertoo Ylelle, ett\u00e4 Joutsenon alueelta on l\u00f6ydetty kuollut villisika.<\/p>\n<p class=\"aw__sc-1qwuw0s-0 aw__sc-ngllmo-0 epAWpq fzYpjk yle__article__paragraph\">Tauraman tiedossa ei ole, ett\u00e4 viime aikoina riistanhoitoyhdistyksen alueelta olisi l\u00f6ydetty muita kuolleita villisikoja. Riistanhoitoyhditys toimii Lappeenrannan alueella.<\/p>\n<p class=\"aw__sc-1qwuw0s-0 aw__sc-ngllmo-0 epAWpq fzYpjk yle__article__paragraph\">Etel\u00e4-Karjalassa sijaitseva Joutseno kuuluu nyky\u00e4\u00e4n Lappeenrannan kaupunkiin. Joutseno ei kuulu t\u00e4ll\u00e4 hetkell\u00e4 m\u00e4\u00e4riteltyyn tartuntavy\u00f6hykealueeseen.<\/p>\n<p class=\"aw__sc-1qwuw0s-0 aw__sc-ngllmo-0 epAWpq fzYpjk yle__article__paragraph\">Ruokavirasto l\u00f6ysi 30. hein\u00e4kuuta luonnonvaraisista villisioista <a class=\"aw__sc-ngllmo-1 bTDnwX yle__article__link\" href=\"https:\/\/yle.fi\/a\/74-20238731\" role=\"link\" rel=\"nofollow noopener\" target=\"_blank\">afrikkalaista sikaruttoa<\/a> Virolahdella Kymenlaaksossa.<\/p>\n<p class=\"aw__sc-1qwuw0s-0 aw__sc-ngllmo-0 epAWpq fzYpjk yle__article__paragraph\">Ruokavirasto ja paikalliset mets\u00e4st\u00e4j\u00e4t k\u00e4yv\u00e4t l\u00e4pi <a class=\"aw__sc-ngllmo-1 bTDnwX yle__article__link\" href=\"https:\/\/yle.fi\/a\/74-20239247\" role=\"link\" rel=\"nofollow noopener\" target=\"_blank\">tartunta-alueen metsi\u00e4<\/a> t\u00e4ll\u00e4 viikolla. Tavoitteena on l\u00f6yt\u00e4\u00e4 kuolleiden villisikojen ruhot, mik\u00e4li niit\u00e4 viel\u00e4 lis\u00e4\u00e4 on.<\/p>\n","protected":false},"excerpt":{"rendered":"Ruokavirasto ei ole viel\u00e4 tutkinut villisikaa afrikkalaisen sikaruton varalta. Avaa kuvien katselu Joutseno ei kuulu t\u00e4ll\u00e4 hetkell\u00e4 m\u00e4\u00e4riteltyyn&hellip;\n","protected":false},"author":2,"featured_media":317636,"comment_status":"","ping_status":"","sticky":false,"template":"","format":"standard","meta":{"footnotes":"","_share_on_mastodon":"0"},"categories":[5],"tags":[975,22,23,404,1302,26,27,33,31,30,17,1448,71,1446,24,25,28,29,15,18,21,974,32,19,20,16,9882],"class_list":["post-317635","post","type-post","status-publish","format-standard","has-post-thumbnail","category-otsikot","tag-afrikkalainen-sikarutto","tag-breaking-news","tag-breakingnews","tag-elaimet","tag-etela-karjala","tag-featured-news","tag-featurednews","tag-fi","tag-finland","tag-finnish","tag-headlines","tag-joutseno","tag-kotimaa","tag-lappeenranta","tag-latest-news","tag-latestnews","tag-main-news","tag-mainnews","tag-news","tag-otsikot","tag-paauutiset","tag-sikarutto","tag-suomi","tag-top-stories","tag-topstories","tag-uutiset","tag-villisika"],"share_on_mastodon":{"url":"https:\/\/pubeurope.com\/@fi\/117042669525157454","error":""},"_links":{"self":[{"href":"https:\/\/www.europesays.com\/fi\/wp-json\/wp\/v2\/posts\/317635","targetHints":{"allow":["GET"]}}],"collection":[{"href":"https:\/\/www.europesays.com\/fi\/wp-json\/wp\/v2\/posts"}],"about":[{"href":"https:\/\/www.europesays.com\/fi\/wp-json\/wp\/v2\/types\/post"}],"author":[{"embeddable":true,"href":"https:\/\/www.europesays.com\/fi\/wp-json\/wp\/v2\/users\/2"}],"replies":[{"embeddable":true,"href":"https:\/\/www.europesays.com\/fi\/wp-json\/wp\/v2\/comments?post=317635"}],"version-history":[{"count":0,"href":"https:\/\/www.europesays.com\/fi\/wp-json\/wp\/v2\/posts\/317635\/revisions"}],"wp:featuredmedia":[{"embeddable":true,"href":"https:\/\/www.europesays.com\/fi\/wp-json\/wp\/v2\/media\/317636"}],"wp:attachment":[{"href":"https:\/\/www.europesays.com\/fi\/wp-json\/wp\/v2\/media?parent=317635"}],"wp:term":[{"taxonomy":"category","embeddable":true,"href":"https:\/\/www.europesays.com\/fi\/wp-json\/wp\/v2\/categories?post=317635"},{"taxonomy":"post_tag","embeddable":true,"href":"https:\/\/www.europesays.com\/fi\/wp-json\/wp\/v2\/tags?post=317635"}],"curies":[{"name":"wp","href":"https:\/\/api.w.org\/{rel}","templated":true}]}}