{"id":317771,"date":"2026-08-05T15:24:14","date_gmt":"2026-08-05T15:24:14","guid":{"rendered":"https:\/\/www.europesays.com\/fi\/317771\/"},"modified":"2026-08-05T15:24:14","modified_gmt":"2026-08-05T15:24:14","slug":"venaja-etenee-jo-ukrainan-viimeisiin-linnoituskaupunkeihin-itarintamalla-analyytikko-kaupunkitaistelujen-alku-lahenee-ulkomaat","status":"publish","type":"post","link":"https:\/\/www.europesays.com\/fi\/317771\/","title":{"rendered":"Ven\u00e4j\u00e4 etenee jo Ukrainan viimeisiin linnoitus\u00adkaupunkeihin it\u00e4rintamalla \u2013 analyytikko: kaupunki\u00adtaistelujen alku l\u00e4henee | Ulkomaat"},"content":{"rendered":"<p class=\"aw__sc-1qwuw0s-0 aw__sc-1vg2sqm-0 epAWpq ecELkD yle__article__paragraph\">Taistelut Kramatorskin ja Slovjanskin kaupunki\u00adalueilla todenn\u00e4k\u00f6isesti alkavat vuoden loppuun menness\u00e4, arvioi sotaa seuraava analyytikko Pasi Paroinen.<\/p>\n<p><img decoding=\"async\" alt=\"Punamekkoinen nainen k\u00e4velee savuavan kerrostalon l\u00e4hell\u00e4 Kramatorskissa.\" src=\"https:\/\/www.europesays.com\/fi\/wp-content\/uploads\/2026\/08\/1785934216.jpeg\" class=\"aw__sc-dklauk-0 LPzKX\"\/><\/p>\n<p>Avaa kuvien katselu<\/p>\n<p>Nainen k\u00e4veli kadulla Kramatorskissa 4. elokuuta 2026 Ukrainassa. Taustalla n\u00e4kyy Ven\u00e4j\u00e4n iskussa vaurioitunut kerrotalo. Kuva: Francisco Richart \/ AOP<\/p>\n<p>17:07\u2022P\u00e4ivitetty 17:13<\/p>\n<ul class=\"aw__sc-1yb43iq-0 gFXHv yle__article__list yle__article__list--ul\">\n<li class=\"aw__sc-1yb43iq-1 gVAzbt\">Ukraina aloittaa siviilien evakuoinnit Kramatorskista, kun Ven\u00e4j\u00e4n joukot ovat alle kymmenen kilometrin p\u00e4\u00e4ss\u00e4.<\/li>\n<li class=\"aw__sc-1yb43iq-1 gVAzbt\">Ven\u00e4j\u00e4 etenee kohti Kramatorskin ja Slovjanskin kaupunkeja. Molemmat ovat Ukrainalle t\u00e4rkeit\u00e4 linnoitettuja kaupunkeja.<\/li>\n<li class=\"aw__sc-1yb43iq-1 gVAzbt\">Analyytikko Pasi Paroisen mukaan taistelu voi alkaa syksyll\u00e4. Ukrainan puolustus vaikuttaa v\u00e4syneelt\u00e4.<\/li>\n<li class=\"aw__sc-1yb43iq-1 gVAzbt\">Drooniuhka vaikeuttaa etulinjan huoltoa ja est\u00e4\u00e4 lis\u00e4joukkoja.<\/li>\n<\/ul>\n<p class=\"aw__sc-1qwuw0s-0 aw__sc-ngllmo-0 epAWpq fzYpjk yle__article__paragraph\">Ven\u00e4j\u00e4n joukot etenev\u00e4t hitaasti, mutta m\u00e4\u00e4r\u00e4tietoisesti kohti Kramatorskin ja Slovjanskin kaupunkeja Ukrainan it\u00e4rintamalla.<\/p>\n<p class=\"aw__sc-1qwuw0s-0 aw__sc-ngllmo-0 epAWpq fzYpjk yle__article__paragraph\">Ukraina m\u00e4\u00e4r\u00e4si t\u00e4n\u00e4\u00e4n keskiviikkona, ett\u00e4 se aloittaa siviilien evakuoinnit Kramatorskista, kertoo uutistoimisto AFP.<\/p>\n<p class=\"aw__sc-1qwuw0s-0 aw__sc-ngllmo-0 epAWpq fzYpjk yle__article__paragraph\">Ukrainan presidentti <strong class=\"aw__sc-ngllmo-2 gdRrun yle__article__strong\">Volodymyr Zelenskyi<\/strong> ilmoitti kes\u00e4kuun loppupuolella, ett\u00e4 Ukraina on aloittanut 40 p\u00e4iv\u00e4n operaation Ven\u00e4j\u00e4n taivuttamiseksi lopettamaan sotatoimensa.<\/p>\n<p class=\"aw__sc-1qwuw0s-0 aw__sc-ngllmo-0 epAWpq fzYpjk yle__article__paragraph\">Tuo operaatiolle ilmoitettu takaraja umpeutui eilen tiistaina.<\/p>\n<p class=\"aw__sc-1qwuw0s-0 aw__sc-ngllmo-0 epAWpq fzYpjk yle__article__paragraph\">Operaation aikana Ukrainan pitk\u00e4n kantaman iskut Ven\u00e4j\u00e4lle muun muassa energiainfrastruktuuriin, Wildberries-verkkokaupan varastoihin ja varjolaivaston aluksiin saivat paljon median\u00e4kyvyytt\u00e4, mutta Ukrainan rintamatilanne j\u00e4i v\u00e4hemm\u00e4lle huomiolle.<\/p>\n<p class=\"aw__sc-1qwuw0s-0 aw__sc-ngllmo-0 epAWpq fzYpjk yle__article__paragraph\">Ukrainan iskut eiv\u00e4t vaikuttaneet merkitt\u00e4v\u00e4sti rintamatilanteeseen. Ven\u00e4l\u00e4isjoukkojen k\u00e4rki on p\u00e4\u00e4ssyt jo alle kymmenen kilometrin p\u00e4\u00e4h\u00e4n Ukrainalle t\u00e4rkeist\u00e4, linnoitetuista kaupungeista.<\/p>\n<p class=\"aw__sc-1qwuw0s-0 aw__sc-ngllmo-0 epAWpq fzYpjk yle__article__paragraph\">\u2013 Slovjansk ja Kramatorsk ovat hyvin voimakkaasti ven\u00e4l\u00e4isen drooni-iskujen kantaman sis\u00e4puolella, toteaa sotaa avoimista l\u00e4hteist\u00e4 seuraavan Blackbird Groupin analyytikko <strong class=\"aw__sc-ngllmo-2 gdRrun yle__article__strong\">Pasi Paroinen<\/strong>.<\/p>\n<p><img decoding=\"async\" alt=\"Kartta Koillis-Ukrainan rintamatilanteesta 4.8.2026.\" src=\"https:\/\/www.europesays.com\/fi\/wp-content\/uploads\/2026\/08\/1785924938.jpeg\" loading=\"lazy\" class=\"aw__sc-dklauk-0 LPzKX\"\/><\/p>\n<p>Avaa kuvien katselu<\/p>\n<p>Ven\u00e4j\u00e4n joukot hivuttautuvat kohti Kramatorskia ja Slovjanskia. Pohjoisemmassa ne ovat soluttautuneet ukrainalaisten linjojen taakse Vovt\u0161anskin ja Harkovan suunnilla, kertoo Pasi Paroinen. Kuva: Juha Rissanen \/ Yle, l\u00e4hde: Institute for the Study of War ja AEI&#8217;s Critical Threats Project, Openstreetmap, Mapcreator<\/p>\n<p class=\"aw__sc-1qwuw0s-0 aw__sc-ngllmo-0 epAWpq fzYpjk yle__article__paragraph\">H\u00e4nen mukaansa on mahdollista, ett\u00e4 taistelu n\u00e4ist\u00e4 kaupungeista voi alkaa syksyll\u00e4. Toisaalta voi sanoa, ett\u00e4 t\u00e4m\u00e4 taistelu on alkanut, koska drooni-iskut alkavat olla arkip\u00e4iv\u00e4isi\u00e4, Paroinen arvioi.<\/p>\n<p class=\"aw__sc-1qwuw0s-0 aw__sc-ngllmo-0 epAWpq fzYpjk yle__article__paragraph\">\u2013 Ukrainalaisten puolustus Kramatorskin ja Slovjanskin sektorilla vaikuttaa v\u00e4syneelt\u00e4 ja kuluneelta.<\/p>\n<p class=\"aw__sc-1qwuw0s-0 aw__sc-ngllmo-0 epAWpq fzYpjk yle__article__paragraph\">Paroinen katsoo, ett\u00e4 taistelut Kramatorskin ja Slovjanskin kaupunkialueilla voivat alkaa vuoden loppuun menness\u00e4, jos ukrainalaiset eiv\u00e4t merkitt\u00e4v\u00e4sti vahvista joukkojaan.<\/p>\n<p class=\"aw__sc-1qwuw0s-0 aw__sc-ngllmo-0 epAWpq fzYpjk yle__article__paragraph\">Paroisen mukaan l\u00e4hiaikoina Ukraina ei ole pystynyt l\u00e4hett\u00e4m\u00e4\u00e4n merkitt\u00e4vi\u00e4 lis\u00e4joukkoja alueelle. Syyn\u00e4 on drooniuhka.<\/p>\n<p class=\"aw__sc-1qwuw0s-0 aw__sc-ngllmo-0 epAWpq fzYpjk yle__article__paragraph\">Ven\u00e4j\u00e4 pystyy iskem\u00e4\u00e4n virtuaalilasien avulla ohjattavilla pienill\u00e4 FPV-drooneilla Kramatorskin ja Slovjanskin sis\u00e4iseen ajoneuvoliikenteeseen, sotilaskohteisiin ja siviileihin sek\u00e4 Ukrainan j\u00e4ljell\u00e4 oleviin l\u00e4nnest\u00e4 tuleviin huoltoyhteyksiin.<\/p>\n<p class=\"aw__sc-1qwuw0s-0 aw__sc-ngllmo-0 epAWpq fzYpjk yle__article__paragraph\">Sotaa seuraava tutkimuslaitos <a class=\"aw__sc-ngllmo-1 bTDnwX yle__article__link\" href=\"https:\/\/understandingwar.org\/research\/russia-ukraine\/russian-offensive-campaign-assessment-august-3-2026\/\" role=\"link\" rel=\"nofollow noopener\" target=\"_blank\">ISW kertoo<\/a>, ett\u00e4 Ven\u00e4j\u00e4 yritt\u00e4\u00e4 erist\u00e4\u00e4 Kramatorskia ja Slovjanskia puolustavat ukrainalaisjoukot. ISW:n mukaan Ven\u00e4j\u00e4 pyrkii tuhoamaan Ukrainan vetureita ja siltoja logistiikan h\u00e4iritsemiseksi.<\/p>\n<p class=\"aw__sc-1qwuw0s-0 aw__sc-ngllmo-0 epAWpq fzYpjk yle__article__paragraph\">Ennen sotaa Kramatorskissa oli runsaat 160\u00a0000 asukasta ja Slovjanskissa runsaat 110\u00a0000. Kaupungeissa j\u00e4ljell\u00e4 olevien siviilien m\u00e4\u00e4r\u00e4st\u00e4 ei ole tarkkaa tietoa.<\/p>\n<p>Ven\u00e4j\u00e4 pudotti kaksi liitopommia Kramatorskiin tiistaina 4.8. Ukrainalaisviranomaisten mukaan ainakin yksi ihminen kuoli ja 27 haavoittui.<\/p>\n<p class=\"aw__sc-1qwuw0s-0 aw__sc-ngllmo-0 epAWpq fzYpjk yle__article__paragraph\">Analyytikko arvioi, ett\u00e4 mit\u00e4 l\u00e4hemm\u00e4s rintama kaupunkeja liikkuu, sit\u00e4 vaikeammaksi niiden huolto muuttuu. H\u00e4nen mukaansa intensiivisin niin sanottu tappovy\u00f6hyke ylettyy 10\u201315 kilometrin p\u00e4\u00e4h\u00e4n etumaisista ven\u00e4l\u00e4isjoukoista.<\/p>\n<p class=\"aw__sc-1qwuw0s-0 aw__sc-ngllmo-0 epAWpq fzYpjk yle__article__paragraph\">\u2013 Etulinjaan p\u00e4\u00e4sy ei ole turvallista tai helppoa. Tappiota tulee kummallekin osapuolelle jo siirtym\u00e4vaiheessa.<\/p>\n<p class=\"aw__sc-1qwuw0s-0 aw__sc-ngllmo-0 epAWpq fzYpjk yle__article__paragraph\">H\u00e4n painottaa, ett\u00e4 osapuolet eiv\u00e4t kuitenkaan voi droonien avulla lopettaa kaikkea liikett\u00e4 ja tuhota kaikkia havaittuja kohteita.<\/p>\n<p><img decoding=\"async\" alt=\"Kartta tappovy\u00f6hykkeest\u00e4 Ukrainan rintamalla Kramatorskin ja Slovjanskin kohdalla 4.8.2026.\" src=\"https:\/\/www.europesays.com\/fi\/wp-content\/uploads\/2026\/08\/1785931288.jpeg\" loading=\"lazy\" class=\"aw__sc-dklauk-0 LPzKX\"\/><\/p>\n<p>Avaa kuvien katselu<\/p>\n<p>Tiedusteludroonien valvoma ja FPV-droonien vaikutusalueeseen kuuluva niin sanottu \u201dtappovy\u00f6hyke\u201d on jopa 30 kilometrin levyinen. Perinteisess\u00e4 asemasodassa se oli vain pari kilometri\u00e4. Kuva: Juha Rissanen \/ Yle, l\u00e4hde: Institute for the Study of War ja AEI&#8217;s Critical Threats Project, Openstreetmap, Mapcreator<\/p>\n<p class=\"aw__sc-1qwuw0s-0 aw__sc-ngllmo-0 epAWpq fzYpjk yle__article__paragraph\">Kramatorsk ja Slovjansk ovat vahvasti linnoitettuja.<\/p>\n<p class=\"aw__sc-1qwuw0s-0 aw__sc-ngllmo-0 epAWpq fzYpjk yle__article__paragraph\">Paroinen arvioi, ett\u00e4 nykyisell\u00e4 tahdilla Ven\u00e4j\u00e4n sotilailla kest\u00e4isi ainakin koko ensi vuosi tai jopa pidemp\u00e4\u00e4n p\u00e4\u00e4st\u00e4 n\u00e4iden kaupunkien l\u00e4pi.<\/p>\n<p class=\"aw__sc-1qwuw0s-0 aw__sc-ngllmo-0 epAWpq fzYpjk yle__article__paragraph\">Eteneminen voi olla nopeampaa, jos Ukrainalta loppuisi taistelevat joukot kesken. Sellaista tilannetta Paroisen mukaan ei ole n\u00e4k\u00f6piiriss\u00e4.<\/p>\n<p class=\"aw__sc-1qwuw0s-0 aw__sc-ngllmo-0 epAWpq fzYpjk yle__article__paragraph\">Ukraina on kuitenkin jo rakentanut uusia puolustuslinjoja Kramatorskin ja Slovjanskin taakse, kertoo Paroinen.<\/p>\n<p class=\"aw__sc-1qwuw0s-0 aw__sc-ngllmo-0 epAWpq fzYpjk yle__article__paragraph\">Ven\u00e4l\u00e4isten eteneminen Ukrainan it\u00e4rintamalla on huomattavasti hidastunut t\u00e4n\u00e4 vuonna, Paroinen sanoo.<\/p>\n<p class=\"aw__sc-1qwuw0s-0 aw__sc-ngllmo-0 epAWpq fzYpjk yle__article__paragraph\">H\u00e4nen mukaansa viime vuonna ven\u00e4l\u00e4iset eteniv\u00e4t keskim\u00e4\u00e4rin 300\u2013400 neli\u00f6kilometri\u00e4 kuukaudessa, mutta esimerkiksi viime kuussa Ven\u00e4j\u00e4 p\u00e4\u00e4si etenem\u00e4\u00e4n en\u00e4\u00e4 vain sata neli\u00f6kilometri\u00e4.<\/p>\n<p class=\"aw__sc-1qwuw0s-0 aw__sc-ngllmo-0 epAWpq fzYpjk yle__article__paragraph\">Ven\u00e4l\u00e4iset ovat kuitenkin soluttautuneet ukrainalaisten linjojen taakse muun muassa Vovt\u0161anskin ja Harkovan suunnilla Koillis-Ukrainassa, Paroinen kertoo.<\/p>\n<p class=\"aw__sc-1qwuw0s-0 aw__sc-ngllmo-0 epAWpq fzYpjk yle__article__paragraph\">H\u00e4n sanoo olevansa huolissaan siit\u00e4, mihin suuntaan t\u00e4m\u00e4 rintama kehittyy loppukes\u00e4n aikana.<\/p>\n<p class=\"aw__sc-1qwuw0s-0 aw__sc-ngllmo-0 epAWpq fzYpjk yle__article__paragraph\">L\u00e4hde: AFP<\/p>\n","protected":false},"excerpt":{"rendered":"Taistelut Kramatorskin ja Slovjanskin kaupunki\u00adalueilla todenn\u00e4k\u00f6isesti alkavat vuoden loppuun menness\u00e4, arvioi sotaa seuraava analyytikko Pasi Paroinen. Avaa kuvien&hellip;\n","protected":false},"author":2,"featured_media":317772,"comment_status":"","ping_status":"","sticky":false,"template":"","format":"standard","meta":{"footnotes":"","_share_on_mastodon":"0"},"categories":[14],"tags":[22,23,759,26,27,33,31,30,17,18744,24,25,28,29,15,18,21,32,19,20,1303,549,56,16,547,987,59,60,61],"class_list":["post-317771","post","type-post","status-publish","format-standard","has-post-thumbnail","category-ulkomaat","tag-breaking-news","tag-breakingnews","tag-droonit","tag-featured-news","tag-featurednews","tag-fi","tag-finland","tag-finnish","tag-headlines","tag-ita-ukraina","tag-latest-news","tag-latestnews","tag-main-news","tag-mainnews","tag-news","tag-otsikot","tag-paauutiset","tag-suomi","tag-top-stories","tag-topstories","tag-ukraina","tag-ukrainan-sota","tag-ulkomaat","tag-uutiset","tag-venaja","tag-venajan-hyokkays","tag-world","tag-world-news","tag-worldnews"],"share_on_mastodon":{"url":"https:\/\/pubeurope.com\/@fi\/117043598135480871","error":""},"_links":{"self":[{"href":"https:\/\/www.europesays.com\/fi\/wp-json\/wp\/v2\/posts\/317771","targetHints":{"allow":["GET"]}}],"collection":[{"href":"https:\/\/www.europesays.com\/fi\/wp-json\/wp\/v2\/posts"}],"about":[{"href":"https:\/\/www.europesays.com\/fi\/wp-json\/wp\/v2\/types\/post"}],"author":[{"embeddable":true,"href":"https:\/\/www.europesays.com\/fi\/wp-json\/wp\/v2\/users\/2"}],"replies":[{"embeddable":true,"href":"https:\/\/www.europesays.com\/fi\/wp-json\/wp\/v2\/comments?post=317771"}],"version-history":[{"count":0,"href":"https:\/\/www.europesays.com\/fi\/wp-json\/wp\/v2\/posts\/317771\/revisions"}],"wp:featuredmedia":[{"embeddable":true,"href":"https:\/\/www.europesays.com\/fi\/wp-json\/wp\/v2\/media\/317772"}],"wp:attachment":[{"href":"https:\/\/www.europesays.com\/fi\/wp-json\/wp\/v2\/media?parent=317771"}],"wp:term":[{"taxonomy":"category","embeddable":true,"href":"https:\/\/www.europesays.com\/fi\/wp-json\/wp\/v2\/categories?post=317771"},{"taxonomy":"post_tag","embeddable":true,"href":"https:\/\/www.europesays.com\/fi\/wp-json\/wp\/v2\/tags?post=317771"}],"curies":[{"name":"wp","href":"https:\/\/api.w.org\/{rel}","templated":true}]}}