{"id":317789,"date":"2026-08-05T15:51:12","date_gmt":"2026-08-05T15:51:12","guid":{"rendered":"https:\/\/www.europesays.com\/fi\/317789\/"},"modified":"2026-08-05T15:51:12","modified_gmt":"2026-08-05T15:51:12","slug":"arkkipiispa-elia-venajan-kirkon-johtajan-ydinasepuheista-jarkyttavaa-ulkomaat","status":"publish","type":"post","link":"https:\/\/www.europesays.com\/fi\/317789\/","title":{"rendered":"Arkkipiispa Elia Ven\u00e4j\u00e4n kirkon johtajan ydinase\u00adpuheista: \u201dJ\u00e4rkytt\u00e4v\u00e4\u00e4\u201d | Ulkomaat"},"content":{"rendered":"<p class=\"aw__sc-1qwuw0s-0 aw__sc-1vg2sqm-0 epAWpq ecELkD yle__article__paragraph\">Suomen ortodoksista kirkkoa johtava Elia sanoo, ett\u00e4 Ven\u00e4j\u00e4ll\u00e4 teologia on siepattu valtion p\u00e4\u00e4m\u00e4\u00e4rien ajamiseksi.<\/p>\n<p><img decoding=\"async\" alt=\"Arkkipiispa Elia ja patriarkka Kirill kuvakollaasissa.\" src=\"https:\/\/www.europesays.com\/fi\/wp-content\/uploads\/2026\/08\/1785928866.jpeg\" class=\"aw__sc-dklauk-0 LPzKX\"\/><\/p>\n<p>Avaa kuvien katselu<\/p>\n<p>Suomen ja Ven\u00e4j\u00e4n ortodoksisten kirkkojen johtajat arkkipiispa Elia ja patriarkka Kirill kuvakollaasissa. Kuva: Silja Viitala \/ Yle ja Alexander Kazakov \/ Kreml<\/p>\n<ul class=\"aw__sc-1yb43iq-0 gFXHv yle__article__list yle__article__list--ul\">\n<li class=\"aw__sc-1yb43iq-1 gVAzbt\">Ven\u00e4j\u00e4n patriarkka Kirill ylisti lauantaina maansa ydinaseita \u201dJumalan laupeuden\u201d osoitukseksi. Suomen ortodoksisen kirkon arkkipiispa Elia tyrm\u00e4\u00e4 t\u00e4m\u00e4n.<\/li>\n<li class=\"aw__sc-1yb43iq-1 gVAzbt\">Elia sanoo, ett\u00e4 Kirill on siepannut teologian Ven\u00e4j\u00e4n valtion p\u00e4\u00e4m\u00e4\u00e4rien ajamiseksi. Kirkon teht\u00e4v\u00e4 ei ole siunata joukkotuhoasetta.<\/li>\n<li class=\"aw__sc-1yb43iq-1 gVAzbt\">Kirill on Putinin l\u00e4heinen liittolainen. Ven\u00e4j\u00e4n kirkko on tukenut hy\u00f6kk\u00e4yssotaa Ukrainassa ja linjannut sen pyh\u00e4ksi sodaksi.<\/li>\n<\/ul>\n<p class=\"aw__sc-1qwuw0s-0 aw__sc-ngllmo-0 epAWpq fzYpjk yle__article__paragraph\">Suomen ortodoksisen kirkon johtaja arkkipiispa <strong class=\"aw__sc-ngllmo-2 gdRrun yle__article__strong\">Elia<\/strong> tyrm\u00e4\u00e4 Ven\u00e4j\u00e4n patriarkka <strong class=\"aw__sc-ngllmo-2 gdRrun yle__article__strong\">Kirillin<\/strong> puheet ydinaseista.<\/p>\n<p class=\"aw__sc-1qwuw0s-0 aw__sc-ngllmo-0 epAWpq fzYpjk yle__article__paragraph\">Ven\u00e4j\u00e4n kirkon johtaja ylisti lauantaina ven\u00e4l\u00e4isi\u00e4 ydinaseita osoitukseksi \u201dJumalan laupeudesta\u201d.<\/p>\n<p class=\"aw__sc-1qwuw0s-0 aw__sc-ngllmo-0 epAWpq fzYpjk yle__article__paragraph\">Arkkipiispa Elian (siviiliss\u00e4 <strong class=\"aw__sc-ngllmo-2 gdRrun yle__article__strong\">Elia<\/strong> <strong class=\"aw__sc-ngllmo-2 gdRrun yle__article__strong\">Wallgr\u00e9nin<\/strong>) mukaan on j\u00e4rkytt\u00e4v\u00e4\u00e4, kuinka Kirill yritt\u00e4\u00e4 kristillisen retoriikan avulla siunata ydinaseita ja oikeuttaa niiden k\u00e4ytt\u00f6\u00e4.<\/p>\n<p class=\"aw__sc-1qwuw0s-0 aw__sc-ngllmo-0 epAWpq fzYpjk yle__article__paragraph\">\u2013 H\u00e4n on ik\u00e4\u00e4n kuin siepannut teologian Ven\u00e4j\u00e4n valtion p\u00e4\u00e4m\u00e4\u00e4rien ajamiseksi, Elia sanoo Ylelle puhelimessa.<\/p>\n<p class=\"aw__sc-1qwuw0s-0 aw__sc-ngllmo-0 epAWpq fzYpjk yle__article__paragraph\">Kirill <a class=\"aw__sc-ngllmo-1 bTDnwX yle__article__link\" href=\"https:\/\/www.kirkkojakaupunki.fi\/-\/patriarkka-kirill-ydinaseemme-luotiin-jumalan-kaitselmuksen-ansiosta-\" role=\"link\" rel=\"nofollow noopener\" target=\"_blank\">on aiemminkin ylist\u00e4nyt<\/a> Jumalaa Ven\u00e4j\u00e4n joukkotuhoaseista.<\/p>\n<p><img decoding=\"async\" alt=\"Ven\u00e4j\u00e4n presidentti Vladimir Putin ja patriarkka Kirill seisovat vastakkain huoneessa.\" src=\"https:\/\/www.europesays.com\/fi\/wp-content\/uploads\/2026\/08\/1785933642.jpeg\" loading=\"lazy\" class=\"aw__sc-dklauk-0 LPzKX\"\/><\/p>\n<p>Avaa kuvien katselu<\/p>\n<p>Patriarkka Kirill on presidentti Vladimir Putinin vankkumaton tukija. Miehet kohtasivat Moskovassa toukokuussa.  Kuva: EPA<\/p>\n<p class=\"aw__sc-1qwuw0s-0 aw__sc-ngllmo-0 epAWpq fzYpjk yle__article__paragraph\">Patriarkka on presidentti <strong class=\"aw__sc-ngllmo-2 gdRrun yle__article__strong\">Vladimir Putinin<\/strong> l\u00e4heinen liittolainen.<\/p>\n<p class=\"aw__sc-1qwuw0s-0 aw__sc-ngllmo-0 epAWpq fzYpjk yle__article__paragraph\">Ven\u00e4j\u00e4n ortodoksinen kirkko on tukenut n\u00e4kyv\u00e4sti Ven\u00e4j\u00e4n hy\u00f6kk\u00e4yssotaa Ukrainassa. Kirkko on esimerkiksi linjannut sen virallisesti \u201dpyh\u00e4ksi sodaksi\u201d.<\/p>\n<p class=\"aw__sc-1qwuw0s-0 aw__sc-ngllmo-0 epAWpq fzYpjk yle__article__paragraph\">Suomen ortodoksisen kirkon johto on tuominnut yksiselitteisesti Ven\u00e4j\u00e4n hy\u00f6kk\u00e4yssodan.<\/p>\n<p>Kirill: Ydinase esti maamme tuhoamisen<\/p>\n<p class=\"aw__sc-1qwuw0s-0 aw__sc-ngllmo-0 epAWpq fzYpjk yle__article__paragraph\">Lauantaina Ven\u00e4j\u00e4n kirkon johtaja saarnasi Divejevon luostarissa, ett\u00e4 ven\u00e4l\u00e4isen atomipommin luominen l\u00e4heisess\u00e4 Sarovin kaupungissa tapahtui \u201dJumalan armosta ja laupeudesta\u201d.<\/p>\n<p class=\"aw__sc-1qwuw0s-0 aw__sc-ngllmo-0 epAWpq fzYpjk yle__article__paragraph\">Patriarkka my\u00f6s v\u00e4itti, ett\u00e4 ydinase esti vihollisten suunnitelmat, joilla n\u00e4m\u00e4 pyrkiv\u00e4t \u201dtuhoamaan ja orjuuttamaan\u201d maan.<\/p>\n<p class=\"aw__sc-1qwuw0s-0 aw__sc-ngllmo-0 epAWpq fzYpjk yle__article__paragraph\"><strong class=\"aw__sc-ngllmo-2 gdRrun yle__article__strong\">Katso ote Kirillin saarnasta:<\/strong><\/p>\n<p class=\"aw__sc-1qwuw0s-0 aw__sc-ngllmo-0 epAWpq fzYpjk yle__article__paragraph\">Patriarkka Kirill esiintyi pyhimys <strong class=\"aw__sc-ngllmo-2 gdRrun yle__article__strong\">Serafim<\/strong> <strong class=\"aw__sc-ngllmo-2 gdRrun yle__article__strong\">Sarovilaisen<\/strong> pyh\u00e4inj\u00e4\u00e4nn\u00f6sten l\u00f6yt\u00e4misen juhlap\u00e4iv\u00e4n\u00e4.<\/p>\n<p class=\"aw__sc-1qwuw0s-0 aw__sc-ngllmo-0 epAWpq fzYpjk yle__article__paragraph\">Kirillin mielest\u00e4 ven\u00e4l\u00e4iset saivat kehitetty\u00e4 ydinpommin Sarovissa osin Serafimin rukousten kautta.<\/p>\n<p class=\"aw__sc-1qwuw0s-0 aw__sc-ngllmo-0 epAWpq fzYpjk yle__article__paragraph\">Sarov on tunnettu ortodoksien hengellisen\u00e4 keskuksena.<\/p>\n<p class=\"aw__sc-1qwuw0s-0 aw__sc-ngllmo-0 epAWpq fzYpjk yle__article__paragraph\">Neuvostoaikana Sarovin luostari suljettiin, sen munkkeja teloitettiin ja Serafimin pyh\u00e4inj\u00e4\u00e4nn\u00f6kset h\u00e4p\u00e4istiin.<\/p>\n<p class=\"aw__sc-1qwuw0s-0 aw__sc-ngllmo-0 epAWpq fzYpjk yle__article__paragraph\">Seudulle rakennettiin suljettu tiedekaupunki, jossa kehitettiin Neuvostoliiton ensimm\u00e4inen atomipommi.<\/p>\n<p class=\"aw__sc-1qwuw0s-0 aw__sc-ngllmo-0 epAWpq fzYpjk yle__article__paragraph\">Sarov on nyky\u00e4\u00e4nkin Ven\u00e4j\u00e4n t\u00e4rkein ydinaseiden tutkimus- ja kehityskeskus, jonne p\u00e4\u00e4sy\u00e4 rajoitetaan.<\/p>\n<p>Elia: Ortodoksista ydinasetta ei ole olemassa<\/p>\n<p class=\"aw__sc-1qwuw0s-0 aw__sc-ngllmo-0 epAWpq fzYpjk yle__article__paragraph\">Arkkipiispa Elian mukaan mit\u00e4\u00e4n \u201dortodoksista ydinasetta\u201d ei ole olemassa.<\/p>\n<p class=\"aw__sc-1qwuw0s-0 aw__sc-ngllmo-0 epAWpq fzYpjk yle__article__paragraph\">\u2013 Kirkon teht\u00e4v\u00e4 ei ole siunata joukkotuhoasetta, arkkipiispa kirjoittaa Suomen ortodoksisen kirkon sivuilla <a class=\"aw__sc-ngllmo-1 bTDnwX yle__article__link\" href=\"https:\/\/ort.fi\/news\/pyhaa-ei-voi-varvata-arkkipiispa-elian-kannanotto-moskovan-patriarkka-kirillin-lausuntoon-ydinaseesta\/\" role=\"link\" rel=\"nofollow noopener\" target=\"_blank\">julkaistussa lausunnossaan<\/a>.<\/p>\n<p><img decoding=\"async\" alt=\"Arkkipiispa Elia poseeraa kameralle.\" src=\"https:\/\/www.europesays.com\/fi\/wp-content\/uploads\/2026\/08\/1769782312.jpeg\" loading=\"lazy\" class=\"aw__sc-dklauk-0 LPzKX\"\/><\/p>\n<p>Avaa kuvien katselu<\/p>\n<p>Arkkipiispa Elian mukaan ortodoksinen kirkko rukoilee aina liturgiassaan rauhaa koko maailmalle, ei voittoa yhden maan aseille. Elia on kuvattu Helsingin ortodoksisen seurakunnan tiloissa tammikuussa. Kuva: Silja Viitala \/ Yle<\/p>\n<p class=\"aw__sc-1qwuw0s-0 aw__sc-ngllmo-0 epAWpq fzYpjk yle__article__paragraph\">Elia pit\u00e4\u00e4 erityisen p\u00f6yristytt\u00e4v\u00e4n\u00e4, ett\u00e4 Kirill liitt\u00e4\u00e4 joukkotuhoaseen siunaamiseen Serafim Sarovilaisen nimen.<\/p>\n<p class=\"aw__sc-1qwuw0s-0 aw__sc-ngllmo-0 epAWpq fzYpjk yle__article__paragraph\">\u2013 H\u00e4n oli rakkauden, anteeksiannon ja n\u00f6yryyden mies ja siin\u00e4 mieless\u00e4 edusti ihan kaikkea muuta kuin nykyinen patriarkka, Elia sanoo Ylelle.<\/p>\n<p class=\"aw__sc-1qwuw0s-0 aw__sc-ngllmo-0 epAWpq fzYpjk yle__article__paragraph\">Serafim on ortodoksien rakastama pyhimys my\u00f6s Ven\u00e4j\u00e4n ulkopuolella kuten Suomessa ja Ukrainassa.<\/p>\n","protected":false},"excerpt":{"rendered":"Suomen ortodoksista kirkkoa johtava Elia sanoo, ett\u00e4 Ven\u00e4j\u00e4ll\u00e4 teologia on siepattu valtion p\u00e4\u00e4m\u00e4\u00e4rien ajamiseksi. Avaa kuvien katselu Suomen&hellip;\n","protected":false},"author":2,"featured_media":317790,"comment_status":"","ping_status":"","sticky":false,"template":"","format":"standard","meta":{"footnotes":"","_share_on_mastodon":"0"},"categories":[12],"tags":[21802,22,23,40484,26,27,33,31,30,17,11181,22175,15509,24,25,28,29,15,22174,22173,18,21,22172,25082,32,19,20,56,1437,16,547,987,2257,3649],"class_list":["post-317789","post","type-post","status-publish","format-standard","has-post-thumbnail","category-suomi","tag-arkkipiispat","tag-breaking-news","tag-breakingnews","tag-elia","tag-featured-news","tag-featurednews","tag-fi","tag-finland","tag-finnish","tag-headlines","tag-joukkotuhoaseet","tag-kirill","tag-kirkot","tag-latest-news","tag-latestnews","tag-main-news","tag-mainnews","tag-news","tag-ortodoksinen-kirkko","tag-ortodoksisuus","tag-otsikot","tag-paauutiset","tag-patriarkat","tag-suomen-ortodoksinen-kirkko","tag-suomi","tag-top-stories","tag-topstories","tag-ulkomaat","tag-uskonto","tag-uutiset","tag-venaja","tag-venajan-hyokkays","tag-vladimir-putin","tag-ydinaseet"],"share_on_mastodon":{"url":"","error":""},"_links":{"self":[{"href":"https:\/\/www.europesays.com\/fi\/wp-json\/wp\/v2\/posts\/317789","targetHints":{"allow":["GET"]}}],"collection":[{"href":"https:\/\/www.europesays.com\/fi\/wp-json\/wp\/v2\/posts"}],"about":[{"href":"https:\/\/www.europesays.com\/fi\/wp-json\/wp\/v2\/types\/post"}],"author":[{"embeddable":true,"href":"https:\/\/www.europesays.com\/fi\/wp-json\/wp\/v2\/users\/2"}],"replies":[{"embeddable":true,"href":"https:\/\/www.europesays.com\/fi\/wp-json\/wp\/v2\/comments?post=317789"}],"version-history":[{"count":0,"href":"https:\/\/www.europesays.com\/fi\/wp-json\/wp\/v2\/posts\/317789\/revisions"}],"wp:featuredmedia":[{"embeddable":true,"href":"https:\/\/www.europesays.com\/fi\/wp-json\/wp\/v2\/media\/317790"}],"wp:attachment":[{"href":"https:\/\/www.europesays.com\/fi\/wp-json\/wp\/v2\/media?parent=317789"}],"wp:term":[{"taxonomy":"category","embeddable":true,"href":"https:\/\/www.europesays.com\/fi\/wp-json\/wp\/v2\/categories?post=317789"},{"taxonomy":"post_tag","embeddable":true,"href":"https:\/\/www.europesays.com\/fi\/wp-json\/wp\/v2\/tags?post=317789"}],"curies":[{"name":"wp","href":"https:\/\/api.w.org\/{rel}","templated":true}]}}