{"id":317793,"date":"2026-08-05T15:55:25","date_gmt":"2026-08-05T15:55:25","guid":{"rendered":"https:\/\/www.europesays.com\/fi\/317793\/"},"modified":"2026-08-05T15:55:25","modified_gmt":"2026-08-05T15:55:25","slug":"ruista-ranteissa-papua-hartioissa-vahva-fysiikka-on-hankittu-maatilan-toilla-ruumiillista-tyota-olen-tehnyt-ikani-urheilu","status":"publish","type":"post","link":"https:\/\/www.europesays.com\/fi\/317793\/","title":{"rendered":"Ruista ranteissa, papua hartioissa \u2013 Vahva fysiikka on hankittu maatilan t\u00f6ill\u00e4 \u2013 &#8221;Ruumiillista ty\u00f6t\u00e4 olen tehnyt ik\u00e4ni&#8221; | Urheilu"},"content":{"rendered":"<p><strong>Matti Vornasen<\/strong> otteita katsellessa tulee v\u00e4kisinkin mieleen kohtaus Kivenpy\u00f6ritt\u00e4j\u00e4n kyl\u00e4st\u00e4. Satakiloinen betonipallo nousee vaivatta iisalmelaisen voimanpes\u00e4n olkap\u00e4\u00e4lle. Jos sarjakuvista tuttu Obelix sai voimansa pudottuaan taikajuomapataan, Vornasen fysiikka pohjautuu lapsuudenmaisemiin Vierem\u00e4lle. Maatilan ty\u00f6t tulivat tutuiksi jo nuorena, kun kotona hoidettavana oli noin 200-p\u00e4inen karja.<\/p>\n","protected":false},"excerpt":{"rendered":"Matti Vornasen otteita katsellessa tulee v\u00e4kisinkin mieleen kohtaus Kivenpy\u00f6ritt\u00e4j\u00e4n kyl\u00e4st\u00e4. Satakiloinen betonipallo nousee vaivatta iisalmelaisen voimanpes\u00e4n olkap\u00e4\u00e4lle. Jos&hellip;\n","protected":false},"author":2,"featured_media":317794,"comment_status":"","ping_status":"","sticky":false,"template":"","format":"standard","meta":{"footnotes":"","_share_on_mastodon":"0"},"categories":[115],"tags":[33,31,30,455,20333,454,40486,118,3895,32,119,30184,6000,40485,12322],"class_list":["post-317793","post","type-post","status-publish","format-standard","has-post-thumbnail","category-fysiikka","tag-fi","tag-finland","tag-finnish","tag-fysiikka","tag-iisalmen-kaupunki","tag-physics","tag-raakavoimanosto","tag-science","tag-suomenmestaruus","tag-suomi","tag-tiede","tag-viereman-kunta","tag-voimailu","tag-voimanosto","tag-yla-savon-seutukunta"],"share_on_mastodon":{"url":"https:\/\/pubeurope.com\/@fi\/117043719533163091","error":""},"_links":{"self":[{"href":"https:\/\/www.europesays.com\/fi\/wp-json\/wp\/v2\/posts\/317793","targetHints":{"allow":["GET"]}}],"collection":[{"href":"https:\/\/www.europesays.com\/fi\/wp-json\/wp\/v2\/posts"}],"about":[{"href":"https:\/\/www.europesays.com\/fi\/wp-json\/wp\/v2\/types\/post"}],"author":[{"embeddable":true,"href":"https:\/\/www.europesays.com\/fi\/wp-json\/wp\/v2\/users\/2"}],"replies":[{"embeddable":true,"href":"https:\/\/www.europesays.com\/fi\/wp-json\/wp\/v2\/comments?post=317793"}],"version-history":[{"count":0,"href":"https:\/\/www.europesays.com\/fi\/wp-json\/wp\/v2\/posts\/317793\/revisions"}],"wp:featuredmedia":[{"embeddable":true,"href":"https:\/\/www.europesays.com\/fi\/wp-json\/wp\/v2\/media\/317794"}],"wp:attachment":[{"href":"https:\/\/www.europesays.com\/fi\/wp-json\/wp\/v2\/media?parent=317793"}],"wp:term":[{"taxonomy":"category","embeddable":true,"href":"https:\/\/www.europesays.com\/fi\/wp-json\/wp\/v2\/categories?post=317793"},{"taxonomy":"post_tag","embeddable":true,"href":"https:\/\/www.europesays.com\/fi\/wp-json\/wp\/v2\/tags?post=317793"}],"curies":[{"name":"wp","href":"https:\/\/api.w.org\/{rel}","templated":true}]}}