{"id":317875,"date":"2026-08-05T18:03:17","date_gmt":"2026-08-05T18:03:17","guid":{"rendered":"https:\/\/www.europesays.com\/fi\/317875\/"},"modified":"2026-08-05T18:03:17","modified_gmt":"2026-08-05T18:03:17","slug":"hekalta-poikkeuksellinen-ratkaisu-postipuistossa-kaytamme-kaikki-keinot-paikalliset","status":"publish","type":"post","link":"https:\/\/www.europesays.com\/fi\/317875\/","title":{"rendered":"Hekalta poikkeuksellinen ratkaisu Postipuistossa \u2013 &#8221;K\u00e4yt\u00e4mme kaikki keinot&#8221; | Paikalliset"},"content":{"rendered":"<p>Helsingin kaupungin asunnot (Heka) aikoo aloittaa kameravalvonnan Postipuistossa viel\u00e4 t\u00e4m\u00e4n kuun aikana. Syyn\u00e4 on Postiljooninkatu 2:n vuosia kest\u00e4nyt ilkivalta ja h\u00e4iri\u00f6k\u00e4ytt\u00e4ytyminen. Helsingin Uutiset on kirjoittanut aiheesta useita juttuja. Linkit juttuihin on t\u00e4m\u00e4n uutisen lopussa.<\/p>\n<p>Hekan mukaan valvontaa tulee paitsi Postiljooninkadun j\u00e4tepisteelle my\u00f6s kiinteist\u00f6n muille yleisille alueille.<\/p>\n<p>\u2013\u2009Lis\u00e4\u00e4mme my\u00f6s vartiointia. K\u00e4yt\u00e4mme kaikki keinot, jotta ihmisill\u00e4 on turvallista, Heka is\u00e4nn\u00f6intijohtaja <strong>Pekka Pirinen<\/strong> sanoo Helsingin Uutisille.<\/p>\n<p>Heka tehostaa lis\u00e4ksi kohteen valaistusta ja siivousta.<\/p>\n<p>Hekan ratkaisu Postipuistossa on poikkeuksellinen. Pirisen mukaan vastaavaa valvontaa on vain noin kymmeness\u00e4 Hekan kohteessa.<\/p>\n<p>\u2013\u2009Ei t\u00e4llaisia hirve\u00e4n paljon ole. Yleisesti n\u00e4in tehd\u00e4\u00e4n vain poikkeustilanteissa, jos esimerkiksi j\u00e4tetiloissa on paljon ilkivaltaa.<\/p>\n<p>Pirinen sanoo ett\u00e4 tapauksia on eri puolilla Helsinki\u00e4.<\/p>\n<p>\u2013 Kyse on yksitt\u00e4isist\u00e4 kohteista eri puolilla Helsinki\u00e4. H\u00e4iri\u00f6iden taustalla on usein vain pieni joukko ihmisi\u00e4.<\/p>\n<p><strong class=\"diks-storyline__impact\">Helsingin Uutisten<\/strong> lukija on l\u00e4hett\u00e4nyt toimitukseen videoita eri puolilta Postiljooninkatu 2:a. Videoiden kuvaushetkell\u00e4 rappuk\u00e4yt\u00e4v\u00e4ss\u00e4 on ollut roskia sek\u00e4 roiskeita ja j\u00e4tepisteen lattialla runsaasti avonaisia roskapusseja ja sinne kuulumatonta j\u00e4tett\u00e4.<\/p>\n<p>\t\t\t\t\t<img class=\"diks-card__image\" src=\"https:\/\/www.europesays.com\/fi\/wp-content\/uploads\/2026\/08\/11597079.jpg\"   loading=\"lazy\" decoding=\"sync\" alt=\"\"\/><\/p>\n<p>\t\t\t\t\t<img class=\"diks-card__image\" src=\"https:\/\/www.europesays.com\/fi\/wp-content\/uploads\/2026\/08\/11585518.jpg\"   loading=\"lazy\" decoding=\"sync\" alt=\"\"\/><\/p>\n<p>\t\t\t\t\t<img class=\"diks-card__image\" src=\"https:\/\/www.europesays.com\/fi\/wp-content\/uploads\/2026\/08\/11598451.jpg\"   loading=\"lazy\" decoding=\"sync\" alt=\"\"\/><\/p>\n<p>\t\t\t\t\t<img class=\"diks-card__image\" src=\"https:\/\/www.europesays.com\/fi\/wp-content\/uploads\/2026\/08\/11443593.jpg\"   loading=\"lazy\" decoding=\"sync\" alt=\"\"\/><\/p>\n","protected":false},"excerpt":{"rendered":"Helsingin kaupungin asunnot (Heka) aikoo aloittaa kameravalvonnan Postipuistossa viel\u00e4 t\u00e4m\u00e4n kuun aikana. Syyn\u00e4 on Postiljooninkatu 2:n vuosia kest\u00e4nyt&hellip;\n","protected":false},"author":2,"featured_media":317876,"comment_status":"","ping_status":"","sticky":false,"template":"","format":"standard","meta":{"footnotes":"","_share_on_mastodon":"0"},"categories":[12],"tags":[36,22,23,26,27,33,31,30,17,2231,104,543,24,25,28,29,15,18,21,2305,402,32,19,20,546,16],"class_list":["post-317875","post","type-post","status-publish","format-standard","has-post-thumbnail","category-suomi","tag-asuintalot-ja-asunnot","tag-breaking-news","tag-breakingnews","tag-featured-news","tag-featurednews","tag-fi","tag-finland","tag-finnish","tag-headlines","tag-helsingin-kaupunki","tag-helsinki","tag-koti-ja-asuminen","tag-latest-news","tag-latestnews","tag-main-news","tag-mainnews","tag-news","tag-otsikot","tag-paauutiset","tag-puheenaiheet","tag-rakentaminen-kiinteistot","tag-suomi","tag-top-stories","tag-topstories","tag-turvallisuus","tag-uutiset"],"share_on_mastodon":{"url":"https:\/\/pubeurope.com\/@fi\/117044222974516557","error":""},"_links":{"self":[{"href":"https:\/\/www.europesays.com\/fi\/wp-json\/wp\/v2\/posts\/317875","targetHints":{"allow":["GET"]}}],"collection":[{"href":"https:\/\/www.europesays.com\/fi\/wp-json\/wp\/v2\/posts"}],"about":[{"href":"https:\/\/www.europesays.com\/fi\/wp-json\/wp\/v2\/types\/post"}],"author":[{"embeddable":true,"href":"https:\/\/www.europesays.com\/fi\/wp-json\/wp\/v2\/users\/2"}],"replies":[{"embeddable":true,"href":"https:\/\/www.europesays.com\/fi\/wp-json\/wp\/v2\/comments?post=317875"}],"version-history":[{"count":0,"href":"https:\/\/www.europesays.com\/fi\/wp-json\/wp\/v2\/posts\/317875\/revisions"}],"wp:featuredmedia":[{"embeddable":true,"href":"https:\/\/www.europesays.com\/fi\/wp-json\/wp\/v2\/media\/317876"}],"wp:attachment":[{"href":"https:\/\/www.europesays.com\/fi\/wp-json\/wp\/v2\/media?parent=317875"}],"wp:term":[{"taxonomy":"category","embeddable":true,"href":"https:\/\/www.europesays.com\/fi\/wp-json\/wp\/v2\/categories?post=317875"},{"taxonomy":"post_tag","embeddable":true,"href":"https:\/\/www.europesays.com\/fi\/wp-json\/wp\/v2\/tags?post=317875"}],"curies":[{"name":"wp","href":"https:\/\/api.w.org\/{rel}","templated":true}]}}