{"id":31803,"date":"2025-09-11T10:26:06","date_gmt":"2025-09-11T10:26:06","guid":{"rendered":"https:\/\/www.europesays.com\/fi\/31803\/"},"modified":"2025-09-11T10:26:06","modified_gmt":"2025-09-11T10:26:06","slug":"influenssa-ja-koronarokotukset-alkavat-tama-on-ero-viime-vuoteen-paikalliset","status":"publish","type":"post","link":"https:\/\/www.europesays.com\/fi\/31803\/","title":{"rendered":"Influenssa- ja koronarokotukset alkavat: T\u00e4m\u00e4 on ero viime vuoteen | Paikalliset"},"content":{"rendered":"<p>Syksyn influenssa- ja koronarokotusten ajanvaraukset alkavat ensi viikolla Helsingiss\u00e4.<\/p>\n<p>65 vuotta t\u00e4ytt\u00e4neiden rokotusajanvaraus aukeaa tiistaina (16.9.) Maisassa. Keskiviikosta (17.9.) alkaen ajan voi varata puhelimessa.<\/p>\n<p>Alle 65-vuotiaiden ajanvaraus aukeaa 8. lokakuuta Maisassa ja puhelimessa.<\/p>\n<p><strong class=\"diks-storyline__impact\">Kaupungin<\/strong> epidemiologisen toiminnan ylil\u00e4\u00e4k\u00e4ri <strong>Sanna Isosomppi<\/strong> toteaa Helsingin Uutisille, ett\u00e4 t\u00e4n\u00e4 vuonna rokotusten antamista on selkiytetty. Molemmat rokotukset annetaan yht\u00e4 aikaa.<\/p>\n<p>\u2013\u2009Me tarjoamme rokotuksia kaikille THL:n suosittelemille kohderyhmille. Kannustan l\u00e4mpim\u00e4sti kaikkia ryhmiin kuuluvia my\u00f6s ottamaan sen.<\/p>\n<p>T\u00e4n\u00e4 vuonna influenssarokotusten kohderyhmiin kuuluvat samat kuin viime vuonna eli raskaana olevat, 65 vuotta t\u00e4ytt\u00e4neet, 6kk\u20136-vuotiaat lapset, sairauden tai hoidon vuoksi riskiryhmiin kuuluvat sek\u00e4 varusmiespalveluksen aloittavat.<\/p>\n<p>Muita kohderyhmi\u00e4 ovat vakavalle influenssalle alttiiden henkil\u00f6iden l\u00e4hipiiri, sosiaali- ja terveydenhuollon ja l\u00e4\u00e4kehuollon henkil\u00f6st\u00f6, joka osallistuu potilaiden ja asiakkaiden v\u00e4litt\u00f6m\u00e4\u00e4n hoitoon tai huoltoon.<\/p>\n<p><strong class=\"diks-storyline__impact\">Koronatehosterokotuksia<\/strong> tarjotaan t\u00e4n\u00e4 vuonna suppeammin kuin viime vuonna. Ik\u00e4perusteena on yli 75-vuotiaat. Rokotuksen saavat kaikenik\u00e4iset voimakkaasti immuunipuutteiset ja ne 18\u201374-vuotiaat, joilla on v\u00e4hint\u00e4\u00e4n kaksi vakavalle koronataudille riski\u00e4 sis\u00e4lt\u00e4v\u00e4\u00e4 sairautta, kuten ykk\u00f6styypin diabetes, krooninen maksa- tai syd\u00e4nsairaus.<\/p>\n<p>T\u00e4n\u00e4 vuonna pelk\u00e4st\u00e4\u00e4n raskauden takia rokotusta ei saa, mutta jos on v\u00e4hint\u00e4\u00e4n kaksi riski\u00e4 sis\u00e4lt\u00e4v\u00e4\u00e4 sairautta, rokotuksen saa.<\/p>\n<p>Viime vuonna rokotuksen saivat kaikki raskaana olevat, yli 65-vuotiaat ja yksi koronalle riski\u00e4 sis\u00e4lt\u00e4v\u00e4 sairaus ja ne 18\u201364-vuotiaat riskipotilaat.<\/p>\n<p><strong class=\"diks-storyline__impact\">Mist\u00e4<\/strong> tiukennus koronarokotteissa johtuu?<\/p>\n<p>\u2013\u2009THL on tehnyt arvion, ketk\u00e4 siit\u00e4 eniten hy\u00f6tyv\u00e4t, Isosomppi sanoo.<\/p>\n<p>Joillekin virus aiheuttaa edelleen sairaalahoitoa vaativan taudin, mutta suurimmalle osalle se on muihin hengitystieinfektioihin verrattava.<\/p>\n<p>Oireina ovat kuumetta, ysk\u00e4\u00e4, kurkkukipua, makuaistin menetyst\u00e4 ja lihass\u00e4rky\u00e4.<\/p>\n<p><strong class=\"diks-storyline__impact\">Rokotuksia<\/strong> annetaan l\u00e4hes kaikilla terveysasemilla.<\/p>\n<p>Ruuhkia ei ole luvassa, sill\u00e4 rokotuksia annetaan vain ajanvarauksella.<\/p>\n<p>\u2013\u2009Puhelinpalveluissa saattaa olla pidemp\u00e4\u00e4 odotusaikaa. Kaikkiin puheluihin vastataan. Kannustan tekem\u00e4\u00e4n ajanvarauksen Maisan kautta.<\/p>\n<p>Oppilaitokset ja koulut hoitavat rokotukset itse. My\u00f6s neuvolat, sairaalat, seniorikeskukset, palvelutalot ja kotihoito rokottavat omat asiakkaansa.<\/p>\n<p><strong class=\"diks-storyline__impact\">THL<\/strong> tekee joidenkin hengitystievirusten, kuten koronan, j\u00e4tevesiseurantaa. Mukana on yhteens\u00e4 kahdeksan j\u00e4tevedenpuhdistamoa, my\u00f6s Viikinm\u00e4en puhdistamo Helsingiss\u00e4.<\/p>\n<p>\u2013 Pient\u00e4 nousutrendi\u00e4 koronan j\u00e4tevesil\u00f6yd\u00f6ksiss\u00e4 on nyt havaittu. Viime vuonna tapausm\u00e4\u00e4r\u00e4t l\u00e4htiv\u00e4t nousemaan marraskuussa, Isosomppi jatkaa.<\/p>\n<p>THL suosittelee influenssarokotusta kaikille, jotka ovat l\u00e4heisess\u00e4 kontaktissa vakavalle influenssalle alttiiden kanssa. Osa rokotuksista on omakustanteisia. Rokotuksen voi saada reseptill\u00e4 terveysaseman kautta.<\/p>\n<p><strong class=\"diks-storyline__impact\">Mink\u00e4laista<\/strong> influenssasyksy\u00e4 Helsinkiin odotellaan?<\/p>\n<p>\u2013\u2009Vuodet eiv\u00e4t ole velji\u00e4 kesken\u00e4\u00e4n. Tulevaa epidemiakautta on vaikea ennakoida. Viime vuonna tauti oli poikkeuksellisen voimakas ja jatkui pitk\u00e4\u00e4n kev\u00e4\u00e4lle.<\/p>\n<p>Influenssaepidemian odotetaan k\u00e4ynnistyv\u00e4n tavallisesti vuodenvaihteen j\u00e4lkeen tammi\u2013helmikuussa, joskus jo joulukuussa.<\/p>\n<p>\u2013\u2009Joskus epidemiakynnyst\u00e4 ei edes ylitet\u00e4, Isosomppi jatkaa.<\/p>\n<p><strong class=\"diks-storyline__impact\">Isosomppi<\/strong> ei osaa sanoa t\u00e4n\u00e4 syksyn\u00e4 rokotettavien tarkkaa m\u00e4\u00e4r\u00e4\u00e4 Helsingiss\u00e4, mutta viime vuoden luvut ovat ainakin suuntaa-antavia.<\/p>\n<p>Viime vuonna koko talvikaudella Helsingiss\u00e4 annettiin yli 130 000 influenssarokoteannosta, valtaosa syyskaudella.<\/p>\n<p>Koronatehosterokotteita annettiin syystalvella yli 95 000 annosta.<\/p>\n<p>\u2013\u2009Nyt kun suositus on muuttunut ja kohderyhm\u00e4 on pienempi, rokotettujen m\u00e4\u00e4r\u00e4 tulee olemaan viime kautta matalampi.<\/p>\n<p>Viel\u00e4 on aikaista arvioida, j\u00e4\u00e4k\u00f6 koronarokotus pysyv\u00e4ksi rokotteeksi kausi-influenssan rinnalle vai ei.<\/p>\n<p>\u2013\u2009Se j\u00e4\u00e4 n\u00e4ht\u00e4v\u00e4ksi. Asiantuntijat arvioivat sen kansainv\u00e4lisesti ja THL meill\u00e4 Suomessa.<\/p>\n<p><strong class=\"diks-storyline__impact\">Syksyn<\/strong> flunssakausi on jo k\u00e4ynnistynyt. T\u00e4ll\u00e4 hetkell\u00e4 liikkeell\u00e4 on ainakin rinovirusta, joka on tyypillinen nuhakuumeinfektio.<\/p>\n<p>T\u00e4rkeint\u00e4 on muistaa perusasiat: Hyv\u00e4 k\u00e4sihygienia. Jos olet kipe\u00e4, j\u00e4\u00e4 kotiin lep\u00e4\u00e4m\u00e4\u00e4n. Alkuvaiheessa tauti on kaikista tartuttavin.<\/p>\n<p>\u2013\u2009Jos potilas saa vakavampia oireita ja yleisvointi heikkenee, on t\u00e4rke\u00e4\u00e4 olla yhteydess\u00e4 terveydenhuoltoon. Muuten perusterve ihminen voi potea kotona rauhassa, Isosomppi jatkaa.<\/p>\n<p class=\"diks-title diks-article-box__title\">Rokotukset annetaan vaiheittain<\/p>\n<p>Syksyn 2025 influenssarokotukset<\/p>\n<p>Influenssarokotuksia annetaan 30.9.\u201314.11. Helsingin terveysasemilla. <\/p>\n<p>75 vuotta t\u00e4ytt\u00e4neiden rokotukset j\u00e4rjestet\u00e4\u00e4n 30.9.\u201310.10. <\/p>\n<p>Jos rokotettavaksi ei p\u00e4\u00e4se oman ik\u00e4ryhm\u00e4n rokotusviikoilla, ajan voi varata my\u00f6hemmin (14.11. saakka).<\/p>\n<p>65\u201374-vuotiaiden rokotukset j\u00e4rjestet\u00e4\u00e4n 13.10.\u201324.10. <\/p>\n<p>Alle 65-vuotiaiden rokotuksia annetaan 27.10.\u201314.11. <\/p>\n<p>Lis\u00e4tietoa rokotuksista l\u00f6ytyy <a href=\"https:\/\/www.hel.fi\/fi\/sosiaali-ja-terveyspalvelut\/terveydenhoito\/terveysasemat\/rokotukset\/influenssarokotukset-helsingissa\" rel=\"nofollow noopener\" target=\"_blank\">t\u00e4st\u00e4 linkist\u00e4<\/a>.<\/p>\n","protected":false},"excerpt":{"rendered":"Syksyn influenssa- ja koronarokotusten ajanvaraukset alkavat ensi viikolla Helsingiss\u00e4. 65 vuotta t\u00e4ytt\u00e4neiden rokotusajanvaraus aukeaa tiistaina (16.9.) Maisassa. Keskiviikosta&hellip;\n","protected":false},"author":2,"featured_media":31804,"comment_status":"","ping_status":"","sticky":false,"template":"","format":"standard","meta":{"footnotes":""},"categories":[12],"tags":[22,23,26,27,33,31,30,6732,17,104,6313,766,24,25,28,29,15,18,21,32,767,679,167,19,20,16],"class_list":{"0":"post-31803","1":"post","2":"type-post","3":"status-publish","4":"format-standard","5":"has-post-thumbnail","7":"category-suomi","8":"tag-breaking-news","9":"tag-breakingnews","10":"tag-featured-news","11":"tag-featurednews","12":"tag-fi","13":"tag-finland","14":"tag-finnish","15":"tag-flunssa","16":"tag-headlines","17":"tag-helsinki","18":"tag-influenssa","19":"tag-koronavirus","20":"tag-latest-news","21":"tag-latestnews","22":"tag-main-news","23":"tag-mainnews","24":"tag-news","25":"tag-otsikot","26":"tag-paauutiset","27":"tag-suomi","28":"tag-tartuntataudit","29":"tag-terveydenhuollon-toimintalaitokset","30":"tag-terveys","31":"tag-top-stories","32":"tag-topstories","33":"tag-uutiset"},"share_on_mastodon":{"url":"","error":""},"_links":{"self":[{"href":"https:\/\/www.europesays.com\/fi\/wp-json\/wp\/v2\/posts\/31803","targetHints":{"allow":["GET"]}}],"collection":[{"href":"https:\/\/www.europesays.com\/fi\/wp-json\/wp\/v2\/posts"}],"about":[{"href":"https:\/\/www.europesays.com\/fi\/wp-json\/wp\/v2\/types\/post"}],"author":[{"embeddable":true,"href":"https:\/\/www.europesays.com\/fi\/wp-json\/wp\/v2\/users\/2"}],"replies":[{"embeddable":true,"href":"https:\/\/www.europesays.com\/fi\/wp-json\/wp\/v2\/comments?post=31803"}],"version-history":[{"count":0,"href":"https:\/\/www.europesays.com\/fi\/wp-json\/wp\/v2\/posts\/31803\/revisions"}],"wp:featuredmedia":[{"embeddable":true,"href":"https:\/\/www.europesays.com\/fi\/wp-json\/wp\/v2\/media\/31804"}],"wp:attachment":[{"href":"https:\/\/www.europesays.com\/fi\/wp-json\/wp\/v2\/media?parent=31803"}],"wp:term":[{"taxonomy":"category","embeddable":true,"href":"https:\/\/www.europesays.com\/fi\/wp-json\/wp\/v2\/categories?post=31803"},{"taxonomy":"post_tag","embeddable":true,"href":"https:\/\/www.europesays.com\/fi\/wp-json\/wp\/v2\/tags?post=31803"}],"curies":[{"name":"wp","href":"https:\/\/api.w.org\/{rel}","templated":true}]}}