{"id":31805,"date":"2025-09-11T10:27:11","date_gmt":"2025-09-11T10:27:11","guid":{"rendered":"https:\/\/www.europesays.com\/fi\/31805\/"},"modified":"2025-09-11T10:27:11","modified_gmt":"2025-09-11T10:27:11","slug":"pyhtaan-murhasta-epailty-nuori-ei-tuntenut-uhria-lainkaan-yhteyden-puuttuminen-on-henkirikoksissa-hyvin-harvinaista-kymenlaakso","status":"publish","type":"post","link":"https:\/\/www.europesays.com\/fi\/31805\/","title":{"rendered":"Pyht\u00e4\u00e4n murhasta ep\u00e4ilty nuori ei tuntenut uhria lainkaan \u2013 yhteyden puuttuminen on henkirikoksissa hyvin harvinaista | Kymenlaakso"},"content":{"rendered":"<p class=\"aw-1gybjub aw-5vja16 cmIuaG zKETg yle__article__paragraph\">Koska ep\u00e4ilty on nuori, oikeusk\u00e4sittely tulee eteen tavallista nopeammin, mik\u00e4li syytteet nostetaan. K\u00e4sittelyp\u00e4ivi\u00e4 on varattu lokakuulle.<\/p>\n<p><img decoding=\"async\" alt=\"Asuintalo kuvattuna Pyht\u00e4\u00e4n Heinlahden ajotielt\u00e4, jonka pihalla murha tapahtui.\" src=\"https:\/\/www.europesays.com\/fi\/wp-content\/uploads\/2025\/09\/39-137282467238b6660aa4.jpeg\" class=\"aw-1l9m598 hKVVvP\"\/><\/p>\n<p>Avaa kuvien katselu<\/p>\n<p>42-vuotias perheenis\u00e4 l\u00f6ytyi murhattuna kotipihaltaan marraskuun lopussa 2023. Kuva: Antro Valo \/ Yle<\/p>\n<p>11:23\u2022P\u00e4ivitetty 12:57<\/p>\n<p>Juttu tiivistettyn\u00e4<\/p>\n<ul class=\"aw-1jjocuh iJTSwP yle__article__list yle__article__list--ul\">\n<li class=\"aw-1j7gwms kUeLji\">17-vuotias poikaa ep\u00e4ill\u00e4\u00e4n Pyht\u00e4\u00e4ll\u00e4 tapahtuneesta murhasta. H\u00e4n ei tuntenut 42-vuotiasta uhriaan.<\/li>\n<li class=\"aw-1j7gwms kUeLji\">Tekninen tutkinta ja kuulustelut eiv\u00e4t paljastaneet yhteyksi\u00e4 uhrin ja ep\u00e4illyn v\u00e4lill\u00e4.<\/li>\n<li class=\"aw-1j7gwms kUeLji\">Yhteyksien puuttuminen on harvinaista suomalaisissa henkirikoksissa. Se hidasti tutkintaa.<\/li>\n<li class=\"aw-1j7gwms kUeLji\">Poliisi on esitt\u00e4nyt tapauksen syytt\u00e4j\u00e4lle, joka p\u00e4\u00e4tt\u00e4\u00e4 syytteist\u00e4 25. syyskuuta menness\u00e4.<\/li>\n<\/ul>\n<p class=\"aw-1gybjub aw-1p7kakr cmIuaG fmSRng yle__article__paragraph\">T\u00e4m\u00e4 on teko\u00e4lyn avulla tuotettu, toimittajan tarkistama tiivistelm\u00e4.<\/p>\n<p class=\"aw-1gybjub aw-1p7kakr cmIuaG fmSRng yle__article__paragraph\">Pyht\u00e4\u00e4n murhasta ep\u00e4ilty nuori ei tuntenut uhriaan keskusrikos\u00adpoliisin tutkimuksen perusteella. Nyt 17-vuotiasta kotkalaista poikaa ep\u00e4ill\u00e4\u00e4n pyht\u00e4\u00e4l\u00e4isen 42-vuotiaan miehen murhaamisesta vuonna 2023.<\/p>\n<p class=\"aw-1gybjub aw-1p7kakr cmIuaG fmSRng yle__article__paragraph\">Rikoskomisario <strong class=\"aw-ak79eh KyCXm yle__article__strong\">Kimmo Huhta-ahon<\/strong> mukaan yhteyksi\u00e4 uhrin ja ep\u00e4illyn v\u00e4lill\u00e4 ei l\u00f6ytynyt teknisess\u00e4 tutkinnassa, kuulusteluissa tai tiedustelussa.<\/p>\n<p class=\"aw-1gybjub aw-1p7kakr cmIuaG fmSRng yle__article__paragraph\">\u2013 He eiv\u00e4t ole mill\u00e4\u00e4n tavalla tuttuja tai tekemisiss\u00e4 toistensa kanssa aiemmin ennen tuota kohtalokasta y\u00f6t\u00e4, Huhta-aho sanoo.<\/p>\n<p class=\"aw-1gybjub aw-1p7kakr cmIuaG fmSRng yle__article__paragraph\">Yhteyksien puuttumisesta kertoi ensin <a class=\"aw-iao6s4 iHOxEa yle__article__link\" href=\"https:\/\/www.kymensanomat.fi\/paikalliset\/8836039\" role=\"link\" rel=\"nofollow noopener\" target=\"_blank\">Kymen Sanomat<\/a>.<\/p>\n<p>Yhteyden puuttuminen hidasti tutkintaa<\/p>\n<p class=\"aw-1gybjub aw-1p7kakr cmIuaG fmSRng yle__article__paragraph\">Huhta-ahon mukaan yhteyksien puuttuminen on suomalaisissa henkirikoksissa hyvin harvinaista. Useimmiten uhrilla ja tekij\u00e4ll\u00e4 on voinut olla kiistaa rahasta, puolisosta, tai esimerkiksi jokin asia on k\u00e4ynyt kunnian p\u00e4\u00e4lle.<\/p>\n<p class=\"aw-1gybjub aw-1p7kakr cmIuaG fmSRng yle__article__paragraph\">\u2013 Tuollainen teko yleens\u00e4 edellytt\u00e4\u00e4, ett\u00e4 heid\u00e4n kahdenv\u00e4lisess\u00e4 asiassa on joku ristiriita, mutta t\u00e4llaista emme ole l\u00f6yt\u00e4neet, Huhta-aho sanoo.<\/p>\n<p class=\"aw-1gybjub aw-1p7kakr cmIuaG fmSRng yle__article__paragraph\">Juuri yhteyksien puuttuminen pitkitti tutkintaa. Pyht\u00e4\u00e4l\u00e4ismies murhattiin <a class=\"aw-iao6s4 iHOxEa yle__article__link\" href=\"https:\/\/yle.fi\/a\/74-20058554\" role=\"link\" rel=\"nofollow noopener\" target=\"_blank\">marraskuussa 2023<\/a> ja tutkintavastuu siirtyi nopeasti keskusrikos\u00adpoliisille.<\/p>\n<p class=\"aw-1gybjub aw-1p7kakr cmIuaG fmSRng yle__article__paragraph\">Murhasta ep\u00e4ilty nuori pid\u00e4tettiin helmikuussa 2025. Keskusrikospoliisi tiesi h\u00e4nen henkil\u00f6llisyytens\u00e4 jonkin aikaa ennen pid\u00e4tyst\u00e4.<\/p>\n<p>Uhrin l\u00e4heisille pitk\u00e4 tutkinta on kova paikka<\/p>\n<p class=\"aw-1gybjub aw-1p7kakr cmIuaG fmSRng yle__article__paragraph\">Poliisin esitutkinta <a class=\"aw-iao6s4 iHOxEa yle__article__link\" href=\"https:\/\/yle.fi\/a\/74-20182148\" role=\"link\" rel=\"nofollow noopener\" target=\"_blank\">on valmistunut<\/a>. Nyt asia on syytt\u00e4j\u00e4ll\u00e4 ja h\u00e4nen pit\u00e4\u00e4 p\u00e4\u00e4tt\u00e4\u00e4 syytteiden nostamisesta 25. syyskuuta menness\u00e4.<\/p>\n<p class=\"aw-1gybjub aw-1p7kakr cmIuaG fmSRng yle__article__paragraph\">Koska ep\u00e4ilty on nuori, oikeusk\u00e4sittely tulee eteen tavallista nopeammin, mik\u00e4li syytteet nostetaan. K\u00e4sittelyp\u00e4ivi\u00e4 on varattu lokakuulle.<\/p>\n<p class=\"aw-1gybjub aw-1p7kakr cmIuaG fmSRng yle__article__paragraph\">Huhta-aho on <a class=\"aw-iao6s4 iHOxEa yle__article__link\" href=\"https:\/\/yle.fi\/a\/74-20063832\" role=\"link\" rel=\"nofollow noopener\" target=\"_blank\">kertonut aiemmin<\/a>, ett\u00e4 h\u00e4n haluaa selvitt\u00e4\u00e4 rikoksen uhrin l\u00e4heisten ja varsinkin alaik\u00e4isen lapsen takia. Huhta-ahon kokemuksen mukaan prosessi tutkinnasta oikeudenk\u00e4yntiin on uhrin l\u00e4heisille tuskallinen.<\/p>\n<p class=\"aw-1gybjub aw-1p7kakr cmIuaG fmSRng yle__article__paragraph\">\u2013 Kohtuuttomasti joutuu pieni ihminen odottamaan sit\u00e4, ett\u00e4 saadaan asia seuraavaan vaiheeseen, vaikka se menisi kuinka jouhevasti. T\u00e4m\u00e4 on kova paikka, Huhta-aho sanoo.<\/p>\n","protected":false},"excerpt":{"rendered":"Koska ep\u00e4ilty on nuori, oikeusk\u00e4sittely tulee eteen tavallista nopeammin, mik\u00e4li syytteet nostetaan. K\u00e4sittelyp\u00e4ivi\u00e4 on varattu lokakuulle. Avaa kuvien&hellip;\n","protected":false},"author":2,"featured_media":31806,"comment_status":"","ping_status":"","sticky":false,"template":"","format":"standard","meta":{"footnotes":""},"categories":[5],"tags":[22,23,26,27,33,31,30,17,4918,71,464,24,25,28,29,1252,15,18,21,5716,581,32,19,20,16],"class_list":{"0":"post-31805","1":"post","2":"type-post","3":"status-publish","4":"format-standard","5":"has-post-thumbnail","7":"category-otsikot","8":"tag-breaking-news","9":"tag-breakingnews","10":"tag-featured-news","11":"tag-featurednews","12":"tag-fi","13":"tag-finland","14":"tag-finnish","15":"tag-headlines","16":"tag-henkirikokset","17":"tag-kotimaa","18":"tag-kymenlaakso","19":"tag-latest-news","20":"tag-latestnews","21":"tag-main-news","22":"tag-mainnews","23":"tag-murha","24":"tag-news","25":"tag-otsikot","26":"tag-paauutiset","27":"tag-pyhtaa","28":"tag-rikokset","29":"tag-suomi","30":"tag-top-stories","31":"tag-topstories","32":"tag-uutiset"},"share_on_mastodon":{"url":"","error":""},"_links":{"self":[{"href":"https:\/\/www.europesays.com\/fi\/wp-json\/wp\/v2\/posts\/31805","targetHints":{"allow":["GET"]}}],"collection":[{"href":"https:\/\/www.europesays.com\/fi\/wp-json\/wp\/v2\/posts"}],"about":[{"href":"https:\/\/www.europesays.com\/fi\/wp-json\/wp\/v2\/types\/post"}],"author":[{"embeddable":true,"href":"https:\/\/www.europesays.com\/fi\/wp-json\/wp\/v2\/users\/2"}],"replies":[{"embeddable":true,"href":"https:\/\/www.europesays.com\/fi\/wp-json\/wp\/v2\/comments?post=31805"}],"version-history":[{"count":0,"href":"https:\/\/www.europesays.com\/fi\/wp-json\/wp\/v2\/posts\/31805\/revisions"}],"wp:featuredmedia":[{"embeddable":true,"href":"https:\/\/www.europesays.com\/fi\/wp-json\/wp\/v2\/media\/31806"}],"wp:attachment":[{"href":"https:\/\/www.europesays.com\/fi\/wp-json\/wp\/v2\/media?parent=31805"}],"wp:term":[{"taxonomy":"category","embeddable":true,"href":"https:\/\/www.europesays.com\/fi\/wp-json\/wp\/v2\/categories?post=31805"},{"taxonomy":"post_tag","embeddable":true,"href":"https:\/\/www.europesays.com\/fi\/wp-json\/wp\/v2\/tags?post=31805"}],"curies":[{"name":"wp","href":"https:\/\/api.w.org\/{rel}","templated":true}]}}