{"id":31807,"date":"2025-09-11T10:39:09","date_gmt":"2025-09-11T10:39:09","guid":{"rendered":"https:\/\/www.europesays.com\/fi\/31807\/"},"modified":"2025-09-11T10:39:09","modified_gmt":"2025-09-11T10:39:09","slug":"tuukalta-paivitys-olga-temosen-tilanteesta-apuvaline-taustalla","status":"publish","type":"post","link":"https:\/\/www.europesays.com\/fi\/31807\/","title":{"rendered":"Tuukalta p\u00e4ivitys Olga Temosen tilanteesta \u2013 apuv\u00e4line taustalla"},"content":{"rendered":"<p>            Miikka Kaskinen\n        <\/p>\n<p class=\"subtitle \">Tuukka palasi kotiin ja p\u00e4ivitti perheen iltatunnelmia.<\/p>\n<p class=\"article-content article-content-width !bg-background\">N\u00e4yttelij\u00e4\u00a0rikkoi hiljattain yli kuukauden kest\u00e4neen julkaisutaukonsa Instagramissa juhlistaakseen 17. h\u00e4\u00e4p\u00e4iv\u00e4\u00e4ns\u00e4\u00a0kanssa.<\/p>\n<p class=\"font-weight-bold m-font-weight-bold article-content article-content-width !bg-background\">Olga Temonen kertoo oivalluksistaan sy\u00f6v\u00e4n kanssa:<\/p>\n<p class=\"article-content article-content-width !bg-background\">Olga on pit\u00e4nyt aiempaa matalampaa profiilia somessa sen j\u00e4lkeen, kun h\u00e4n hein\u00e4kuun loppupuolella ilmoitti sy\u00f6p\u00e4tilanteensa k\u00e4\u00e4ntyneen j\u00e4lleen huonompaan. Tuolloin h\u00e4n kertoi saaneensa kokeellista l\u00e4\u00e4kett\u00e4 ranskalaisesta sy\u00f6p\u00e4sairaalasta.<\/p>\n<p class=\"article-content article-content-width !bg-background\">\u2013\u00a0L\u00e4\u00e4ke on antanut lupaavia tuloksia juuri t\u00e4h\u00e4n minun kasvaintyyppiin ja siksi toivoa viel\u00e4 on. Pit\u00e4k\u00e4\u00e4 peukkuja, ett\u00e4 l\u00e4\u00e4ke ehtii toimia,\u00a0Olga kirjoitti hein\u00e4kuussa.<\/p>\n<p class=\"article-content article-content-width !bg-background\">Sen j\u00e4lkeen Olga on markkinoinut yhdess\u00e4 Tuukan kanssa tekem\u00e4\u00e4ns\u00e4 elokuvaa. Syyskuun alussa Olga joutui j\u00e4tt\u00e4m\u00e4\u00e4n v\u00e4liin yhteisen Italian-matkan, jonka oli varannut Tuukalle syntym\u00e4p\u00e4iv\u00e4lahjaksi ja yhteiseksi h\u00e4\u00e4p\u00e4iv\u00e4lahjaksi.<\/p>\n<p>        <a itemprop=\"url\" href=\"https:\/\/www.seiska.fi\/kotimaa\/tuukka-temoselta-erikoinen-ulostulo\/1918362\" rel=\"nofollow noopener\" target=\"_blank\"><\/p>\n<p>\nTuukka Temonen\n<\/p>\n<p class=\"section-date\">\n        <strong class=\"article-section\" data-section=\"kotimaa\"><br \/>\n            kotimaa<br \/>\n        <\/strong><br \/>\n        2.9. 14:57\n    <\/p>\n<p>    Tuukka Temoselta erikoinen ulostulo<\/p>\n<p itemprop=\"description\" class=\"subtitle \">\n    Tuukan puoliso Olga Temonen kertoi vuonna 2023 sairastuneensa aivosy\u00f6p\u00e4\u00e4n.\n<\/p>\n<p>        <\/a><\/p>\n<p>Posti kulkee<\/p>\n<p class=\"article-content article-content-width !bg-background\">Keskiviikkona (10.9.) Tuukka oli j\u00e4lleen palannut kotiin, ja jakoi <a href=\"https:\/\/www.instagram.com\/stories\/tuukkatemonen\/?hl=fi\" target=\"_blank\" rel=\"nofollow noopener\">Instagram-tarinoihinsa<\/a> kuulumisia.<\/p>\n<p class=\"article-content article-content-width !bg-background\">Tarinassaan Tuukka ihmettelee Postin taitoja l\u00f6yt\u00e4\u00e4 ihmiset, kun perheen kotiin oli saapunut Olgalle tarkoitettu, puutteellisin tiedoin t\u00e4ytetty l\u00e4hetys.<\/p>\n<p class=\"article-content article-content-width !bg-background\">\u2013 Nyt on kyll\u00e4 postien posti. N\u00e4yttelij\u00e4 Olga Temonen, ja osoite maatila, Iitti, Tuukka lukee \u00e4\u00e4neen osoiteriville kirjoitetut tiedot.<\/p>\n<p class=\"article-content article-content-width !bg-background\">\u2013 Ja kyll\u00e4, maatila, Iitti. L\u00f6ysi perille, h\u00e4n jatkaa, ja kuvailee vieress\u00e4\u00e4n autossa istuvaa, ny\u00f6kyttelev\u00e4\u00e4 Olgaa.<\/p>\n<p>Apuv\u00e4line taustalla<\/p>\n<p class=\"article-content article-content-width !bg-background\">My\u00f6hemmin illalla Tuukka jakoi viel\u00e4 tunnelmallisen videoklipin, jossa perhe viett\u00e4\u00e4 aikaa kotinsa terassilla. Mukana ovat lapset ja koira, ja uima-allaskin on k\u00e4yt\u00f6ss\u00e4.<\/p>\n<p class=\"article-content article-content-width !bg-background\">Videolla Olga istuu aurinkotuolissa viltteihin k\u00e4\u00e4riytyneen\u00e4. Kun Tuukka kuvaa terassia, n\u00e4kyy sen nurkkaan parkkeerattu py\u00f6r\u00e4tuoli.<\/p>\n<p class=\"article-content article-content-width !bg-background\">Py\u00f6r\u00e4tuoli ei ole suoraan kenenk\u00e4\u00e4n vieress\u00e4, eik\u00e4 siit\u00e4 mainita nopean vilauksen ohessa mit\u00e4\u00e4n.<\/p>\n<p>        <a itemprop=\"url\" href=\"https:\/\/www.seiska.fi\/katso\/tasta-asiasta-luopuminen-syovan-vuoksi-on-ottanut-olga-temosella-erityisen-koville\/1589621\" rel=\"nofollow noopener\" target=\"_blank\"><\/p>\n<p class=\"section-date\">\n        <strong class=\"article-section\" data-section=\"katso\"><br \/>\n            katso<br \/>\n        <\/strong><br \/>\n        23.1. 12:16\n    <\/p>\n<p>    T\u00e4st\u00e4 asiasta luopuminen sy\u00f6v\u00e4n vuoksi on ottanut Olga Temosella erityisen koville<\/p>\n<p itemprop=\"description\" class=\"subtitle \">\n    Olga ja Tuukka Temonen vierailivat Puoli Seitsem\u00e4n -ohjelmassa kertomassa uutuuselokuvastaan ja el\u00e4m\u00e4st\u00e4\u00e4n sy\u00f6p\u00e4sairauden kanssa.\n<\/p>\n<p>        <\/a><\/p>\n<p>Pitk\u00e4\u00e4n jatkunut sairaus<\/p>\n<p class=\"article-content article-content-width !bg-background\">Olgalla todettiin aivosy\u00f6p\u00e4 vuonna 2023, ja h\u00e4n alkoi nopeasti kertomaan avoimesti sy\u00f6v\u00e4st\u00e4\u00e4n ja hoidoista.<\/p>\n<p class=\"article-content article-content-width !bg-background\">Olga on k\u00e4ynyt ahkerasti ulkomailla vaihtoehtoisissa sy\u00f6p\u00e4hoidoissa, jotka h\u00e4nen mukaansa tuottivat tulosta. Hoitoja tehtiin Saksassa aluksi tihe\u00e4\u00e4n tahtiin, sitten harvemmin.<\/p>\n<p class=\"article-content article-content-width !bg-background\">Alkuvuodesta kasvain oli kutistunut kiitett\u00e4v\u00e4ll\u00e4 tavalla.<\/p>\n<p class=\"article-content article-content-width !bg-background\">\u2013 Se oli aiemmin 5,5 sentti\u00e4 pitk\u00e4, mutta nyt se on pienempi kuin sormenkynsi, Olga kertoi tammikuussa Seiskalle toiveikkaana.<\/p>\n<p class=\"article-content article-content-width !bg-background\">Kasvain sijaitsee paikassa, jossa sit\u00e4 ei ole voitu leikata. Pahimmillaan Olga on h\u00e4din tuskin kyennyt puhumaan, ja h\u00e4nen k\u00e4velyns\u00e4kin on muuttunut. H\u00e4n sai aiemmin jalkaproteesin helpottamaan k\u00e4vely\u00e4.<\/p>\n<p class=\"article-content article-content-width !bg-background\">Ennen hein\u00e4kuisia huonoja uutisia Olga ehti pit\u00e4\u00e4 kuukauden mittaisen tauon somesta.<\/p>\n<p>        <a itemprop=\"url\" href=\"https:\/\/www.seiska.fi\/terveys\/olga-temonen-saa-jalkaproteesin\/1682806\" rel=\"nofollow noopener\" target=\"_blank\"><\/p>\n<p>\nOlga Temonen\n<\/p>\n<p class=\"section-date\">\n        <strong class=\"article-section\" data-section=\"terveys\"><br \/>\n            terveys<br \/>\n        <\/strong><br \/>\n        24.4. 15:32\n    <\/p>\n<p>    Olga Temonen saa jalkaproteesin<\/p>\n<p itemprop=\"description\" class=\"subtitle \">\n    Aivokasvain aiheutti Olgalle monia vaikeuksia motoriikassa.\n<\/p>\n<p>        <\/a><\/p>\n<p>                <img decoding=\"async\" src=\"https:\/\/www.europesays.com\/fi\/wp-content\/uploads\/2025\/09\/1927746.webp\" width=\"576\" height=\"720\" alt=\"Olga ja Tuukka ovat pysyneet avoimina Olgan p\u00e4\u00e4tt\u00e4v\u00e4isest\u00e4 taistelusta aivosy\u00f6p\u00e4\u00e4 vastaan.\" loading=\"lazy\" \/>            <\/p>\n<p>\n            Olga ja Tuukka ovat pysyneet avoimina Olgan p\u00e4\u00e4tt\u00e4v\u00e4isest\u00e4 taistelusta aivosy\u00f6p\u00e4\u00e4 vastaan.<br \/>\n            Matti Matikainen\n        <\/p>\n<p><script async src=\"\/\/www.instagram.com\/embed.js\"><\/script><\/p>\n","protected":false},"excerpt":{"rendered":"Miikka Kaskinen Tuukka palasi kotiin ja p\u00e4ivitti perheen iltatunnelmia. N\u00e4yttelij\u00e4\u00a0rikkoi hiljattain yli kuukauden kest\u00e4neen julkaisutaukonsa Instagramissa juhlistaakseen 17.&hellip;\n","protected":false},"author":2,"featured_media":31808,"comment_status":"","ping_status":"","sticky":false,"template":"","format":"standard","meta":{"footnotes":""},"categories":[136],"tags":[407,137,33,31,30,408,3411,9360,32,1469,167,2721,109],"class_list":{"0":"post-31807","1":"post","2":"type-post","3":"status-publish","4":"format-standard","5":"has-post-thumbnail","7":"category-julkkikset","8":"tag-celebrities","9":"tag-entertainment","10":"tag-fi","11":"tag-finland","12":"tag-finnish","13":"tag-julkkikset","14":"tag-olga-temonen","15":"tag-pyoratuoli","16":"tag-suomi","17":"tag-syopa","18":"tag-terveys","19":"tag-tuukka-temonen","20":"tag-viihde"},"share_on_mastodon":{"url":"","error":""},"_links":{"self":[{"href":"https:\/\/www.europesays.com\/fi\/wp-json\/wp\/v2\/posts\/31807","targetHints":{"allow":["GET"]}}],"collection":[{"href":"https:\/\/www.europesays.com\/fi\/wp-json\/wp\/v2\/posts"}],"about":[{"href":"https:\/\/www.europesays.com\/fi\/wp-json\/wp\/v2\/types\/post"}],"author":[{"embeddable":true,"href":"https:\/\/www.europesays.com\/fi\/wp-json\/wp\/v2\/users\/2"}],"replies":[{"embeddable":true,"href":"https:\/\/www.europesays.com\/fi\/wp-json\/wp\/v2\/comments?post=31807"}],"version-history":[{"count":0,"href":"https:\/\/www.europesays.com\/fi\/wp-json\/wp\/v2\/posts\/31807\/revisions"}],"wp:featuredmedia":[{"embeddable":true,"href":"https:\/\/www.europesays.com\/fi\/wp-json\/wp\/v2\/media\/31808"}],"wp:attachment":[{"href":"https:\/\/www.europesays.com\/fi\/wp-json\/wp\/v2\/media?parent=31807"}],"wp:term":[{"taxonomy":"category","embeddable":true,"href":"https:\/\/www.europesays.com\/fi\/wp-json\/wp\/v2\/categories?post=31807"},{"taxonomy":"post_tag","embeddable":true,"href":"https:\/\/www.europesays.com\/fi\/wp-json\/wp\/v2\/tags?post=31807"}],"curies":[{"name":"wp","href":"https:\/\/api.w.org\/{rel}","templated":true}]}}