{"id":31811,"date":"2025-09-11T10:43:09","date_gmt":"2025-09-11T10:43:09","guid":{"rendered":"https:\/\/www.europesays.com\/fi\/31811\/"},"modified":"2025-09-11T10:43:09","modified_gmt":"2025-09-11T10:43:09","slug":"radiojuontaja-minna-kuukka-kertoo-milloin-viimeksi-suuttui","status":"publish","type":"post","link":"https:\/\/www.europesays.com\/fi\/31811\/","title":{"rendered":"Radiojuontaja Minna Kuukka kertoo, milloin viimeksi suuttui"},"content":{"rendered":"<p>Minna Kuukka tykk\u00e4\u00e4, ett\u00e4 kotona on pintapuolisesti siisti\u00e4, mutta kaapit ja laatikot ovat asia erikseen. Viimeisin kina puolison kanssa nousi juuri siivoamisesta.<\/p>\n<p class=\"article-body mb-nof-24 px-nof-16\">Juttusarjassa tunnetut henkil\u00f6t vastaavat kysymykseen: milloin viimeksi?<\/p>\n<p class=\"article-body mb-nof-24 px-nof-16\">Milloin viimeksi itkit? Kyyneleet valuivat silmist\u00e4 ylioppilasp\u00e4iv\u00e4n\u00e4, kun tytt\u00e4reni valmistui lukiosta.<\/p>\n<p class=\"article-body mb-nof-24 px-nof-16\">Herkistyin lakkien jaossa ja my\u00f6hemmin, kun yritin juhlapaikalla pit\u00e4\u00e4 puhetta. Seh\u00e4n ei puhety\u00f6l\u00e4iselt\u00e4 oikein meinannut onnistua, minulle tuli iso m\u00f6ntti kurkkuun ja \u00e4\u00e4neni muuttui piipitt\u00e4v\u00e4ksi. Se on super\u00e4rsytt\u00e4v\u00e4\u00e4!<\/p>\n<p class=\"article-body mb-nof-24 px-nof-16\">N\u00e4ytin my\u00f6s silt\u00e4, ett\u00e4 minulta p\u00e4\u00e4see justiinsa huutoitku. En ole t\u00e4t\u00e4 ominaisuutta oppinut t\u00e4h\u00e4n ik\u00e4\u00e4n menness\u00e4 suitsimaan ja n\u00e4ytt\u00e4\u00e4kin silt\u00e4, ett\u00e4 se menee vain pahemmaksi.<\/p>\n<p class=\"article-body mb-nof-24 px-nof-16\">Nauroit? Aamulla t\u00f6iss\u00e4. On ihanaa saada nauraa aikaisin aamulla. Harvaa naurattaa heti aamukuudelta, ja tarkemmin ajatellen koenkin, ett\u00e4 olemme viihdytysjoukoissa \u2013 yrit\u00e4mme pirist\u00e4\u00e4 t\u00f6ihin l\u00e4htevi\u00e4 ihmisi\u00e4.<\/p>\n<p class=\"article-body mb-nof-24 px-nof-16\">Naurua ei pysty feikkaamaan. Jos olen itse v\u00e4synyt tai huonolla tuulella, tilanne korjaantuu l\u00e4hetyksess\u00e4.<\/p>\n<blockquote class=\"citation\">\n<p>\u201d<\/p>\n<p>N\u00e4ytin silt\u00e4, ett\u00e4 minulta p\u00e4\u00e4see justiinsa huutoitku.<\/p>\n<\/blockquote>\n<p class=\"article-body mb-nof-24 px-nof-16\">Vietit unettoman y\u00f6n? Siit\u00e4 on luojan kiitos aikaa, olen nukkunut putkeen ne siivut, mit\u00e4 olen nukkunut. Etenkin t\u00e4ss\u00e4 ty\u00f6ss\u00e4 unettomuus olisi piinallista.<\/p>\n<p class=\"article-body mb-nof-24 px-nof-16\">Sen tunnustan, ett\u00e4 nukun liian lyhyit\u00e4 \u00f6it\u00e4. Yrit\u00e4n stimuloida nukahtamista niin, ett\u00e4 menen liian my\u00f6h\u00e4\u00e4n nukkumaan. Olen siin\u00e4 kohtaa sitten armottoman v\u00e4synyt.<\/p>\n<p class=\"article-body mb-nof-24 px-nof-16\">Kello soi puoli viisi ja saan noin kuusi tuntia unta. Onneksi olen aina p\u00e4rj\u00e4nnyt aika lyhyill\u00e4 unilla, mutta univelka lienee karmea n\u00e4iden vuosien vuoksi. Toistaiseksi olen kuitenkin jaksanut.<\/p>\n<p class=\"article-body mb-nof-24 px-nof-16\">Podit ik\u00e4kriisi\u00e4? En ole koskaan potenut ik\u00e4kriisi\u00e4, eik\u00e4 esimerkiksi lasten aikuistuminen tunnu pahalta.<\/p>\n<p class=\"article-body mb-nof-24 px-nof-16\">Totta kai tulen ik\u00e4v\u00f6im\u00e4\u00e4n menneit\u00e4 aikoja, kun he joskus muuttavat pois kotoa. Samalla kun katson ikkunasta pihalla touhuavien pikkulasten leikkej\u00e4, huokaan onnekkaasti, ett\u00e4 onneksi tuota hulinaa ei en\u00e4\u00e4 ole.<\/p>\n<p class=\"article-body mb-nof-24 px-nof-16\">Vaihtoehtoa ik\u00e4\u00e4ntymiselleh\u00e4n ei ole tai ainakin muut vaihtoehdot ovat huonompia, joten olen iloinen siit\u00e4, ett\u00e4 olen hengiss\u00e4.<\/p>\n<p class=\"article-body mb-nof-24 px-nof-16\">Juhlit pilkkuun asti? Ty\u00f6ni vuoksi ole kauheasti pilkutellut. Vaikka valvoisin mielell\u00e4ni, en halua sekoittaa vuorokausirytmi\u00e4ni.<\/p>\n<p class=\"article-body mb-nof-24 px-nof-16\">Nuorempana oli makeaa olla juhlimassa aamuun asti. Viimeksi Radiogaalassa lipittelin hieman viini\u00e4, jatkot j\u00e4tin v\u00e4list\u00e4. En ole mik\u00e4\u00e4n tanssija enk\u00e4 nauti kova\u00e4\u00e4nisist\u00e4 y\u00f6kerhoista. Tykk\u00e4\u00e4n istua p\u00f6yd\u00e4ss\u00e4 porukalla ja turista.<\/p>\n<p class=\"article-body mb-nof-24 px-nof-16\">Riitelit? Jostain siivousasiasta mieheni kanssa. Tykk\u00e4\u00e4n, ett\u00e4 on n\u00e4enn\u00e4isesti siisti\u00e4 eik\u00e4 tavaroita loju hujan hajan. Sen sijaan kaapit ja laatikot ovat aina olleet heikko kohtani.<\/p>\n<p class=\"article-body mb-nof-24 px-nof-16\">Mielest\u00e4ni on kauheaa, jos vapaap\u00e4iv\u00e4n\u00e4 mies ehdottaa, ett\u00e4 menn\u00e4\u00e4n j\u00e4rjest\u00e4m\u00e4\u00e4n alakerran varastoa kuntoon. Minuun iskee ihan superkiukku! Ei ihminen voi vapaata aikaansa tuollaiseen k\u00e4ytt\u00e4\u00e4.<\/p>\n<p class=\"article-body mb-nof-24 px-nof-16\">Kyll\u00e4 se j\u00e4rjestely lopulta tapahtuu, mutta vasta valtavan protestoinnin ja huonon mielen kautta.<\/p>\n<blockquote class=\"citation\">\n<p>\u201d<\/p>\n<p>Hoitolak\u00e4ynnin j\u00e4lkeen saatan laskea, ett\u00e4 t\u00e4ll\u00e4kin rahalla saa kaupasta ruokaa kolmeksi p\u00e4iv\u00e4ksi.<\/p>\n<\/blockquote>\n<p class=\"article-body mb-nof-24 px-nof-16\">Tunsit kiitollisuutta? Ylioppilasjuhlissa oli sopivan kompakti porukka juhlimassa meid\u00e4n ylioppilasta. Tuli onnellinen olo siit\u00e4, ett\u00e4 tunnen t\u00e4llaisia ihmisi\u00e4 ja meid\u00e4n perheess\u00e4 on juuri n\u00e4it\u00e4 tyyppej\u00e4. Tunnelma oli aivan ihana.<\/p>\n<p class=\"article-body mb-nof-24 px-nof-16\">Nuukailit? Olen surkea shoppailemaan. En mill\u00e4\u00e4n jaksa etsi\u00e4 vaatteita itselleni. Jalkahoitoon, kasvohoitoon tai mihin tahansa ihanaan k\u00e4sittelyyn haluaisin menn\u00e4, mutta en raaski. Nuukailen siis itseni kohdalla.<\/p>\n<p class=\"article-body mb-nof-24 px-nof-16\">Ihailen ihmisi\u00e4, jotka k\u00e4ytt\u00e4v\u00e4t s\u00e4\u00e4nn\u00f6llisesti palveluita. Min\u00e4 lasken sen sijaan, ett\u00e4 t\u00e4ll\u00e4kin rahalla saa kaupasta ruokaa kolmeksi p\u00e4iv\u00e4ksi. Joskus mietin sit\u00e4 jopa jonkun hoitolak\u00e4ynnin j\u00e4lkeen. Ett\u00e4 no kannattiko?<\/p>\n<p class=\"article-body mb-nof-24 px-nof-16\">T\u00f6rs\u00e4ilit? Kukkiin. Minulla on ollut jo vuosia tapana ostaa perjantaikukat, maljakossa pit\u00e4\u00e4 aina olla kukkia. K\u00e4yn tutussa kukkapisteess\u00e4 Hakaniementorilla, rakastan leikkokukkia. Ostan kukkia liikaa my\u00f6s parvekkeelle.<\/p>\n<p class=\"article-body mb-nof-24 px-nof-16\">Pelk\u00e4sit? Reilu puoli vuotta sitten ajokortin saanut poikani tuli autolla Sipoosta tytt\u00f6yst\u00e4v\u00e4ns\u00e4 luota pahassa sadekeliss\u00e4. Olen aina vihannut sit\u00e4 kun joku tuttu ajelee pitk\u00e4\u00e4 siivua.<\/p>\n<p class=\"article-body mb-nof-24 px-nof-16\">My\u00f6s 82-vuotias is\u00e4ni ajaa s\u00e4\u00e4nn\u00f6llisesti Lahdesta Keski-Suomeen lapsuudenkotiinsa. Nyt saan hermoilla sitten kahden sukupolven puolesta.<\/p>\n<p class=\"article-body mb-nof-24 px-nof-16\">J\u00e4it sanattomaksi? Nyt! Olen supersurkea haastatteluissa, vaikka olen kysellyt muilta ihmisilt\u00e4 kaikenlaista jo vuosien ajan. Tunnen oloni ihan tampioksi, kun joudun puhumaan itsest\u00e4ni. Kaikki tulee viiveell\u00e4 mieleen, keksin parempia vastauksia joskus puolen tunnin p\u00e4\u00e4st\u00e4.<\/p>\n<p class=\"article-body mb-nof-24 px-nof-16\">Arvostan valtavasti artisteja ja n\u00e4yttelij\u00f6it\u00e4, jotka joutuvat puhumaan itsest\u00e4\u00e4n promokiertueilla. Heid\u00e4n pit\u00e4isi olla aina parhaimmillaan, hauskoja ja s\u00e4ken\u00f6ivi\u00e4. Nostan hattua!<\/p>\n<p class=\"article-body mb-nof-24 px-nof-16\">P\u00e4\u00e4stit valkoisen valheen? Se liittyy yleens\u00e4 kalenteriasioihin. Jos joku kysyy, mit\u00e4 teet t\u00e4n\u00e4\u00e4n, olen v\u00e4itt\u00e4nyt olevani kiireinen, vaikka oikeasti minulla on ollut t\u00f6iden j\u00e4lkeen vain yksi palaveri. Olen yritt\u00e4nyt suojella itse\u00e4ni ja aikaani, joten olen voinut v\u00e4itt\u00e4\u00e4 ihan pokkana, ett\u00e4 p\u00e4iv\u00e4 on t\u00e4ysi.<\/p>\n<p class=\"article-body mb-nof-24 px-nof-16\">Minulla on my\u00f6s hirve\u00e4n huono tapa, ett\u00e4 jos en heti vastaa s\u00e4hk\u00f6postiin, se j\u00e4\u00e4 helposti roikkumaan p\u00e4iviksi. Silloinkin joudun selittelem\u00e4\u00e4n \u2013 ja v\u00e4itt\u00e4m\u00e4\u00e4n olleeni kiireinen.<\/p>\n<p class=\"article-body mb-nof-24 px-nof-16\">H\u00e4pesit? Kyseess\u00e4 oli hermojen kiristymisen aiheuttama huono k\u00e4ytt\u00e4ytyminen. Olin soittanut taksin, minulla oli tavaraa mukana, olin hieman my\u00f6h\u00e4ss\u00e4 eik\u00e4 taksi l\u00f6yt\u00e4nyt minua. Soitin ja olin jo tosi n\u00e4reiss\u00e4ni. Toin k\u00e4rkk\u00e4\u00e4sti esiin, ett\u00e4 kaikki menee pieleen, jos kyyti ei tule nyt.<\/p>\n<p class=\"article-body mb-nof-24 px-nof-16\">J\u00e4lkik\u00e4teen h\u00e4vetti, ett\u00e4 nyt taas pieni puhallus. Juttu ei ollut niin vakava. En tykk\u00e4\u00e4 katsella t\u00e4llaista k\u00e4yt\u00f6st\u00e4 muiltakaan, joten h\u00e4vetti syyllisty\u00e4 siihen itse.<\/p>\n<p class=\"article-body mb-nof-24 px-nof-16\">Teit p\u00e4iv\u00e4n hyv\u00e4n teon? Olin Lilo-koirani kanssa ulkoilemassa T\u00f6\u00f6l\u00f6nlahden reunamilla. H\u00e4n alkaa herk\u00e4sti tehd\u00e4 tuttavuutta muihin ihmisiin, joten ajauduin juttelemaan parin turistin kanssa. Kaikille osapuolille j\u00e4i hyv\u00e4 fiilis.<\/p>\n<p>Minna Kuukka<\/p>\n<p class=\"article-body mb-nof-24 px-nof-16\">54-vuotias toimittaja ja juontaja. Asuu T\u00f6\u00f6l\u00f6ss\u00e4. Perheeseen kuuluuvat aikuiset kaksoset Jooa ja Viola, Tatu-puoliso ja perhoskoira Lilo. Juontaa arkip\u00e4ivisin Radio Novan aamua. Mukana tuoreella Tanssii t\u00e4htien kanssa -kaudella, joka alkaa 31. elokuuta MTV3:lla.<\/p>\n","protected":false},"excerpt":{"rendered":"Minna Kuukka tykk\u00e4\u00e4, ett\u00e4 kotona on pintapuolisesti siisti\u00e4, mutta kaapit ja laatikot ovat asia erikseen. Viimeisin kina puolison&hellip;\n","protected":false},"author":2,"featured_media":31812,"comment_status":"","ping_status":"","sticky":false,"template":"","format":"standard","meta":{"footnotes":""},"categories":[132],"tags":[137,33,31,30,34,195,47,32,109],"class_list":{"0":"post-31811","1":"post","2":"type-post","3":"status-publish","4":"format-standard","5":"has-post-thumbnail","7":"category-musiikki","8":"tag-entertainment","9":"tag-fi","10":"tag-finland","11":"tag-finnish","12":"tag-ilta-sanomat","13":"tag-music","14":"tag-musiikki","15":"tag-suomi","16":"tag-viihde"},"share_on_mastodon":{"url":"","error":""},"_links":{"self":[{"href":"https:\/\/www.europesays.com\/fi\/wp-json\/wp\/v2\/posts\/31811","targetHints":{"allow":["GET"]}}],"collection":[{"href":"https:\/\/www.europesays.com\/fi\/wp-json\/wp\/v2\/posts"}],"about":[{"href":"https:\/\/www.europesays.com\/fi\/wp-json\/wp\/v2\/types\/post"}],"author":[{"embeddable":true,"href":"https:\/\/www.europesays.com\/fi\/wp-json\/wp\/v2\/users\/2"}],"replies":[{"embeddable":true,"href":"https:\/\/www.europesays.com\/fi\/wp-json\/wp\/v2\/comments?post=31811"}],"version-history":[{"count":0,"href":"https:\/\/www.europesays.com\/fi\/wp-json\/wp\/v2\/posts\/31811\/revisions"}],"wp:featuredmedia":[{"embeddable":true,"href":"https:\/\/www.europesays.com\/fi\/wp-json\/wp\/v2\/media\/31812"}],"wp:attachment":[{"href":"https:\/\/www.europesays.com\/fi\/wp-json\/wp\/v2\/media?parent=31811"}],"wp:term":[{"taxonomy":"category","embeddable":true,"href":"https:\/\/www.europesays.com\/fi\/wp-json\/wp\/v2\/categories?post=31811"},{"taxonomy":"post_tag","embeddable":true,"href":"https:\/\/www.europesays.com\/fi\/wp-json\/wp\/v2\/tags?post=31811"}],"curies":[{"name":"wp","href":"https:\/\/api.w.org\/{rel}","templated":true}]}}