{"id":31817,"date":"2025-09-11T10:49:13","date_gmt":"2025-09-11T10:49:13","guid":{"rendered":"https:\/\/www.europesays.com\/fi\/31817\/"},"modified":"2025-09-11T10:49:13","modified_gmt":"2025-09-11T10:49:13","slug":"samsung-galaxy-s26-pron-muotoilu-vuoti-taysin-nain-huippu-uutuus-uudistuu","status":"publish","type":"post","link":"https:\/\/www.europesays.com\/fi\/31817\/","title":{"rendered":"Samsung Galaxy S26 Pron muotoilu vuoti t\u00e4ysin \u2013 n\u00e4in huippu-uutuus uudistuu"},"content":{"rendered":"<p><img loading=\"lazy\" decoding=\"async\" class=\"alignnone size-large wp-image-145920\" src=\"https:\/\/www.europesays.com\/fi\/wp-content\/uploads\/2025\/09\/Samsung-Galaxy-S26-Pro-AH-exclusive-CAD-1-1024x576.jpg\" alt=\"\" width=\"1024\" height=\"576\"\/><\/p>\n<p>Samsungin ensi vuoden huippupuhelimista on tihkunut j\u00e4lleen lis\u00e4\u00e4 tietoa. T\u00e4ll\u00e4 kertaa CAD-pohjaiset vuotokuvat paljastavat Samsung Galaxy S26 Pron eri kulmista, ja ensimm\u00e4ist\u00e4 kertaa n\u00e4ht\u00e4vill\u00e4 on my\u00f6s laitteen etupuoli.<\/p>\n<p>Korealaisj\u00e4tti valmistautuu tuttuun tapaan julkaisemaan uudet Galaxy S -mallit tammikuussa, ja mallisto kokee suuren muutoksen. T\u00e4ll\u00e4 kertaa tarjolle tulee Galaxy S26 Pro, Galaxy S26 Edge sek\u00e4 Galaxy S26 Ultra. Perinteinen \u201cPlus\u201d-malli j\u00e4\u00e4 pois, sill\u00e4 se on ollut kolmikosta v\u00e4hiten suosittu. Sen korvaa uusi Edge-malli, joka s\u00e4ilytt\u00e4\u00e4 samankaltaisen n\u00e4ytt\u00f6koon mutta tarjoaa ohuemman rakenteen. Lis\u00e4ksi perusmalli on nyt nimetty Proksi, jotta se kuulostaisi houkuttelevammalta.<\/p>\n<p>\n\t\t\tArtikkeli jatkuu mainoksen j\u00e4lkeen\n\t\t<\/p>\n<p><img loading=\"lazy\" decoding=\"async\" class=\"alignnone size-large wp-image-145919\" src=\"https:\/\/www.europesays.com\/fi\/wp-content\/uploads\/2025\/09\/Samsung-Galaxy-S26-Pro-AH-exclusive-CAD-2-1024x576.jpg\" alt=\"\" width=\"1024\" height=\"576\"\/><\/p>\n<p>Vuotokuvien mukaan Galaxy S26 Pro saa magneettipohjaisen langattoman latauksen, joka toimii samaan tapaan kuin Applen iPhoneissa ja Googlen Pixel 10 -sarjassa. N\u00e4ytt\u00f6 kasvaa hieman edelt\u00e4j\u00e4\u00e4n verrattuna, sill\u00e4 kooltaan se on 6,3 tuumaa, kun Galaxy S25 tarjosi 6,2-tuumaisen paneelin. Mittojen osalta puhelin on 149,3 x 71,4 x 6,96 millimetri\u00e4, ja kamerakohouman kohdalla paksuus nousee 10,23 millimetriin. Kyseess\u00e4 on siis hieman korkeampi ja leve\u00e4mpi, mutta samalla ohuempi laite kuin edelt\u00e4j\u00e4.<\/p>\n<p>Suurin muutos ulkon\u00e4\u00f6ss\u00e4 on kameraratkaisussa. Kolme erillist\u00e4 sensoria sijaitsevat nyt soikealla kamerasaarekkeella, mik\u00e4 erottaa sen Galaxy S25 -mallista. Muuten muotokieli on edelleen tuttua Samsungia.<\/p>\n<p>\n\t\t\tArtikkeli jatkuu mainoksen j\u00e4lkeen\n\t\t<\/p>\n<p><img loading=\"lazy\" decoding=\"async\" class=\"alignnone size-large wp-image-145918\" src=\"https:\/\/www.europesays.com\/fi\/wp-content\/uploads\/2025\/09\/Samsung-Galaxy-S26-Pro-AH-exclusive-CAD-3-1024x576.jpg\" alt=\"\" width=\"1024\" height=\"576\"\/><\/p>\n<p>Teknisen puolen osalta huhut vaihtelevat viel\u00e4, mutta Galaxy S26 Prohon odotetaan joko Samsungin uutta Exynos 2600 -j\u00e4rjestelm\u00e4piiri\u00e4 tai Qualcommin Snapdragon 8 Elite Gen 5 -piiri\u00e4. RAM-muistia on luvassa 16 gigatavua, mik\u00e4 on nelj\u00e4 gigaa enemm\u00e4n kuin edelt\u00e4j\u00e4ss\u00e4. Akun kapasiteetti kasvaa 4 300 milliampeerituntiin, ja ultralaajakulmakameran kerrotaan p\u00e4ivittyv\u00e4n 50 megapikselin tarkkuuteen.<\/p>\n<p>Samsung ei ole viel\u00e4 vahvistanut tulevien mallien julkaisup\u00e4iv\u00e4\u00e4, mutta jos aiemmista vuosista otetaan mallia, virallisen esittelyn voidaan odottaa tammikuussa 2026.<\/p>\n<p><strong>L\u00e4hde<\/strong>:<a href=\"https:\/\/www.androidheadlines.com\/samsung-galaxy-s26-pro\" target=\"_blank\" rel=\"noopener nofollow\"> Android Headlines\u00a0<\/a><\/p>\n","protected":false},"excerpt":{"rendered":"Samsungin ensi vuoden huippupuhelimista on tihkunut j\u00e4lleen lis\u00e4\u00e4 tietoa. T\u00e4ll\u00e4 kertaa CAD-pohjaiset vuotokuvat paljastavat Samsung Galaxy S26 Pron&hellip;\n","protected":false},"author":2,"featured_media":31818,"comment_status":"","ping_status":"","sticky":false,"template":"","format":"standard","meta":{"footnotes":""},"categories":[84],"tags":[33,31,30,8958,798,799,32,91,92,9361],"class_list":{"0":"post-31817","1":"post","2":"type-post","3":"status-publish","4":"format-standard","5":"has-post-thumbnail","7":"category-teknologia","8":"tag-fi","9":"tag-finland","10":"tag-finnish","11":"tag-galaxy-s26-pro","12":"tag-huhu","13":"tag-samsung","14":"tag-suomi","15":"tag-technology","16":"tag-teknologia","17":"tag-vuotokuvat"},"share_on_mastodon":{"url":"","error":""},"_links":{"self":[{"href":"https:\/\/www.europesays.com\/fi\/wp-json\/wp\/v2\/posts\/31817","targetHints":{"allow":["GET"]}}],"collection":[{"href":"https:\/\/www.europesays.com\/fi\/wp-json\/wp\/v2\/posts"}],"about":[{"href":"https:\/\/www.europesays.com\/fi\/wp-json\/wp\/v2\/types\/post"}],"author":[{"embeddable":true,"href":"https:\/\/www.europesays.com\/fi\/wp-json\/wp\/v2\/users\/2"}],"replies":[{"embeddable":true,"href":"https:\/\/www.europesays.com\/fi\/wp-json\/wp\/v2\/comments?post=31817"}],"version-history":[{"count":0,"href":"https:\/\/www.europesays.com\/fi\/wp-json\/wp\/v2\/posts\/31817\/revisions"}],"wp:featuredmedia":[{"embeddable":true,"href":"https:\/\/www.europesays.com\/fi\/wp-json\/wp\/v2\/media\/31818"}],"wp:attachment":[{"href":"https:\/\/www.europesays.com\/fi\/wp-json\/wp\/v2\/media?parent=31817"}],"wp:term":[{"taxonomy":"category","embeddable":true,"href":"https:\/\/www.europesays.com\/fi\/wp-json\/wp\/v2\/categories?post=31817"},{"taxonomy":"post_tag","embeddable":true,"href":"https:\/\/www.europesays.com\/fi\/wp-json\/wp\/v2\/tags?post=31817"}],"curies":[{"name":"wp","href":"https:\/\/api.w.org\/{rel}","templated":true}]}}