{"id":31825,"date":"2025-09-11T10:53:13","date_gmt":"2025-09-11T10:53:13","guid":{"rendered":"https:\/\/www.europesays.com\/fi\/31825\/"},"modified":"2025-09-11T10:53:13","modified_gmt":"2025-09-11T10:53:13","slug":"saa-muuttuu-kohta-rajusti","status":"publish","type":"post","link":"https:\/\/www.europesays.com\/fi\/31825\/","title":{"rendered":"S\u00e4\u00e4 muuttuu kohta rajusti"},"content":{"rendered":"<p>Torstaina piisaa viel\u00e4 l\u00e4mp\u00f6\u00e4.<\/p>\n<p><img decoding=\"async\" class=\"image image-show image-preview\" src=\"https:\/\/www.europesays.com\/fi\/wp-content\/uploads\/2025\/09\/4700d5832cd1d861e9e4a5d08723e44088e31efe68ae669260192c3896dc0af2.jpg\" alt=\"\"\/><img decoding=\"async\" class=\"image image-show\" src=\"https:\/\/www.europesays.com\/fi\/wp-content\/uploads\/2025\/09\/1757587991_443_4700d5832cd1d861e9e4a5d08723e44088e31efe68ae669260192c3896dc0af2.jpg\" alt=\"\"\/><\/p>\n<p>Syyskuun 11. on meteorologin mukaan l\u00e4mmin ja poutainen p\u00e4iv\u00e4. Viikonloppua kohti keli muuttuu. pete anikari<\/p>\n<p class=\"paragraph\">Kulunut viikko on ollut l\u00e4mp\u00f6inen ajankohtaansa n\u00e4hden. Torstai n\u00e4ytt\u00e4isi kuitenkin olevan viimeinen l\u00e4mmin p\u00e4iv\u00e4 hetkeen.<\/p>\n<p class=\"paragraph\">Forecan meteorologi <strong><strong>Anna Latvala<\/strong><\/strong> kertoo s\u00e4\u00e4n olevan suuressa osassa maata l\u00e4mmin ja aurinkoinen. Paikoin l\u00e4nness\u00e4 ja Lapissa voi olla yl\u00e4pilve\u00e4.<\/p>\n<p class=\"paragraph\">\u2013 Kes\u00e4isen l\u00e4mmin p\u00e4iv\u00e4 tiedossa.<\/p>\n<p class=\"paragraph\">Latvalan mukaan eroa viime p\u00e4iviin kuitenkin on, sill\u00e4 p\u00e4iv\u00e4 on edelt\u00e4ji\u00e4\u00e4n tuulisempi. Kaakkoistuuli voimistuu k\u00e4yt\u00e4nn\u00f6ss\u00e4 koko maassa.<\/p>\n<p class=\"paragraph\">L\u00e4mp\u00f6tilat ovat ajankohtaan n\u00e4hden tavanomaista korkeammat. Suurilta osin l\u00e4mp\u00f6tila on koko maassa 20\u201324 asteen v\u00e4lill\u00e4, Lapissa noin 15\u201320 astetta.<\/p>\n<p class=\"paragraph\">Latvala ei usko, ett\u00e4 helleraja rikkoutuu t\u00e4n\u00e4\u00e4n, vaikka 25 asteen l\u00e4mp\u00f6tiloja voidaankin hipoa osassa maata. L\u00e4mpimin alue ulottuu maan etel\u00e4osista aina Pohjois-Pohjanmaalle asti, ja 24 astetta voi menn\u00e4 rikki yksitt\u00e4isill\u00e4 paikkakunnilla.<\/p>\n<p class=\"paragraph\">\u2013 Se on siin\u00e4 ja siin\u00e4, kohoaako l\u00e4mp\u00f6 yli 24 asteen vai ei.<\/p>\n<p>Viikonloppuna viilenee<\/p>\n<p class=\"paragraph\">Viikonloppua kohti edetess\u00e4 s\u00e4\u00e4 viilenee ja muuttuu ep\u00e4vakaisemmaksi. Sadetta voi olla luvassa jo perjantain vastaisena y\u00f6n\u00e4 maan lounaisosissa.<\/p>\n<p class=\"paragraph\">\u2013 Perjantaina Suomen yli liikkuu pari kapeaa saderintamaa pikkuhiljaa lounaasta it\u00e4\u00e4n.<\/p>\n<p class=\"paragraph\">Perjantain ja lauantaina vesi tulee sadekuuroina. Varsinainen pienehk\u00f6 sadealue saavuttaa Suomen sunnuntaina lounaan suunnalta.<\/p>\n<p class=\"paragraph\">Sateisilla alueille l\u00e4mp\u00f6tila liikkuu 15 asteen molemmin puolin, mutta l\u00e4mp\u00f6tila voi liikkua my\u00f6s 20 asteen tienoolla.<\/p>\n<p><a href=\"https:\/\/www.iltalehti.fi\/parassaa?storeCampaign=ArticleBottomBanner\" rel=\"nofollow noopener\" target=\"_blank\"><img decoding=\"async\" src=\"https:\/\/www.europesays.com\/fi\/wp-content\/uploads\/2025\/08\/d0fd7860228df4fdd5fd0367e49d769aa09b08189080ddc5ccdd8c31ad63aca9.png\" alt=\"IL Paras S\u00e4\u00e4 - S\u00e4\u00e4tiedot ja s\u00e4\u00e4ennusteet\"\/><\/a><\/p>\n","protected":false},"excerpt":{"rendered":"Torstaina piisaa viel\u00e4 l\u00e4mp\u00f6\u00e4. Syyskuun 11. on meteorologin mukaan l\u00e4mmin ja poutainen p\u00e4iv\u00e4. Viikonloppua kohti keli muuttuu. pete&hellip;\n","protected":false},"author":2,"featured_media":31826,"comment_status":"","ping_status":"","sticky":false,"template":"","format":"standard","meta":{"footnotes":""},"categories":[5],"tags":[35,22,23,26,27,33,31,30,17,713,24,25,28,29,715,15,18,21,710,714,1942,32,19,20,16],"class_list":{"0":"post-31825","1":"post","2":"type-post","3":"status-publish","4":"format-standard","5":"has-post-thumbnail","7":"category-otsikot","8":"tag-24h","9":"tag-breaking-news","10":"tag-breakingnews","11":"tag-featured-news","12":"tag-featurednews","13":"tag-fi","14":"tag-finland","15":"tag-finnish","16":"tag-headlines","17":"tag-lampotila-saa","18":"tag-latest-news","19":"tag-latestnews","20":"tag-main-news","21":"tag-mainnews","22":"tag-meteorologia","23":"tag-news","24":"tag-otsikot","25":"tag-paauutiset","26":"tag-saa","27":"tag-saaennustus","28":"tag-sateinen-saa","29":"tag-suomi","30":"tag-top-stories","31":"tag-topstories","32":"tag-uutiset"},"share_on_mastodon":{"url":"","error":""},"_links":{"self":[{"href":"https:\/\/www.europesays.com\/fi\/wp-json\/wp\/v2\/posts\/31825","targetHints":{"allow":["GET"]}}],"collection":[{"href":"https:\/\/www.europesays.com\/fi\/wp-json\/wp\/v2\/posts"}],"about":[{"href":"https:\/\/www.europesays.com\/fi\/wp-json\/wp\/v2\/types\/post"}],"author":[{"embeddable":true,"href":"https:\/\/www.europesays.com\/fi\/wp-json\/wp\/v2\/users\/2"}],"replies":[{"embeddable":true,"href":"https:\/\/www.europesays.com\/fi\/wp-json\/wp\/v2\/comments?post=31825"}],"version-history":[{"count":0,"href":"https:\/\/www.europesays.com\/fi\/wp-json\/wp\/v2\/posts\/31825\/revisions"}],"wp:featuredmedia":[{"embeddable":true,"href":"https:\/\/www.europesays.com\/fi\/wp-json\/wp\/v2\/media\/31826"}],"wp:attachment":[{"href":"https:\/\/www.europesays.com\/fi\/wp-json\/wp\/v2\/media?parent=31825"}],"wp:term":[{"taxonomy":"category","embeddable":true,"href":"https:\/\/www.europesays.com\/fi\/wp-json\/wp\/v2\/categories?post=31825"},{"taxonomy":"post_tag","embeddable":true,"href":"https:\/\/www.europesays.com\/fi\/wp-json\/wp\/v2\/tags?post=31825"}],"curies":[{"name":"wp","href":"https:\/\/api.w.org\/{rel}","templated":true}]}}