{"id":31839,"date":"2025-09-11T11:19:08","date_gmt":"2025-09-11T11:19:08","guid":{"rendered":"https:\/\/www.europesays.com\/fi\/31839\/"},"modified":"2025-09-11T11:19:08","modified_gmt":"2025-09-11T11:19:08","slug":"ilmoita-poliisille-naista-autoista","status":"publish","type":"post","link":"https:\/\/www.europesays.com\/fi\/31839\/","title":{"rendered":"Ilmoita poliisille n\u00e4ist\u00e4 autoista"},"content":{"rendered":"<p>Poliisi ep\u00e4ilee kuljettajia t\u00f6rkeist\u00e4 liikennerikoksista.<\/p>\n<p><img decoding=\"async\" class=\"image image-show image-preview\" src=\"https:\/\/www.europesays.com\/fi\/wp-content\/uploads\/2025\/09\/437390561bc6b42ddd7a24e99a7ad44c806000771a374a5fac477fe294d5e23a.jpg\" alt=\"\"\/><img decoding=\"async\" class=\"image image-show\" src=\"https:\/\/www.europesays.com\/fi\/wp-content\/uploads\/2025\/09\/1757589548_209_437390561bc6b42ddd7a24e99a7ad44c806000771a374a5fac477fe294d5e23a.jpg\" alt=\"\"\/><\/p>\n<p>Valkoisten henkil\u00f6autojen kuljettajia ep\u00e4ill\u00e4\u00e4n t\u00f6rkeist\u00e4 teoista. Kuvituskuva. Aleksanteri Pikkarainen<\/p>\n<p class=\"paragraph\">Poliisi kaipaa havaintoja kahden tielt\u00e4 suistuneen henkil\u00f6auton liikkeist\u00e4 Lounais-Suomessa.<\/p>\n<p class=\"paragraph\">Autot suistuivat ulos tielt\u00e4 Harjavallan Pohjoisrannantielt\u00e4 keskiviikkona 10. syyskuuta hieman ennen aamukymment\u00e4.<\/p>\n<p class=\"paragraph\">Poliisin tietojen mukaan autot ajoivat Nakkilan suuntaan ja suistuivat tielt\u00e4 vasemmalle kaartuvassa mutkassa oikealle puolelle tiet\u00e4. Tilanteessa v\u00e4ltyttiin vakavilta henkil\u00f6vahingoilta.<\/p>\n<p class=\"paragraph\">Molemmat kuljettajat ovat ep\u00e4iltyn\u00e4 t\u00f6rke\u00e4st\u00e4 liikenneturvallisuuden vaarantamisesta ja poliisi ep\u00e4ilee molempien kuskien olleen alkoholin vaikutuksen alaisena. Toista ep\u00e4ill\u00e4\u00e4n rattijuopumuksesta ja toista t\u00f6rke\u00e4st\u00e4 rattijuopumuksesta.<\/p>\n<p class=\"paragraph\">Toinen autoista on sedanmallinen Audi ja toinen farmarimallinen Volkswagen. Molemmat autot ovat valkoisia.<\/p>\n<p class=\"paragraph\">Poliisi pyyt\u00e4\u00e4 mahdollisia silminn\u00e4kij\u00e4havaintoja autojen liikkeist\u00e4 ennen tapahtumaa. Havainnoista voi ilmoittaa poliisille s\u00e4hk\u00f6postitse osoitteeseen vihjeet.lounais-suomi@poliisi.fi. Havainnot voi ilmoittaa my\u00f6s Whatsapp- tai tekstiviestill\u00e4 numeroon 050 4117 655.<\/p>\n","protected":false},"excerpt":{"rendered":"Poliisi ep\u00e4ilee kuljettajia t\u00f6rkeist\u00e4 liikennerikoksista. Valkoisten henkil\u00f6autojen kuljettajia ep\u00e4ill\u00e4\u00e4n t\u00f6rkeist\u00e4 teoista. Kuvituskuva. Aleksanteri Pikkarainen Poliisi kaipaa havaintoja kahden&hellip;\n","protected":false},"author":2,"featured_media":31840,"comment_status":"","ping_status":"","sticky":false,"template":"","format":"standard","meta":{"footnotes":""},"categories":[5],"tags":[35,648,22,23,26,27,33,31,30,17,24,25,121,28,29,82,15,18,21,54,32,128,19,20,16],"class_list":{"0":"post-31839","1":"post","2":"type-post","3":"status-publish","4":"format-standard","5":"has-post-thumbnail","7":"category-otsikot","8":"tag-24h","9":"tag-autot","10":"tag-breaking-news","11":"tag-breakingnews","12":"tag-featured-news","13":"tag-featurednews","14":"tag-fi","15":"tag-finland","16":"tag-finnish","17":"tag-headlines","18":"tag-latest-news","19":"tag-latestnews","20":"tag-liikenne-ja-kuljetus","21":"tag-main-news","22":"tag-mainnews","23":"tag-moottoriajoneuvot","24":"tag-news","25":"tag-otsikot","26":"tag-paauutiset","27":"tag-pelastuspalvelut","28":"tag-suomi","29":"tag-tieliikenne","30":"tag-top-stories","31":"tag-topstories","32":"tag-uutiset"},"share_on_mastodon":{"url":"","error":""},"_links":{"self":[{"href":"https:\/\/www.europesays.com\/fi\/wp-json\/wp\/v2\/posts\/31839","targetHints":{"allow":["GET"]}}],"collection":[{"href":"https:\/\/www.europesays.com\/fi\/wp-json\/wp\/v2\/posts"}],"about":[{"href":"https:\/\/www.europesays.com\/fi\/wp-json\/wp\/v2\/types\/post"}],"author":[{"embeddable":true,"href":"https:\/\/www.europesays.com\/fi\/wp-json\/wp\/v2\/users\/2"}],"replies":[{"embeddable":true,"href":"https:\/\/www.europesays.com\/fi\/wp-json\/wp\/v2\/comments?post=31839"}],"version-history":[{"count":0,"href":"https:\/\/www.europesays.com\/fi\/wp-json\/wp\/v2\/posts\/31839\/revisions"}],"wp:featuredmedia":[{"embeddable":true,"href":"https:\/\/www.europesays.com\/fi\/wp-json\/wp\/v2\/media\/31840"}],"wp:attachment":[{"href":"https:\/\/www.europesays.com\/fi\/wp-json\/wp\/v2\/media?parent=31839"}],"wp:term":[{"taxonomy":"category","embeddable":true,"href":"https:\/\/www.europesays.com\/fi\/wp-json\/wp\/v2\/categories?post=31839"},{"taxonomy":"post_tag","embeddable":true,"href":"https:\/\/www.europesays.com\/fi\/wp-json\/wp\/v2\/tags?post=31839"}],"curies":[{"name":"wp","href":"https:\/\/api.w.org\/{rel}","templated":true}]}}