{"id":318393,"date":"2026-08-06T10:12:13","date_gmt":"2026-08-06T10:12:13","guid":{"rendered":"https:\/\/www.europesays.com\/fi\/318393\/"},"modified":"2026-08-06T10:12:13","modified_gmt":"2026-08-06T10:12:13","slug":"itarajan-riistaportit-ovat-yha-auki-pohjois-karjalassa-kotimaa","status":"publish","type":"post","link":"https:\/\/www.europesays.com\/fi\/318393\/","title":{"rendered":"It\u00e4rajan riistaportit ovat yh\u00e4 auki Pohjois-Karjalassa | Kotimaa"},"content":{"rendered":"<p class=\"aw__sc-1qwuw0s-0 aw__sc-1vg2sqm-0 epAWpq ecELkD yle__article__paragraph\">Kaakkois-Suomessa rajavartiosto sulki it\u00e4rajan esteaidan riistaportteja sikaruton vuoksi.<\/p>\n<p><img decoding=\"async\" alt=\"El\u00e4imille tarkoitettu kulkuportti raja-aidassa.\" src=\"https:\/\/www.europesays.com\/fi\/wp-content\/uploads\/2026\/08\/1756281978.jpeg\" class=\"aw__sc-dklauk-0 LPzKX\"\/><\/p>\n<p>Avaa kuvien katselu<\/p>\n<p>Et\u00e4n\u00e4 avattava ja suljettava riistaportti esteaidassa Tohmaj\u00e4rven S\u00e4\u00e4periss\u00e4. Kuvaushetkell\u00e4 elokuussa 2025 aidan rakentaminen oli kesken. Kuva: Heikki Haapalainen \/ Yle<\/p>\n<p class=\"aw__sc-1qwuw0s-0 aw__sc-ngllmo-0 epAWpq fzYpjk yle__article__paragraph\">It\u00e4rajan esteaidan riistaportit ovat Pohjois-Karjalassa toistaiseksi auki.<\/p>\n<p class=\"aw__sc-1qwuw0s-0 aw__sc-ngllmo-0 epAWpq fzYpjk yle__article__paragraph\">Kaakkois-Suomessa rajavartiosto <a class=\"aw__sc-ngllmo-1 bTDnwX yle__article__link\" href=\"https:\/\/yle.fi\/a\/74-20238963\" role=\"link\" rel=\"nofollow noopener\" target=\"_blank\">sulki viime viikolla riistaportit<\/a> afrikkalaisen sikaruton levi\u00e4misen est\u00e4miseksi.<\/p>\n<p class=\"aw__sc-1qwuw0s-0 aw__sc-ngllmo-0 epAWpq fzYpjk yle__article__paragraph\">Ruokavirasto l\u00f6ysi hein\u00e4kuun lopussa luonnonvaraisista villisioista afrikkalaista sikaruttoa Virolahdella Kymenlaaksossa. Tauti on mahdollisesti tullut Suomeen Ven\u00e4j\u00e4lt\u00e4, mutta varmuutta t\u00e4st\u00e4 ei ole.<\/p>\n<p class=\"aw__sc-1qwuw0s-0 aw__sc-ngllmo-0 epAWpq fzYpjk yle__article__paragraph\">Pohjois-Karjalan rajavartioston apulaiskomentajan <strong class=\"aw__sc-ngllmo-2 gdRrun yle__article__strong\">Mikko Kallisen<\/strong> mukaan riistaporttien sulkemista ei ole n\u00e4hty maakunnassa viel\u00e4 tarpeelliseksi.<\/p>\n<p class=\"aw__sc-1qwuw0s-0 aw__sc-ngllmo-0 epAWpq fzYpjk yle__article__paragraph\">\u2013 Porttien tarkoitus on mahdollistaa el\u00e4inten liikkuminen. Kun meill\u00e4 ei ole akuuttia tilannetta p\u00e4\u00e4ll\u00e4, riistaportit pidet\u00e4\u00e4n auki.<\/p>\n<p class=\"aw__sc-1qwuw0s-0 aw__sc-ngllmo-0 epAWpq fzYpjk yle__article__paragraph\">Kallisen mukaan rajavartiosto seuraa tautitilannetta tarkasti ja tarvittaessa portit on mahdollista sulkea nopeasti. Afrikkalaisen sikaruton kantautuminen Suomeen ei ollut Kalliselle yll\u00e4tys.<\/p>\n<p class=\"aw__sc-1qwuw0s-0 aw__sc-ngllmo-0 epAWpq fzYpjk yle__article__paragraph\">\u2013 Sikarutto on yksi ilmi\u00f6, jonka mahdollisuus on tunnistettu rajalla ja johon on mietitty etuk\u00e4teen toimintamalleja.<\/p>\n<p class=\"aw__sc-1qwuw0s-0 aw__sc-ngllmo-0 epAWpq fzYpjk yle__article__paragraph\">Rajavartiosto on esimerkiksi antanut partioille toimintaohjeet kuolleiden ja sairaiden villisikojen kohtaamiseen.<\/p>\n<p class=\"aw__sc-1qwuw0s-0 aw__sc-ngllmo-0 epAWpq fzYpjk yle__article__paragraph\">Kallinen kertoo, ett\u00e4 Kaakkois-Suomessa nyt saatavat opit auttavat parantamaan varautumista Pohjois-Karjalassa.<\/p>\n","protected":false},"excerpt":{"rendered":"Kaakkois-Suomessa rajavartiosto sulki it\u00e4rajan esteaidan riistaportteja sikaruton vuoksi. Avaa kuvien katselu Et\u00e4n\u00e4 avattava ja suljettava riistaportti esteaidassa Tohmaj\u00e4rven&hellip;\n","protected":false},"author":2,"featured_media":318394,"comment_status":"","ping_status":"","sticky":false,"template":"","format":"standard","meta":{"footnotes":"","_share_on_mastodon":"0"},"categories":[117],"tags":[33,31,30,1687,7365,1009,71,1255,72,476,1137,13177,4272,5465,118,32,119,1688,546,477],"class_list":["post-318393","post","type-post","status-publish","format-standard","has-post-thumbnail","category-luonto","tag-fi","tag-finland","tag-finnish","tag-ilomantsi","tag-itarajan-esteaita","tag-kitee","tag-kotimaa","tag-lieksa","tag-luonto","tag-nature","tag-pohjois-karjala","tag-pohjois-karjalan-rajavartiosto","tag-rajavalvonta","tag-rajavartiolaitos","tag-science","tag-suomi","tag-tiede","tag-tohmajarvi","tag-turvallisuus","tag-wildlife"],"share_on_mastodon":{"url":"https:\/\/pubeurope.com\/@fi\/117048033521122556","error":""},"_links":{"self":[{"href":"https:\/\/www.europesays.com\/fi\/wp-json\/wp\/v2\/posts\/318393","targetHints":{"allow":["GET"]}}],"collection":[{"href":"https:\/\/www.europesays.com\/fi\/wp-json\/wp\/v2\/posts"}],"about":[{"href":"https:\/\/www.europesays.com\/fi\/wp-json\/wp\/v2\/types\/post"}],"author":[{"embeddable":true,"href":"https:\/\/www.europesays.com\/fi\/wp-json\/wp\/v2\/users\/2"}],"replies":[{"embeddable":true,"href":"https:\/\/www.europesays.com\/fi\/wp-json\/wp\/v2\/comments?post=318393"}],"version-history":[{"count":0,"href":"https:\/\/www.europesays.com\/fi\/wp-json\/wp\/v2\/posts\/318393\/revisions"}],"wp:featuredmedia":[{"embeddable":true,"href":"https:\/\/www.europesays.com\/fi\/wp-json\/wp\/v2\/media\/318394"}],"wp:attachment":[{"href":"https:\/\/www.europesays.com\/fi\/wp-json\/wp\/v2\/media?parent=318393"}],"wp:term":[{"taxonomy":"category","embeddable":true,"href":"https:\/\/www.europesays.com\/fi\/wp-json\/wp\/v2\/categories?post=318393"},{"taxonomy":"post_tag","embeddable":true,"href":"https:\/\/www.europesays.com\/fi\/wp-json\/wp\/v2\/tags?post=318393"}],"curies":[{"name":"wp","href":"https:\/\/api.w.org\/{rel}","templated":true}]}}