{"id":318529,"date":"2026-08-06T14:32:12","date_gmt":"2026-08-06T14:32:12","guid":{"rendered":"https:\/\/www.europesays.com\/fi\/318529\/"},"modified":"2026-08-06T14:32:12","modified_gmt":"2026-08-06T14:32:12","slug":"vierumaen-kylpyla-suljettiin","status":"publish","type":"post","link":"https:\/\/www.europesays.com\/fi\/318529\/","title":{"rendered":"Vierum\u00e4en kylpyl\u00e4 suljettiin"},"content":{"rendered":"<p>Asiakkaat saavat hyvityksen ennalta maksetuista kylpyl\u00e4k\u00e4ynneist\u00e4.<\/p>\n<p><img decoding=\"async\" class=\"image image-show image-preview\" src=\"https:\/\/www.europesays.com\/fi\/wp-content\/uploads\/2026\/08\/572483e37b5e7b6a460e1f157866b2dec773ced5efd51fc26dd3f0a7e9b4455a.jpg\" alt=\"\"\/><img decoding=\"async\" class=\"image image-show\" src=\"https:\/\/www.europesays.com\/fi\/wp-content\/uploads\/2026\/08\/1786026732_328_572483e37b5e7b6a460e1f157866b2dec773ced5efd51fc26dd3f0a7e9b4455a.jpg\" alt=\"\"\/><\/p>\n<p>Holiday Club pahoittelee kylpl\u00e4n sulkua. Karoliina Vuorenm\u00e4ki<\/p>\n<p class=\"paragraph\">Vierum\u00e4en kylpyl\u00e4 on suljettu toistaiseksi, selvi\u00e4\u00e4 Holiday Clubin tiedotteesta.<\/p>\n<p class=\"paragraph\">Sulku johtuu veden laadun varmistamisesta. Kylpyl\u00e4 on tarkoitus avata viikonlopun aikana.<\/p>\n<p class=\"paragraph\">Ennakkoon maksetut kylpyl\u00e4k\u00e4ynnit hyvitet\u00e4\u00e4n asiakkaille, kerrotaan tiedotteessa. Hyvityksen saa kylpyl\u00e4\u00e4n saapumisen yhteydess\u00e4.<\/p>\n<p class=\"paragraph\">Yhti\u00f6 pahoittelee sulkemisesta aiheutuvia lomasuunnitelmien muutoksia.<\/p>\n","protected":false},"excerpt":{"rendered":"Asiakkaat saavat hyvityksen ennalta maksetuista kylpyl\u00e4k\u00e4ynneist\u00e4. Holiday Club pahoittelee kylpl\u00e4n sulkua. Karoliina Vuorenm\u00e4ki Vierum\u00e4en kylpyl\u00e4 on suljettu toistaiseksi,&hellip;\n","protected":false},"author":2,"featured_media":318530,"comment_status":"","ping_status":"","sticky":false,"template":"","format":"standard","meta":{"footnotes":"","_share_on_mastodon":"0"},"categories":[5],"tags":[35,22,23,2110,26,27,33,31,30,17,24,25,72,28,29,923,15,18,21,32,19,20,2793,16,2107],"class_list":["post-318529","post","type-post","status-publish","format-standard","has-post-thumbnail","category-otsikot","tag-24h","tag-breaking-news","tag-breakingnews","tag-elamantapa-ja-vapaa-aika","tag-featured-news","tag-featurednews","tag-fi","tag-finland","tag-finnish","tag-headlines","tag-latest-news","tag-latestnews","tag-luonto","tag-main-news","tag-mainnews","tag-matkustaminen","tag-news","tag-otsikot","tag-paauutiset","tag-suomi","tag-top-stories","tag-topstories","tag-turismi","tag-uutiset","tag-vapaa-aika"],"share_on_mastodon":{"url":"https:\/\/pubeurope.com\/@fi\/117049055855052985","error":""},"_links":{"self":[{"href":"https:\/\/www.europesays.com\/fi\/wp-json\/wp\/v2\/posts\/318529","targetHints":{"allow":["GET"]}}],"collection":[{"href":"https:\/\/www.europesays.com\/fi\/wp-json\/wp\/v2\/posts"}],"about":[{"href":"https:\/\/www.europesays.com\/fi\/wp-json\/wp\/v2\/types\/post"}],"author":[{"embeddable":true,"href":"https:\/\/www.europesays.com\/fi\/wp-json\/wp\/v2\/users\/2"}],"replies":[{"embeddable":true,"href":"https:\/\/www.europesays.com\/fi\/wp-json\/wp\/v2\/comments?post=318529"}],"version-history":[{"count":0,"href":"https:\/\/www.europesays.com\/fi\/wp-json\/wp\/v2\/posts\/318529\/revisions"}],"wp:featuredmedia":[{"embeddable":true,"href":"https:\/\/www.europesays.com\/fi\/wp-json\/wp\/v2\/media\/318530"}],"wp:attachment":[{"href":"https:\/\/www.europesays.com\/fi\/wp-json\/wp\/v2\/media?parent=318529"}],"wp:term":[{"taxonomy":"category","embeddable":true,"href":"https:\/\/www.europesays.com\/fi\/wp-json\/wp\/v2\/categories?post=318529"},{"taxonomy":"post_tag","embeddable":true,"href":"https:\/\/www.europesays.com\/fi\/wp-json\/wp\/v2\/tags?post=318529"}],"curies":[{"name":"wp","href":"https:\/\/api.w.org\/{rel}","templated":true}]}}