{"id":31859,"date":"2025-09-11T11:45:12","date_gmt":"2025-09-11T11:45:12","guid":{"rendered":"https:\/\/www.europesays.com\/fi\/31859\/"},"modified":"2025-09-11T11:45:12","modified_gmt":"2025-09-11T11:45:12","slug":"kommentti-tuhoutuiko-nooralotta-nezirilta-perati-kaksi-isoa-unelmaa-kerralla-urheilu","status":"publish","type":"post","link":"https:\/\/www.europesays.com\/fi\/31859\/","title":{"rendered":"Kommentti: Tuhoutuiko Nooralotta Nezirilt\u00e4 per\u00e4ti kaksi isoa unelmaa kerralla? | Urheilu"},"content":{"rendered":"<p class=\"aw-1gybjub aw-5vja16 cmIuaG zKETg yle__article__paragraph\">Nooralotta Nezirin paluu huipulle oli kauden hienoimpia urheilusaagoja. Vakava polvivamma tuhosi kuitenkin pahimmillaan kaksi unelmaa, kirjoittaa Yle Urheilun Pekka Holopainen.<\/p>\n<p><img decoding=\"async\" alt=\"Neziri hymyilee.\" src=\"https:\/\/www.europesays.com\/fi\/wp-content\/uploads\/2025\/09\/39-1501902688d0ec588403.jpeg\" class=\"aw-1l9m598 hKVVvP\"\/><\/p>\n<p>Avaa kuvien katselu<\/p>\n<p>Nooralotta Neziri oli kuin ihmeen kaupalla saanut palautettua uransa menestysraiteille. Nyt kaikki pit\u00e4isi aloittaa taas nollilta. Kuva: All Over Press<img decoding=\"async\" alt=\"Kommenttikuva urheilutoimittaja Pekka Holopaisesta.\" src=\"https:\/\/www.europesays.com\/fi\/wp-content\/uploads\/2025\/08\/39-11103376458e648a2efb.jpeg\" class=\"aw-1l9m598 hKVVvP\"\/><\/p>\n<p>Pekka Holopainenurheilutoimittaja<\/p>\n<p class=\"aw-1gybjub aw-1p7kakr cmIuaG fmSRng yle__article__paragraph\">Kaiken kokenut koripallomies n\u00e4ki heti, mist\u00e4 oli kyse. <strong class=\"aw-ak79eh KyCXm yle__article__strong\">Gordon<\/strong> <strong class=\"aw-ak79eh KyCXm yle__article__strong\">Herbert<\/strong> oli ylipuhunut ty\u00f6nantajansa Bayern M\u00fcnchenin hankkimaan markkinoilta liettualaisen t\u00e4htipelaajan <strong class=\"aw-ak79eh KyCXm yle__article__strong\">Rokas<\/strong> <strong class=\"aw-ak79eh KyCXm yle__article__strong\">Jokubaitisin<\/strong>.<\/p>\n<p class=\"aw-1gybjub aw-1p7kakr cmIuaG fmSRng yle__article__paragraph\">Kun t\u00e4t\u00e4 talutettiin kesken EM-kisojen Suomi-ottelun pukuhuoneeseen, Herbertille oli selv\u00e4\u00e4, ett\u00e4 t\u00e4hti vahvistaa Bayernia vasta kaudella 2026-2027.<\/p>\n<p><img decoding=\"async\" alt=\"Koripalloilija Rokas Jokubaitis.\" src=\"https:\/\/www.europesays.com\/fi\/wp-content\/uploads\/2025\/09\/39-152067068c26f121d4a1.jpeg\" loading=\"lazy\" class=\"aw-1l9m598 hKVVvP\"\/><\/p>\n<p>Avaa kuvien katselu<\/p>\n<p>Bayern M\u00fcnchenin p\u00e4\u00e4valmentajan Gordon Herbertin markkinoilta nappaaman liettualaist\u00e4hden Rokas Jokubaitisin EM-kisat p\u00e4\u00e4ttyiv\u00e4t tylysti Suomea vastaan. Polven eturistiside hajalle ja kausi ohi. Kuva: IMAGO\/Alexander Trienitz\/ All Over Press<\/p>\n<p class=\"aw-1gybjub aw-1p7kakr cmIuaG fmSRng yle__article__paragraph\">Polven eturistisidevamma pit\u00e4\u00e4 h\u00e4net alkavan kauden sivussa, eik\u00e4 Herbert ilmaissut n\u00e4kemyst\u00e4\u00e4n huippupelaajien kuormasta <a class=\"aw-iao6s4 iHOxEa yle__article__link\" href=\"https:\/\/yle.fi\/a\/74-20180904\" role=\"link\" rel=\"nofollow noopener\" target=\"_blank\">niin sanotusti<\/a> kukkasin Yle Urheilun haastattelussa.<\/p>\n<p>Karmea tapahtuma Chibassa<\/p>\n<p class=\"aw-1gybjub aw-1p7kakr cmIuaG fmSRng yle__article__paragraph\">V\u00e4h\u00e4n my\u00f6hemmin tapahtui japanilaisessa Chiban kaupungissa Suur-Tokion metropolialueella toisen urheilijan kannalta yht\u00e4 ik\u00e4vi\u00e4 asioita.<\/p>\n<p class=\"aw-1gybjub aw-1p7kakr cmIuaG fmSRng yle__article__paragraph\">Ja kas kummaa, Chiba oli se kaupunki, jonka <a class=\"aw-iao6s4 iHOxEa yle__article__link\" href=\"https:\/\/yle.fi\/a\/74-20100465\" role=\"link\" rel=\"nofollow noopener\" target=\"_blank\">Superliiga-joukkueeseen<\/a> Herbert oli jo sopimuksella sitoutunut ennen kuin Baijerin j\u00e4ttil\u00e4isen seireenilaulu k\u00e4vi liian houkuttelevaksi.<\/p>\n<p class=\"aw-1gybjub aw-1p7kakr cmIuaG fmSRng yle__article__paragraph\">Kauden, saati yleisurheilukauden, huikeimpiin suomalaistarinoihin kuuluva <strong class=\"aw-ak79eh KyCXm yle__article__strong\">Nooralotta Neziri<\/strong> kompuroi MM-viimeistelytreeneiss\u00e4\u00e4n aitoihin ep\u00e4onnisesti ja nyt liiankin tunnetuin seurauksin.<\/p>\n<p>Kyyn\u00e4rsauvat Suomesta<\/p>\n<p class=\"aw-1gybjub aw-1p7kakr cmIuaG fmSRng yle__article__paragraph\">Porilainen ei poistunut Japanista uransa nelj\u00e4nnen MM-kokemuksen kera, vaan toisena tuliaisenaan leikkaushoitoa vaativa polvivamma, toisena l\u00e4\u00e4k\u00e4rin Suomesta tuomat kyyn\u00e4rsauvat.<\/p>\n<p><img decoding=\"async\" alt=\"Aitajuoksija Nooralotta Neziri.\" src=\"https:\/\/www.europesays.com\/fi\/wp-content\/uploads\/2025\/09\/39-149287568713477d25ff.jpeg\" loading=\"lazy\" class=\"aw-1l9m598 hKVVvP\"\/><\/p>\n<p>Avaa kuvien katselu<\/p>\n<p>Nooralotta Neziri putosi 2018 Berliiniss\u00e4 EM-finaalista vasta tuhannesosien vertailussa. Kuva: EPA-EFE<\/p>\n<p class=\"aw-1gybjub aw-1p7kakr cmIuaG fmSRng yle__article__paragraph\">Kun Yle Urheilu <a class=\"aw-iao6s4 iHOxEa yle__article__link\" href=\"https:\/\/yle.fi\/a\/74-20172269\" role=\"link\" rel=\"nofollow noopener\" target=\"_blank\">jokin aika sitten<\/a> Joensuussa haastatteli Neziri\u00e4, teema oli mielenkiintoinen. Nainen oli onnistunut parantamaan 100 metrin aitajuoksun enn\u00e4tyst\u00e4\u00e4n kahdeksan vuoden ja 361 p\u00e4iv\u00e4n v\u00e4lein. Teko on Suomessa huipputason yleisurheilussa historiaa, kuten jutun ohesta l\u00f6ytyv\u00e4 taulukko kertoo.<\/p>\n<p class=\"aw-1gybjub aw-1p7kakr cmIuaG fmSRng yle__article__paragraph\">Vaikka MM-kisapaikka oli Joensuun GP:hen menness\u00e4 k\u00e4yt\u00e4nn\u00f6ss\u00e4 jo taskussa, Nezirin ajatus kantoi jo kauemmas \u2013 sinne, miss\u00e4 absoluuttinen huippumenestyminen on realismia my\u00f6s suomalaisille aitajuoksijoille. MM- ja olympiatasolla p\u00e4\u00e4 osuu realismin kattoon jo v\u00e4lieriss\u00e4.<\/p>\n<p>EM-finaali 2026 tavoitteena<\/p>\n<p class=\"aw-1gybjub aw-1p7kakr cmIuaG fmSRng yle__article__paragraph\">Birmingham <a class=\"aw-iao6s4 iHOxEa yle__article__link\" href=\"https:\/\/www.european-athletics.com\/home\/competitions\/european-athletics-championships\/overview\" role=\"link\" rel=\"nofollow noopener\" target=\"_blank\">j\u00e4rjest\u00e4\u00e4 EM-kisat <\/a>ensi elokuussa. Seitsem\u00e4n vuotta sitten Neziri putosi EM-finaalista Berliiniss\u00e4 tuhannesosavertailussa. Ensi vuonna h\u00e4n olisi enn\u00e4tystasollaan tai aivan sen tuntumassakin mennyt finaaliin ja taistellut siell\u00e4 jopa mitalista.<\/p>\n<p class=\"aw-1gybjub aw-1p7kakr cmIuaG fmSRng yle__article__paragraph\">Olisi ja olisi. Yle Urheilun tietojen mukaan Nezirilt\u00e4 hajosi Chibassa nimenomaan ja ainakin eturistiside. Er\u00e4\u00e4n kyseisen vamman hoitoon perehtyneen ortopedin mukaan faktat ovat j\u00e4\u00e4kylmi\u00e4. Kyseinen vamma leikataan tyypillisesti vasta 5-8 viikkoa syntyhetkest\u00e4. Operaation j\u00e4lkeen seitsem\u00e4n kuukauden p\u00e4\u00e4st\u00e4 on mahdollista kevyt lajitreeni, yhdeks\u00e4n kuukauden p\u00e4\u00e4st\u00e4 menn\u00e4\u00e4n t\u00e4ysill\u00e4. Jos kaikki on mennyt kuntoutuksessa hyvin.<\/p>\n<p class=\"aw-1gybjub aw-1p7kakr cmIuaG fmSRng yle__article__paragraph\">Kalenteri on armoton.<\/p>\n<p class=\"aw-1gybjub aw-1p7kakr cmIuaG fmSRng yle__article__paragraph\">Vaikka yleisurheilu on yksil\u00f6urheilua armottomimmillaan, Neziri on urheilija, jolla t\u00e4t\u00e4 kohtaloa ei kukaan MM-joukkueen j\u00e4sen olisi suonut. Kollegat jos ketk\u00e4 tajuavat, millaisesta montusta viisi valmentajanvaihtoa vuodesta 2017 tehnyt porilainen oli kiskonut itsens\u00e4 kuiville.<\/p>\n<p class=\"aw-1gybjub aw-1p7kakr cmIuaG fmSRng yle__article__paragraph\">Sitten omilla, suuresti ep\u00e4illyill\u00e4, opeilla ja ohjelmilla enn\u00e4tysparannus l\u00e4hes yhdeks\u00e4n vuoden j\u00e4lkeen, arvokisoissa kuuden vuoden tauon j\u00e4lkeen. Pidettyn\u00e4, kunnioitettuna ja arvostettuna joukkueen veteraanina, joka debytoi aikuisten arvokisoissa jo yli 13 vuotta sitten.<\/p>\n<p><img decoding=\"async\" alt=\"Saara Keskitalo, Nooralotta Neziri ja Lotta Harala poseeraavat Suomen lipun kanssa.\" src=\"https:\/\/www.europesays.com\/fi\/wp-content\/uploads\/2025\/08\/39-151144368aa1ce6104f4.jpeg\" loading=\"lazy\" class=\"aw-1l9m598 hKVVvP\"\/><\/p>\n<p>Avaa kuvien katselu<\/p>\n<p>Keskimm\u00e4inen eli Nooralotta Neziri on joukosta poissa, kun naisten pika-aidat k\u00e4ynnistyv\u00e4t Tokiossa lauantaina. Vain Saara Keskitalo (vas.) ja Lotta Harala edustavat kilpailussa Suomea, kun Reetta Hurske ei varasijalta ottanut paikkaa vastaan. Kuva: Lehtikuva<\/p>\n<p class=\"aw-1gybjub aw-1p7kakr cmIuaG fmSRng yle__article__paragraph\">Jo t\u00e4m\u00e4 oli upeaa suomalaista yleisurheiluhistoriaa. Jos Neziri raahautuu viel\u00e4 t\u00e4st\u00e4 montusta kansallisen huipputason kautta arvokisatasolle, kyse olisi jo elokuvan arvoisesta teosta.<\/p>\n","protected":false},"excerpt":{"rendered":"Nooralotta Nezirin paluu huipulle oli kauden hienoimpia urheilusaagoja. Vakava polvivamma tuhosi kuitenkin pahimmillaan kaksi unelmaa, kirjoittaa Yle Urheilun&hellip;\n","protected":false},"author":2,"featured_media":31860,"comment_status":"","ping_status":"","sticky":false,"template":"","format":"standard","meta":{"footnotes":""},"categories":[5],"tags":[5784,22,23,26,27,33,31,30,17,24,25,28,29,15,5786,18,21,32,19,20,160,16,162,2610],"class_list":{"0":"post-31859","1":"post","2":"type-post","3":"status-publish","4":"format-standard","5":"has-post-thumbnail","7":"category-otsikot","8":"tag-aitajuoksu","9":"tag-breaking-news","10":"tag-breakingnews","11":"tag-featured-news","12":"tag-featurednews","13":"tag-fi","14":"tag-finland","15":"tag-finnish","16":"tag-headlines","17":"tag-latest-news","18":"tag-latestnews","19":"tag-main-news","20":"tag-mainnews","21":"tag-news","22":"tag-nooralotta-neziri","23":"tag-otsikot","24":"tag-paauutiset","25":"tag-suomi","26":"tag-top-stories","27":"tag-topstories","28":"tag-urheilu","29":"tag-uutiset","30":"tag-yleisurheilu","31":"tag-yleisurheilun-mm-kilpailut"},"share_on_mastodon":{"url":"","error":""},"_links":{"self":[{"href":"https:\/\/www.europesays.com\/fi\/wp-json\/wp\/v2\/posts\/31859","targetHints":{"allow":["GET"]}}],"collection":[{"href":"https:\/\/www.europesays.com\/fi\/wp-json\/wp\/v2\/posts"}],"about":[{"href":"https:\/\/www.europesays.com\/fi\/wp-json\/wp\/v2\/types\/post"}],"author":[{"embeddable":true,"href":"https:\/\/www.europesays.com\/fi\/wp-json\/wp\/v2\/users\/2"}],"replies":[{"embeddable":true,"href":"https:\/\/www.europesays.com\/fi\/wp-json\/wp\/v2\/comments?post=31859"}],"version-history":[{"count":0,"href":"https:\/\/www.europesays.com\/fi\/wp-json\/wp\/v2\/posts\/31859\/revisions"}],"wp:featuredmedia":[{"embeddable":true,"href":"https:\/\/www.europesays.com\/fi\/wp-json\/wp\/v2\/media\/31860"}],"wp:attachment":[{"href":"https:\/\/www.europesays.com\/fi\/wp-json\/wp\/v2\/media?parent=31859"}],"wp:term":[{"taxonomy":"category","embeddable":true,"href":"https:\/\/www.europesays.com\/fi\/wp-json\/wp\/v2\/categories?post=31859"},{"taxonomy":"post_tag","embeddable":true,"href":"https:\/\/www.europesays.com\/fi\/wp-json\/wp\/v2\/tags?post=31859"}],"curies":[{"name":"wp","href":"https:\/\/api.w.org\/{rel}","templated":true}]}}